{"id":7031,"date":"2026-04-29T16:11:36","date_gmt":"2026-04-29T14:11:36","guid":{"rendered":"https:\/\/enlite.de\/?p=7031"},"modified":"2026-04-30T12:31:31","modified_gmt":"2026-04-30T10:31:31","slug":"unser-erster-training-day-des-jahres-2026-rueckblick","status":"publish","type":"post","link":"https:\/\/enlite.de\/en\/unser-erster-training-day-des-jahres-2026-rueckblick\/","title":{"rendered":"Unser erster Training Day des Jahres 2026 \u2013 R\u00fcckblick"},"content":{"rendered":"<p>Wissen teilen, gemeinsam lernen und neue Impulse setzen: Unter diesem Leitgedanken fand unser erster Training Day des Jahres an den Standorten Berlin, Hamburg und Essen statt. Kolleginnen und Kollegen kamen zusammen, um sich auszutauschen, Methodenkompetenz zu st\u00e4rken und aktuelle Zukunftsthemen zu diskutieren.<\/p>\n<h3 style=\"margin-bottom: 10px\">Methodische Grundlagen als gemeinsamer Start<\/h3>\n<p>Zum Auftakt diente eine kurze praktische \u00dcbung als Einstieg in den Tag. Sie machte deutlich, wie wichtig eine gemeinsame Methodenbasis ist, und schuf eine gute Grundlage f\u00fcr die weiteren Inhalte.<\/p>\n<h3 style=\"margin-bottom: 10px\">K\u00fcnstliche Intelligenz: Impulse und Leitlinien<\/h3>\n<p>Anschlie\u00dfend folgten Impulse rund um K\u00fcnstliche Intelligenz. Im Mittelpunkt stand unser k\u00fcrzlich entwickelter KI\u2011Leitfaden, der den Rahmen f\u00fcr den Austausch \u00fcber einen sinnvollen und praxisnahen Einsatz von KI bildete. Dabei wurde deutlich, dass das Interesse am Thema gro\u00df ist und viele Chancen gesehen werden.<\/p>\n<h3 style=\"margin-bottom: 10px\">Praxis am Nachmittag: Wasserstoff-Fallstudien<\/h3>\n<p>Am Nachmittag arbeiteten die Teilnehmenden in Gruppen an Wasserstoff-Fallstudien und nutzten dabei unterschiedliche KI\u2011Ans\u00e4tze. Die Ergebnisse wurden im Anschluss vorgestellt und diskutiert. Abgerundet wurde der Tag durch einen Ausblick auf zentrale Wasserstoffprojekte.<\/p>\n<h3 style=\"margin-bottom: 10px\">Ein kleines Highlight mit Augenzwinkern<\/h3>\n<p>Ein verstecktes \u201eEaster Egg\u201c in einer Pr\u00e4sentation sorgte f\u00fcr zus\u00e4tzliche Aufmerksamkeit \u2013 inklusive Schokoladenei f\u00fcr den Finder.<\/p>\n<p>&nbsp;<\/p>\n<p>Wir bedanken uns herzlich bei allen Kolleginnen und Kollegen f\u00fcr den engagierten Austausch und freuen uns auf die n\u00e4chsten Training Days.<\/p>","protected":false},"excerpt":{"rendered":"<p>Wissen teilen, gemeinsam lernen und neue Impulse setzen: Unter diesem  [&#8230;]<\/p>\n","protected":false},"author":3,"featured_media":7041,"comment_status":"closed","ping_status":"closed","sticky":false,"template":"","format":"standard","meta":{"footnotes":""},"categories":[1],"tags":[],"class_list":["post-7031","post","type-post","status-publish","format-standard","has-post-thumbnail","hentry","category-allgemein"],"yoast_head":"<!-- This site is optimized with the Yoast SEO plugin v27.5 - https:\/\/yoast.com\/product\/yoast-seo-wordpress\/ -->\n<title>Unser erster Training Day des Jahres 2026 \u2013 R\u00fcckblick<\/title>\n<meta name=\"description\" content=\"R\u00fcckblick auf den Training Day 2026: Ein Tag im Zeichen von Austausch, gemeinsamer Weiterbildung und der Arbeit an aktuellen Zukunftsthemen.\" \/>\n<meta name=\"robots\" content=\"index, follow, max-snippet:-1, max-image-preview:large, max-video-preview:-1\" \/>\n<link rel=\"canonical\" href=\"https:\/\/enlite.de\/en\/unser-erster-training-day-des-jahres-2026-rueckblick\/\" \/>\n<meta property=\"og:locale\" content=\"en_US\" \/>\n<meta property=\"og:type\" content=\"article\" \/>\n<meta property=\"og:title\" content=\"Unser erster Training Day des Jahres 2026 \u2013 R\u00fcckblick\" \/>\n<meta property=\"og:description\" content=\"R\u00fcckblick auf den Training Day 2026: Ein Tag im Zeichen von Austausch, gemeinsamer Weiterbildung und der Arbeit an aktuellen Zukunftsthemen.\" \/>\n<meta property=\"og:url\" content=\"https:\/\/enlite.de\/en\/unser-erster-training-day-des-jahres-2026-rueckblick\/\" \/>\n<meta property=\"og:site_name\" content=\"ENLITE Management and Engineering\" \/>\n<meta property=\"article:published_time\" content=\"2026-04-29T14:11:36+00:00\" \/>\n<meta property=\"article:modified_time\" content=\"2026-04-30T10:31:31+00:00\" \/>\n<meta property=\"og:image\" content=\"https:\/\/enlite.de\/wp-content\/uploads\/sites\/6\/2026\/04\/Training-Day-Website1.png\" \/>\n\t<meta property=\"og:image:width\" content=\"900\" \/>\n\t<meta property=\"og:image:height\" content=\"500\" \/>\n\t<meta property=\"og:image:type\" content=\"image\/png\" \/>\n<meta name=\"author\" content=\"Redaktion\" \/>\n<meta name=\"twitter:card\" content=\"summary_large_image\" \/>\n<meta name=\"twitter:label1\" content=\"Written by\" \/>\n\t<meta name=\"twitter:data1\" content=\"Redaktion\" \/>\n\t<meta name=\"twitter:label2\" content=\"Est. reading time\" \/>\n\t<meta name=\"twitter:data2\" content=\"2 minutes\" \/>\n<script type=\"application\/ld+json\" class=\"yoast-schema-graph\">{\"@context\":\"https:\\\/\\\/schema.org\",\"@graph\":[{\"@type\":\"Article\",\"@id\":\"https:\\\/\\\/enlite.de\\\/unser-erster-training-day-des-jahres-2026-rueckblick\\\/#article\",\"isPartOf\":{\"@id\":\"https:\\\/\\\/enlite.de\\\/unser-erster-training-day-des-jahres-2026-rueckblick\\\/\"},\"author\":{\"name\":\"Redaktion\",\"@id\":\"https:\\\/\\\/enlite.de\\\/#\\\/schema\\\/person\\\/52a79322edcd94cd0015dce06caefac1\"},\"headline\":\"Unser erster Training Day des Jahres 2026 \u2013 R\u00fcckblick\",\"datePublished\":\"2026-04-29T14:11:36+00:00\",\"dateModified\":\"2026-04-30T10:31:31+00:00\",\"mainEntityOfPage\":{\"@id\":\"https:\\\/\\\/enlite.de\\\/unser-erster-training-day-des-jahres-2026-rueckblick\\\/\"},\"wordCount\":229,\"image\":{\"@id\":\"https:\\\/\\\/enlite.de\\\/unser-erster-training-day-des-jahres-2026-rueckblick\\\/#primaryimage\"},\"thumbnailUrl\":\"https:\\\/\\\/enlite.de\\\/wp-content\\\/uploads\\\/sites\\\/6\\\/2026\\\/04\\\/Training-Day-Website1.png\",\"articleSection\":[\"Allgemein\"],\"inLanguage\":\"en-US\"},{\"@type\":\"WebPage\",\"@id\":\"https:\\\/\\\/enlite.de\\\/unser-erster-training-day-des-jahres-2026-rueckblick\\\/\",\"url\":\"https:\\\/\\\/enlite.de\\\/unser-erster-training-day-des-jahres-2026-rueckblick\\\/\",\"name\":\"Unser erster Training Day des Jahres 2026 \u2013 R\u00fcckblick\",\"isPartOf\":{\"@id\":\"https:\\\/\\\/enlite.de\\\/#website\"},\"primaryImageOfPage\":{\"@id\":\"https:\\\/\\\/enlite.de\\\/unser-erster-training-day-des-jahres-2026-rueckblick\\\/#primaryimage\"},\"image\":{\"@id\":\"https:\\\/\\\/enlite.de\\\/unser-erster-training-day-des-jahres-2026-rueckblick\\\/#primaryimage\"},\"thumbnailUrl\":\"https:\\\/\\\/enlite.de\\\/wp-content\\\/uploads\\\/sites\\\/6\\\/2026\\\/04\\\/Training-Day-Website1.png\",\"datePublished\":\"2026-04-29T14:11:36+00:00\",\"dateModified\":\"2026-04-30T10:31:31+00:00\",\"author\":{\"@id\":\"https:\\\/\\\/enlite.de\\\/#\\\/schema\\\/person\\\/52a79322edcd94cd0015dce06caefac1\"},\"description\":\"R\u00fcckblick auf den Training Day 2026: Ein Tag im Zeichen von Austausch, gemeinsamer Weiterbildung und der Arbeit an aktuellen Zukunftsthemen.\",\"breadcrumb\":{\"@id\":\"https:\\\/\\\/enlite.de\\\/unser-erster-training-day-des-jahres-2026-rueckblick\\\/#breadcrumb\"},\"inLanguage\":\"en-US\",\"potentialAction\":[{\"@type\":\"ReadAction\",\"target\":[\"https:\\\/\\\/enlite.de\\\/unser-erster-training-day-des-jahres-2026-rueckblick\\\/\"]}]},{\"@type\":\"ImageObject\",\"inLanguage\":\"en-US\",\"@id\":\"https:\\\/\\\/enlite.de\\\/unser-erster-training-day-des-jahres-2026-rueckblick\\\/#primaryimage\",\"url\":\"https:\\\/\\\/enlite.de\\\/wp-content\\\/uploads\\\/sites\\\/6\\\/2026\\\/04\\\/Training-Day-Website1.png\",\"contentUrl\":\"https:\\\/\\\/enlite.de\\\/wp-content\\\/uploads\\\/sites\\\/6\\\/2026\\\/04\\\/Training-Day-Website1.png\",\"width\":900,\"height\":500},{\"@type\":\"BreadcrumbList\",\"@id\":\"https:\\\/\\\/enlite.de\\\/unser-erster-training-day-des-jahres-2026-rueckblick\\\/#breadcrumb\",\"itemListElement\":[{\"@type\":\"ListItem\",\"position\":1,\"name\":\"Startseite\",\"item\":\"https:\\\/\\\/enlite.de\\\/\"},{\"@type\":\"ListItem\",\"position\":2,\"name\":\"Unser erster Training Day des Jahres 2026 \u2013 R\u00fcckblick\"}]},{\"@type\":\"WebSite\",\"@id\":\"https:\\\/\\\/enlite.de\\\/#website\",\"url\":\"https:\\\/\\\/enlite.de\\\/\",\"name\":\"ENLITE Management and Engineering\",\"description\":\"\",\"potentialAction\":[{\"@type\":\"SearchAction\",\"target\":{\"@type\":\"EntryPoint\",\"urlTemplate\":\"https:\\\/\\\/enlite.de\\\/?s={search_term_string}\"},\"query-input\":{\"@type\":\"PropertyValueSpecification\",\"valueRequired\":true,\"valueName\":\"search_term_string\"}}],\"inLanguage\":\"en-US\"},{\"@type\":\"Person\",\"@id\":\"https:\\\/\\\/enlite.de\\\/#\\\/schema\\\/person\\\/52a79322edcd94cd0015dce06caefac1\",\"name\":\"Redaktion\",\"image\":{\"@type\":\"ImageObject\",\"inLanguage\":\"en-US\",\"@id\":\"https:\\\/\\\/secure.gravatar.com\\\/avatar\\\/114afc5f9a8d6580738c5a81ff48185fbfb3142f7bbe3fc62429ffeb8b816b6a?s=96&d=mm&r=g\",\"url\":\"https:\\\/\\\/secure.gravatar.com\\\/avatar\\\/114afc5f9a8d6580738c5a81ff48185fbfb3142f7bbe3fc62429ffeb8b816b6a?s=96&d=mm&r=g\",\"contentUrl\":\"https:\\\/\\\/secure.gravatar.com\\\/avatar\\\/114afc5f9a8d6580738c5a81ff48185fbfb3142f7bbe3fc62429ffeb8b816b6a?s=96&d=mm&r=g\",\"caption\":\"Redaktion\"},\"url\":\"https:\\\/\\\/enlite.de\\\/en\\\/author\\\/redaktion\\\/\"}]}<\/script>\n<!-- \/ Yoast SEO plugin. -->","yoast_head_json":{"title":"Unser erster Training Day des Jahres 2026 \u2013 R\u00fcckblick","description":"R\u00fcckblick auf den Training Day 2026: Ein Tag im Zeichen von Austausch, gemeinsamer Weiterbildung und der Arbeit an aktuellen Zukunftsthemen.","robots":{"index":"index","follow":"follow","max-snippet":"max-snippet:-1","max-image-preview":"max-image-preview:large","max-video-preview":"max-video-preview:-1"},"canonical":"https:\/\/enlite.de\/en\/unser-erster-training-day-des-jahres-2026-rueckblick\/","og_locale":"en_US","og_type":"article","og_title":"Unser erster Training Day des Jahres 2026 \u2013 R\u00fcckblick","og_description":"R\u00fcckblick auf den Training Day 2026: Ein Tag im Zeichen von Austausch, gemeinsamer Weiterbildung und der Arbeit an aktuellen Zukunftsthemen.","og_url":"https:\/\/enlite.de\/en\/unser-erster-training-day-des-jahres-2026-rueckblick\/","og_site_name":"ENLITE Management and Engineering","article_published_time":"2026-04-29T14:11:36+00:00","article_modified_time":"2026-04-30T10:31:31+00:00","og_image":[{"width":900,"height":500,"url":"https:\/\/enlite.de\/wp-content\/uploads\/sites\/6\/2026\/04\/Training-Day-Website1.png","type":"image\/png"}],"author":"Redaktion","twitter_card":"summary_large_image","twitter_misc":{"Written by":"Redaktion","Est. reading time":"2 minutes"},"schema":{"@context":"https:\/\/schema.org","@graph":[{"@type":"Article","@id":"https:\/\/enlite.de\/unser-erster-training-day-des-jahres-2026-rueckblick\/#article","isPartOf":{"@id":"https:\/\/enlite.de\/unser-erster-training-day-des-jahres-2026-rueckblick\/"},"author":{"name":"Redaktion","@id":"https:\/\/enlite.de\/#\/schema\/person\/52a79322edcd94cd0015dce06caefac1"},"headline":"Unser erster Training Day des Jahres 2026 \u2013 R\u00fcckblick","datePublished":"2026-04-29T14:11:36+00:00","dateModified":"2026-04-30T10:31:31+00:00","mainEntityOfPage":{"@id":"https:\/\/enlite.de\/unser-erster-training-day-des-jahres-2026-rueckblick\/"},"wordCount":229,"image":{"@id":"https:\/\/enlite.de\/unser-erster-training-day-des-jahres-2026-rueckblick\/#primaryimage"},"thumbnailUrl":"https:\/\/enlite.de\/wp-content\/uploads\/sites\/6\/2026\/04\/Training-Day-Website1.png","articleSection":["Allgemein"],"inLanguage":"en-US"},{"@type":"WebPage","@id":"https:\/\/enlite.de\/unser-erster-training-day-des-jahres-2026-rueckblick\/","url":"https:\/\/enlite.de\/unser-erster-training-day-des-jahres-2026-rueckblick\/","name":"Unser erster Training Day des Jahres 2026 \u2013 R\u00fcckblick","isPartOf":{"@id":"https:\/\/enlite.de\/#website"},"primaryImageOfPage":{"@id":"https:\/\/enlite.de\/unser-erster-training-day-des-jahres-2026-rueckblick\/#primaryimage"},"image":{"@id":"https:\/\/enlite.de\/unser-erster-training-day-des-jahres-2026-rueckblick\/#primaryimage"},"thumbnailUrl":"https:\/\/enlite.de\/wp-content\/uploads\/sites\/6\/2026\/04\/Training-Day-Website1.png","datePublished":"2026-04-29T14:11:36+00:00","dateModified":"2026-04-30T10:31:31+00:00","author":{"@id":"https:\/\/enlite.de\/#\/schema\/person\/52a79322edcd94cd0015dce06caefac1"},"description":"R\u00fcckblick auf den Training Day 2026: Ein Tag im Zeichen von Austausch, gemeinsamer Weiterbildung und der Arbeit an aktuellen Zukunftsthemen.","breadcrumb":{"@id":"https:\/\/enlite.de\/unser-erster-training-day-des-jahres-2026-rueckblick\/#breadcrumb"},"inLanguage":"en-US","potentialAction":[{"@type":"ReadAction","target":["https:\/\/enlite.de\/unser-erster-training-day-des-jahres-2026-rueckblick\/"]}]},{"@type":"ImageObject","inLanguage":"en-US","@id":"https:\/\/enlite.de\/unser-erster-training-day-des-jahres-2026-rueckblick\/#primaryimage","url":"https:\/\/enlite.de\/wp-content\/uploads\/sites\/6\/2026\/04\/Training-Day-Website1.png","contentUrl":"https:\/\/enlite.de\/wp-content\/uploads\/sites\/6\/2026\/04\/Training-Day-Website1.png","width":900,"height":500},{"@type":"BreadcrumbList","@id":"https:\/\/enlite.de\/unser-erster-training-day-des-jahres-2026-rueckblick\/#breadcrumb","itemListElement":[{"@type":"ListItem","position":1,"name":"Startseite","item":"https:\/\/enlite.de\/"},{"@type":"ListItem","position":2,"name":"Unser erster Training Day des Jahres 2026 \u2013 R\u00fcckblick"}]},{"@type":"WebSite","@id":"https:\/\/enlite.de\/#website","url":"https:\/\/enlite.de\/","name":"ENLITE Management and Engineering","description":"","potentialAction":[{"@type":"SearchAction","target":{"@type":"EntryPoint","urlTemplate":"https:\/\/enlite.de\/?s={search_term_string}"},"query-input":{"@type":"PropertyValueSpecification","valueRequired":true,"valueName":"search_term_string"}}],"inLanguage":"en-US"},{"@type":"Person","@id":"https:\/\/enlite.de\/#\/schema\/person\/52a79322edcd94cd0015dce06caefac1","name":"Redaktion","image":{"@type":"ImageObject","inLanguage":"en-US","@id":"https:\/\/secure.gravatar.com\/avatar\/114afc5f9a8d6580738c5a81ff48185fbfb3142f7bbe3fc62429ffeb8b816b6a?s=96&d=mm&r=g","url":"https:\/\/secure.gravatar.com\/avatar\/114afc5f9a8d6580738c5a81ff48185fbfb3142f7bbe3fc62429ffeb8b816b6a?s=96&d=mm&r=g","contentUrl":"https:\/\/secure.gravatar.com\/avatar\/114afc5f9a8d6580738c5a81ff48185fbfb3142f7bbe3fc62429ffeb8b816b6a?s=96&d=mm&r=g","caption":"Redaktion"},"url":"https:\/\/enlite.de\/en\/author\/redaktion\/"}]}},"_links":{"self":[{"href":"https:\/\/enlite.de\/en\/wp-json\/wp\/v2\/posts\/7031","targetHints":{"allow":["GET"]}}],"collection":[{"href":"https:\/\/enlite.de\/en\/wp-json\/wp\/v2\/posts"}],"about":[{"href":"https:\/\/enlite.de\/en\/wp-json\/wp\/v2\/types\/post"}],"author":[{"embeddable":true,"href":"https:\/\/enlite.de\/en\/wp-json\/wp\/v2\/users\/3"}],"replies":[{"embeddable":true,"href":"https:\/\/enlite.de\/en\/wp-json\/wp\/v2\/comments?post=7031"}],"version-history":[{"count":3,"href":"https:\/\/enlite.de\/en\/wp-json\/wp\/v2\/posts\/7031\/revisions"}],"predecessor-version":[{"id":7032,"href":"https:\/\/enlite.de\/en\/wp-json\/wp\/v2\/posts\/7031\/revisions\/7032"}],"wp:featuredmedia":[{"embeddable":true,"href":"https:\/\/enlite.de\/en\/wp-json\/wp\/v2\/media\/7041"}],"wp:attachment":[{"href":"https:\/\/enlite.de\/en\/wp-json\/wp\/v2\/media?parent=7031"}],"wp:term":[{"taxonomy":"category","embeddable":true,"href":"https:\/\/enlite.de\/en\/wp-json\/wp\/v2\/categories?post=7031"},{"taxonomy":"post_tag","embeddable":true,"href":"https:\/\/enlite.de\/en\/wp-json\/wp\/v2\/tags?post=7031"}],"curies":[{"name":"wp","href":"https:\/\/api.w.org\/{rel}","templated":true}]}}