{"id":6816,"date":"2026-01-21T14:42:32","date_gmt":"2026-01-21T13:42:32","guid":{"rendered":"https:\/\/enlite.de\/?p=6816"},"modified":"2026-03-11T10:37:54","modified_gmt":"2026-03-11T09:37:54","slug":"enlite-ist-wieder-auf-dem-handelsblatt-energie-gipfel-2026","status":"publish","type":"post","link":"https:\/\/enlite.de\/en\/enlite-ist-wieder-auf-dem-handelsblatt-energie-gipfel-2026\/","title":{"rendered":"ENLITE ist wieder auf dem Handelsblatt-Energie Gipfel 2026 in Berlin"},"content":{"rendered":"<div class=\"fusion-fullwidth fullwidth-box fusion-builder-row-1 fusion-flex-container nonhundred-percent-fullwidth non-hundred-percent-height-scrolling\" style=\"--awb-border-radius-top-left:0px;--awb-border-radius-top-right:0px;--awb-border-radius-bottom-right:0px;--awb-border-radius-bottom-left:0px;--awb-padding-right:0px;--awb-padding-left:0px;--awb-flex-wrap:wrap;\" ><div class=\"fusion-builder-row fusion-row fusion-flex-align-items-flex-start fusion-flex-content-wrap\" style=\"max-width:1331.2px;margin-left: calc(-4% \/ 2 );margin-right: calc(-4% \/ 2 );\"><div class=\"fusion-layout-column fusion_builder_column fusion-builder-column-0 fusion_builder_column_1_1 1_1 fusion-flex-column\" style=\"--awb-bg-blend:overlay;--awb-bg-size:cover;--awb-width-large:100%;--awb-margin-top-large:0px;--awb-spacing-right-large:1.92%;--awb-margin-bottom-large:0px;--awb-spacing-left-large:1.92%;--awb-width-medium:100%;--awb-spacing-right-medium:1.92%;--awb-spacing-left-medium:1.92%;--awb-width-small:100%;--awb-spacing-right-small:1.92%;--awb-spacing-left-small:1.92%;\"><div class=\"fusion-column-wrapper fusion-flex-justify-content-flex-start fusion-content-layout-column\"><div class=\"fusion-text fusion-text-1\"><p>Vom 27. bis 29. Januar findet der Handelsblatt Energie\u2011Gipfel im bcc Berlin Congress Center statt \u2013 einer der zentralen Treffpunkte f\u00fcr Entscheider:innen der Energiewirtschaft. Auch dieses Jahr sind wir vor Ort und freuen uns darauf, aktuelle Entwicklungen der Energiewende aus erster Hand mitzuerleben und mitzugestalten.<\/p>\n<p><strong>Besuchen Sie uns an Stand 7<\/strong><\/p>\n<p>Unser Team \u2013 Hendrik Langer, Jan-Paul Kupser, Dr. Thorsten Granzow und Dr. Georgios Ziogos \u2013 steht w\u00e4hrend der Veranstaltung f\u00fcr pers\u00f6nliche Gespr\u00e4che bereit. Nutzen Sie die Gelegenheit, Fragen zu stellen, Impulse mitzunehmen und \u00fcber die wichtigen Weichenstellungen der Energiebranche zu diskutieren.<\/p>\n<p><strong>Unser Angebot<\/strong><\/p>\n<p>Wir geben Ihnen einen kompakten Einblick in unsere Beratungs- und Unterst\u00fctzungsleistungen \u2013 unter anderem in folgenden Bereichen:<\/p>\n<ul>\n<li>Projektmanagement<\/li>\n<li>Integrated Management Systems<\/li>\n<li>Schulungen und Coachings<\/li>\n<\/ul>\n<p>Ob strategische Ausrichtung oder operative Umsetzung: Wir begleiten Unternehmen sicher durch die Anforderungen der Energiewende.<\/p>\n<p><strong>Wann und Wo?<\/strong><\/p>\n<p>Ort: bcc Berlin Congress Center<br \/>\nDatum: 27.\u201329. Januar<\/p>\n<p>Sie w\u00e4ren auch gerne dabei, haben aber noch keine Tickets? \u00dcber ENLITE bekommen Sie einen 15%-Rabatt auf ihren Ticketkauf. Verwenden Sie daf\u00fcr den Zugangscode <strong>99D2501515<\/strong> und tragen Sie ihn auf der <a href=\"https:\/\/live.handelsblatt.com\/event\/handelsblatt-energie-gipfel\/#anmeldung\" target=\"_blank\" rel=\"noopener noreferrer\">Anmeldeseite<\/a> ein.<\/p>\n<p>Wir freuen uns auf interessante Gespr\u00e4che und neue Eindr\u00fccke.<\/p>\n<\/div><\/div><\/div><\/div><\/div>","protected":false},"excerpt":{"rendered":"","protected":false},"author":3,"featured_media":6818,"comment_status":"open","ping_status":"closed","sticky":false,"template":"","format":"standard","meta":{"footnotes":""},"categories":[1],"tags":[],"class_list":["post-6816","post","type-post","status-publish","format-standard","has-post-thumbnail","hentry","category-allgemein"],"yoast_head":"<!-- This site is optimized with the Yoast SEO plugin v27.5 - https:\/\/yoast.com\/product\/yoast-seo-wordpress\/ -->\n<title>ENLITE ist wieder auf dem Handelsblatt-Energie Gipfel 2026<\/title>\n<meta name=\"description\" content=\"Vom 27. bis 29. Januar findet der Handelsblatt Energie Gipfel im bcc Berlin Congress Center statt \u2013 die ENLITE ist mit dabei.\" \/>\n<meta name=\"robots\" content=\"index, follow, max-snippet:-1, max-image-preview:large, max-video-preview:-1\" \/>\n<link rel=\"canonical\" href=\"https:\/\/enlite.de\/en\/enlite-ist-wieder-auf-dem-handelsblatt-energie-gipfel-2026\/\" \/>\n<meta property=\"og:locale\" content=\"en_US\" \/>\n<meta property=\"og:type\" content=\"article\" \/>\n<meta property=\"og:title\" content=\"ENLITE ist wieder auf dem Handelsblatt-Energie Gipfel 2026\" \/>\n<meta property=\"og:description\" content=\"Vom 27. bis 29. Januar findet der Handelsblatt Energie Gipfel im bcc Berlin Congress Center statt \u2013 die ENLITE ist mit dabei.\" \/>\n<meta property=\"og:url\" content=\"https:\/\/enlite.de\/en\/enlite-ist-wieder-auf-dem-handelsblatt-energie-gipfel-2026\/\" \/>\n<meta property=\"og:site_name\" content=\"ENLITE Management and Engineering\" \/>\n<meta property=\"article:published_time\" content=\"2026-01-21T13:42:32+00:00\" \/>\n<meta property=\"article:modified_time\" content=\"2026-03-11T09:37:54+00:00\" \/>\n<meta property=\"og:image\" content=\"https:\/\/enlite.de\/wp-content\/uploads\/sites\/6\/2026\/01\/Handelsblatt-Energie-Gipfel-Banner-Website.png\" \/>\n\t<meta property=\"og:image:width\" content=\"900\" \/>\n\t<meta property=\"og:image:height\" content=\"473\" \/>\n\t<meta property=\"og:image:type\" content=\"image\/png\" \/>\n<meta name=\"author\" content=\"Redaktion\" \/>\n<meta name=\"twitter:card\" content=\"summary_large_image\" \/>\n<meta name=\"twitter:label1\" content=\"Written by\" \/>\n\t<meta name=\"twitter:data1\" content=\"Redaktion\" \/>\n\t<meta name=\"twitter:label2\" content=\"Est. reading time\" \/>\n\t<meta name=\"twitter:data2\" content=\"2 minutes\" \/>\n<script type=\"application\/ld+json\" class=\"yoast-schema-graph\">{\"@context\":\"https:\\\/\\\/schema.org\",\"@graph\":[{\"@type\":\"Article\",\"@id\":\"https:\\\/\\\/enlite.de\\\/enlite-ist-wieder-auf-dem-handelsblatt-energie-gipfel-2026\\\/#article\",\"isPartOf\":{\"@id\":\"https:\\\/\\\/enlite.de\\\/enlite-ist-wieder-auf-dem-handelsblatt-energie-gipfel-2026\\\/\"},\"author\":{\"name\":\"Redaktion\",\"@id\":\"https:\\\/\\\/enlite.de\\\/#\\\/schema\\\/person\\\/52a79322edcd94cd0015dce06caefac1\"},\"headline\":\"ENLITE ist wieder auf dem Handelsblatt-Energie Gipfel 2026 in Berlin\",\"datePublished\":\"2026-01-21T13:42:32+00:00\",\"dateModified\":\"2026-03-11T09:37:54+00:00\",\"mainEntityOfPage\":{\"@id\":\"https:\\\/\\\/enlite.de\\\/enlite-ist-wieder-auf-dem-handelsblatt-energie-gipfel-2026\\\/\"},\"wordCount\":319,\"commentCount\":0,\"image\":{\"@id\":\"https:\\\/\\\/enlite.de\\\/enlite-ist-wieder-auf-dem-handelsblatt-energie-gipfel-2026\\\/#primaryimage\"},\"thumbnailUrl\":\"https:\\\/\\\/enlite.de\\\/wp-content\\\/uploads\\\/sites\\\/6\\\/2026\\\/01\\\/Handelsblatt-Energie-Gipfel-Banner-Website.png\",\"articleSection\":[\"Allgemein\"],\"inLanguage\":\"en-US\",\"potentialAction\":[{\"@type\":\"CommentAction\",\"name\":\"Comment\",\"target\":[\"https:\\\/\\\/enlite.de\\\/enlite-ist-wieder-auf-dem-handelsblatt-energie-gipfel-2026\\\/#respond\"]}]},{\"@type\":\"WebPage\",\"@id\":\"https:\\\/\\\/enlite.de\\\/enlite-ist-wieder-auf-dem-handelsblatt-energie-gipfel-2026\\\/\",\"url\":\"https:\\\/\\\/enlite.de\\\/enlite-ist-wieder-auf-dem-handelsblatt-energie-gipfel-2026\\\/\",\"name\":\"ENLITE ist wieder auf dem Handelsblatt-Energie Gipfel 2026\",\"isPartOf\":{\"@id\":\"https:\\\/\\\/enlite.de\\\/#website\"},\"primaryImageOfPage\":{\"@id\":\"https:\\\/\\\/enlite.de\\\/enlite-ist-wieder-auf-dem-handelsblatt-energie-gipfel-2026\\\/#primaryimage\"},\"image\":{\"@id\":\"https:\\\/\\\/enlite.de\\\/enlite-ist-wieder-auf-dem-handelsblatt-energie-gipfel-2026\\\/#primaryimage\"},\"thumbnailUrl\":\"https:\\\/\\\/enlite.de\\\/wp-content\\\/uploads\\\/sites\\\/6\\\/2026\\\/01\\\/Handelsblatt-Energie-Gipfel-Banner-Website.png\",\"datePublished\":\"2026-01-21T13:42:32+00:00\",\"dateModified\":\"2026-03-11T09:37:54+00:00\",\"author\":{\"@id\":\"https:\\\/\\\/enlite.de\\\/#\\\/schema\\\/person\\\/52a79322edcd94cd0015dce06caefac1\"},\"description\":\"Vom 27. bis 29. Januar findet der Handelsblatt Energie Gipfel im bcc Berlin Congress Center statt \u2013 die ENLITE ist mit dabei.\",\"breadcrumb\":{\"@id\":\"https:\\\/\\\/enlite.de\\\/enlite-ist-wieder-auf-dem-handelsblatt-energie-gipfel-2026\\\/#breadcrumb\"},\"inLanguage\":\"en-US\",\"potentialAction\":[{\"@type\":\"ReadAction\",\"target\":[\"https:\\\/\\\/enlite.de\\\/enlite-ist-wieder-auf-dem-handelsblatt-energie-gipfel-2026\\\/\"]}]},{\"@type\":\"ImageObject\",\"inLanguage\":\"en-US\",\"@id\":\"https:\\\/\\\/enlite.de\\\/enlite-ist-wieder-auf-dem-handelsblatt-energie-gipfel-2026\\\/#primaryimage\",\"url\":\"https:\\\/\\\/enlite.de\\\/wp-content\\\/uploads\\\/sites\\\/6\\\/2026\\\/01\\\/Handelsblatt-Energie-Gipfel-Banner-Website.png\",\"contentUrl\":\"https:\\\/\\\/enlite.de\\\/wp-content\\\/uploads\\\/sites\\\/6\\\/2026\\\/01\\\/Handelsblatt-Energie-Gipfel-Banner-Website.png\",\"width\":900,\"height\":473,\"caption\":\"Banner HB-Energiegipfel 26\"},{\"@type\":\"BreadcrumbList\",\"@id\":\"https:\\\/\\\/enlite.de\\\/enlite-ist-wieder-auf-dem-handelsblatt-energie-gipfel-2026\\\/#breadcrumb\",\"itemListElement\":[{\"@type\":\"ListItem\",\"position\":1,\"name\":\"Startseite\",\"item\":\"https:\\\/\\\/enlite.de\\\/\"},{\"@type\":\"ListItem\",\"position\":2,\"name\":\"ENLITE ist wieder auf dem Handelsblatt-Energie Gipfel 2026 in Berlin\"}]},{\"@type\":\"WebSite\",\"@id\":\"https:\\\/\\\/enlite.de\\\/#website\",\"url\":\"https:\\\/\\\/enlite.de\\\/\",\"name\":\"ENLITE Management and Engineering\",\"description\":\"\",\"potentialAction\":[{\"@type\":\"SearchAction\",\"target\":{\"@type\":\"EntryPoint\",\"urlTemplate\":\"https:\\\/\\\/enlite.de\\\/?s={search_term_string}\"},\"query-input\":{\"@type\":\"PropertyValueSpecification\",\"valueRequired\":true,\"valueName\":\"search_term_string\"}}],\"inLanguage\":\"en-US\"},{\"@type\":\"Person\",\"@id\":\"https:\\\/\\\/enlite.de\\\/#\\\/schema\\\/person\\\/52a79322edcd94cd0015dce06caefac1\",\"name\":\"Redaktion\",\"image\":{\"@type\":\"ImageObject\",\"inLanguage\":\"en-US\",\"@id\":\"https:\\\/\\\/secure.gravatar.com\\\/avatar\\\/114afc5f9a8d6580738c5a81ff48185fbfb3142f7bbe3fc62429ffeb8b816b6a?s=96&d=mm&r=g\",\"url\":\"https:\\\/\\\/secure.gravatar.com\\\/avatar\\\/114afc5f9a8d6580738c5a81ff48185fbfb3142f7bbe3fc62429ffeb8b816b6a?s=96&d=mm&r=g\",\"contentUrl\":\"https:\\\/\\\/secure.gravatar.com\\\/avatar\\\/114afc5f9a8d6580738c5a81ff48185fbfb3142f7bbe3fc62429ffeb8b816b6a?s=96&d=mm&r=g\",\"caption\":\"Redaktion\"},\"url\":\"https:\\\/\\\/enlite.de\\\/en\\\/author\\\/redaktion\\\/\"}]}<\/script>\n<!-- \/ Yoast SEO plugin. -->","yoast_head_json":{"title":"ENLITE ist wieder auf dem Handelsblatt-Energie Gipfel 2026","description":"Vom 27. bis 29. Januar findet der Handelsblatt Energie Gipfel im bcc Berlin Congress Center statt \u2013 die ENLITE ist mit dabei.","robots":{"index":"index","follow":"follow","max-snippet":"max-snippet:-1","max-image-preview":"max-image-preview:large","max-video-preview":"max-video-preview:-1"},"canonical":"https:\/\/enlite.de\/en\/enlite-ist-wieder-auf-dem-handelsblatt-energie-gipfel-2026\/","og_locale":"en_US","og_type":"article","og_title":"ENLITE ist wieder auf dem Handelsblatt-Energie Gipfel 2026","og_description":"Vom 27. bis 29. Januar findet der Handelsblatt Energie Gipfel im bcc Berlin Congress Center statt \u2013 die ENLITE ist mit dabei.","og_url":"https:\/\/enlite.de\/en\/enlite-ist-wieder-auf-dem-handelsblatt-energie-gipfel-2026\/","og_site_name":"ENLITE Management and Engineering","article_published_time":"2026-01-21T13:42:32+00:00","article_modified_time":"2026-03-11T09:37:54+00:00","og_image":[{"width":900,"height":473,"url":"https:\/\/enlite.de\/wp-content\/uploads\/sites\/6\/2026\/01\/Handelsblatt-Energie-Gipfel-Banner-Website.png","type":"image\/png"}],"author":"Redaktion","twitter_card":"summary_large_image","twitter_misc":{"Written by":"Redaktion","Est. reading time":"2 minutes"},"schema":{"@context":"https:\/\/schema.org","@graph":[{"@type":"Article","@id":"https:\/\/enlite.de\/enlite-ist-wieder-auf-dem-handelsblatt-energie-gipfel-2026\/#article","isPartOf":{"@id":"https:\/\/enlite.de\/enlite-ist-wieder-auf-dem-handelsblatt-energie-gipfel-2026\/"},"author":{"name":"Redaktion","@id":"https:\/\/enlite.de\/#\/schema\/person\/52a79322edcd94cd0015dce06caefac1"},"headline":"ENLITE ist wieder auf dem Handelsblatt-Energie Gipfel 2026 in Berlin","datePublished":"2026-01-21T13:42:32+00:00","dateModified":"2026-03-11T09:37:54+00:00","mainEntityOfPage":{"@id":"https:\/\/enlite.de\/enlite-ist-wieder-auf-dem-handelsblatt-energie-gipfel-2026\/"},"wordCount":319,"commentCount":0,"image":{"@id":"https:\/\/enlite.de\/enlite-ist-wieder-auf-dem-handelsblatt-energie-gipfel-2026\/#primaryimage"},"thumbnailUrl":"https:\/\/enlite.de\/wp-content\/uploads\/sites\/6\/2026\/01\/Handelsblatt-Energie-Gipfel-Banner-Website.png","articleSection":["Allgemein"],"inLanguage":"en-US","potentialAction":[{"@type":"CommentAction","name":"Comment","target":["https:\/\/enlite.de\/enlite-ist-wieder-auf-dem-handelsblatt-energie-gipfel-2026\/#respond"]}]},{"@type":"WebPage","@id":"https:\/\/enlite.de\/enlite-ist-wieder-auf-dem-handelsblatt-energie-gipfel-2026\/","url":"https:\/\/enlite.de\/enlite-ist-wieder-auf-dem-handelsblatt-energie-gipfel-2026\/","name":"ENLITE ist wieder auf dem Handelsblatt-Energie Gipfel 2026","isPartOf":{"@id":"https:\/\/enlite.de\/#website"},"primaryImageOfPage":{"@id":"https:\/\/enlite.de\/enlite-ist-wieder-auf-dem-handelsblatt-energie-gipfel-2026\/#primaryimage"},"image":{"@id":"https:\/\/enlite.de\/enlite-ist-wieder-auf-dem-handelsblatt-energie-gipfel-2026\/#primaryimage"},"thumbnailUrl":"https:\/\/enlite.de\/wp-content\/uploads\/sites\/6\/2026\/01\/Handelsblatt-Energie-Gipfel-Banner-Website.png","datePublished":"2026-01-21T13:42:32+00:00","dateModified":"2026-03-11T09:37:54+00:00","author":{"@id":"https:\/\/enlite.de\/#\/schema\/person\/52a79322edcd94cd0015dce06caefac1"},"description":"Vom 27. bis 29. Januar findet der Handelsblatt Energie Gipfel im bcc Berlin Congress Center statt \u2013 die ENLITE ist mit dabei.","breadcrumb":{"@id":"https:\/\/enlite.de\/enlite-ist-wieder-auf-dem-handelsblatt-energie-gipfel-2026\/#breadcrumb"},"inLanguage":"en-US","potentialAction":[{"@type":"ReadAction","target":["https:\/\/enlite.de\/enlite-ist-wieder-auf-dem-handelsblatt-energie-gipfel-2026\/"]}]},{"@type":"ImageObject","inLanguage":"en-US","@id":"https:\/\/enlite.de\/enlite-ist-wieder-auf-dem-handelsblatt-energie-gipfel-2026\/#primaryimage","url":"https:\/\/enlite.de\/wp-content\/uploads\/sites\/6\/2026\/01\/Handelsblatt-Energie-Gipfel-Banner-Website.png","contentUrl":"https:\/\/enlite.de\/wp-content\/uploads\/sites\/6\/2026\/01\/Handelsblatt-Energie-Gipfel-Banner-Website.png","width":900,"height":473,"caption":"Banner HB-Energiegipfel 26"},{"@type":"BreadcrumbList","@id":"https:\/\/enlite.de\/enlite-ist-wieder-auf-dem-handelsblatt-energie-gipfel-2026\/#breadcrumb","itemListElement":[{"@type":"ListItem","position":1,"name":"Startseite","item":"https:\/\/enlite.de\/"},{"@type":"ListItem","position":2,"name":"ENLITE ist wieder auf dem Handelsblatt-Energie Gipfel 2026 in Berlin"}]},{"@type":"WebSite","@id":"https:\/\/enlite.de\/#website","url":"https:\/\/enlite.de\/","name":"ENLITE Management and Engineering","description":"","potentialAction":[{"@type":"SearchAction","target":{"@type":"EntryPoint","urlTemplate":"https:\/\/enlite.de\/?s={search_term_string}"},"query-input":{"@type":"PropertyValueSpecification","valueRequired":true,"valueName":"search_term_string"}}],"inLanguage":"en-US"},{"@type":"Person","@id":"https:\/\/enlite.de\/#\/schema\/person\/52a79322edcd94cd0015dce06caefac1","name":"Redaktion","image":{"@type":"ImageObject","inLanguage":"en-US","@id":"https:\/\/secure.gravatar.com\/avatar\/114afc5f9a8d6580738c5a81ff48185fbfb3142f7bbe3fc62429ffeb8b816b6a?s=96&d=mm&r=g","url":"https:\/\/secure.gravatar.com\/avatar\/114afc5f9a8d6580738c5a81ff48185fbfb3142f7bbe3fc62429ffeb8b816b6a?s=96&d=mm&r=g","contentUrl":"https:\/\/secure.gravatar.com\/avatar\/114afc5f9a8d6580738c5a81ff48185fbfb3142f7bbe3fc62429ffeb8b816b6a?s=96&d=mm&r=g","caption":"Redaktion"},"url":"https:\/\/enlite.de\/en\/author\/redaktion\/"}]}},"_links":{"self":[{"href":"https:\/\/enlite.de\/en\/wp-json\/wp\/v2\/posts\/6816","targetHints":{"allow":["GET"]}}],"collection":[{"href":"https:\/\/enlite.de\/en\/wp-json\/wp\/v2\/posts"}],"about":[{"href":"https:\/\/enlite.de\/en\/wp-json\/wp\/v2\/types\/post"}],"author":[{"embeddable":true,"href":"https:\/\/enlite.de\/en\/wp-json\/wp\/v2\/users\/3"}],"replies":[{"embeddable":true,"href":"https:\/\/enlite.de\/en\/wp-json\/wp\/v2\/comments?post=6816"}],"version-history":[{"count":9,"href":"https:\/\/enlite.de\/en\/wp-json\/wp\/v2\/posts\/6816\/revisions"}],"predecessor-version":[{"id":6944,"href":"https:\/\/enlite.de\/en\/wp-json\/wp\/v2\/posts\/6816\/revisions\/6944"}],"wp:featuredmedia":[{"embeddable":true,"href":"https:\/\/enlite.de\/en\/wp-json\/wp\/v2\/media\/6818"}],"wp:attachment":[{"href":"https:\/\/enlite.de\/en\/wp-json\/wp\/v2\/media?parent=6816"}],"wp:term":[{"taxonomy":"category","embeddable":true,"href":"https:\/\/enlite.de\/en\/wp-json\/wp\/v2\/categories?post=6816"},{"taxonomy":"post_tag","embeddable":true,"href":"https:\/\/enlite.de\/en\/wp-json\/wp\/v2\/tags?post=6816"}],"curies":[{"name":"wp","href":"https:\/\/api.w.org\/{rel}","templated":true}]}}