{"id":6631,"date":"2025-07-24T11:24:26","date_gmt":"2025-07-24T09:24:26","guid":{"rendered":"https:\/\/enlite.de\/?p=6631"},"modified":"2026-03-05T09:49:08","modified_gmt":"2026-03-05T08:49:08","slug":"enlite-gehoert-zu-den-most-wanted-employer-2025","status":"publish","type":"post","link":"https:\/\/enlite.de\/en\/enlite-gehoert-zu-den-most-wanted-employer-2025\/","title":{"rendered":"ENLITE geh\u00f6rt zu den \u201eMost Wanted Employer 2025\u201c"},"content":{"rendered":"<div class=\"fusion-fullwidth fullwidth-box fusion-builder-row-1 fusion-flex-container nonhundred-percent-fullwidth non-hundred-percent-height-scrolling\" style=\"--awb-border-radius-top-left:0px;--awb-border-radius-top-right:0px;--awb-border-radius-bottom-right:0px;--awb-border-radius-bottom-left:0px;--awb-flex-wrap:wrap;\" ><div class=\"fusion-builder-row fusion-row fusion-flex-align-items-flex-start fusion-flex-content-wrap\" style=\"max-width:1331.2px;margin-left: calc(-4% \/ 2 );margin-right: calc(-4% \/ 2 );\"><div class=\"fusion-layout-column fusion_builder_column fusion-builder-column-0 fusion_builder_column_1_1 1_1 fusion-flex-column\" style=\"--awb-bg-blend:overlay;--awb-bg-size:cover;--awb-width-large:100%;--awb-margin-top-large:0px;--awb-spacing-right-large:1.92%;--awb-margin-bottom-large:0px;--awb-spacing-left-large:0%;--awb-width-medium:100%;--awb-spacing-right-medium:1.92%;--awb-spacing-left-medium:0%;--awb-width-small:100%;--awb-spacing-right-small:1.92%;--awb-spacing-left-small:1.92%;\"><div class=\"fusion-column-wrapper fusion-flex-justify-content-flex-start fusion-content-layout-column\"><div class=\"fusion-text fusion-text-1\"><p><span data-contrast=\"auto\">Die ENLITE Management & Engineering GmbH wurde im aktuellen Ranking \u201eMost Wanted Employer 2025\" von kununu in Zusammenarbeit mit der ZEIT Verlagsgruppe als einer der beliebtesten Arbeitgeber Deutschlands ausgezeichnet.<\/span><span data-ccp-props=\"\">\u00a0<\/span><\/p>\n<p><span data-contrast=\"auto\">In der Kategorie Beratung\/Consulting erreichte ENLITE den 3. Platz unter 74 bewerteten Unternehmen. Im branchen\u00fcbergreifenden Gesamtranking belegen wir Platz 14 von insgesamt 1.200 ausgezeichneten Unternehmen deutschlandweit \u2013 mit einer finalen Bewertung von 4,67 von 5 Punkten.<\/span><span data-ccp-props=\"\">\u00a0<\/span><\/p>\n<p><b><span data-contrast=\"auto\">Was das Ranking besonders macht<\/span><\/b><span data-ccp-props=\"\"><br \/>\n<\/span><span data-contrast=\"auto\">Die Auszeichnung basiert auf einer der umfangreichsten Arbeitgeberstudien Deutschlands. Bewertungsgrundlage sind ausschlie\u00dflich die R\u00fcckmeldungen von Mitarbeitenden, die \u00fcber Kununu abgegeben wurden. Insgesamt wurden mehr als 5,4 Millionen Bewertungen aus \u00fcber 320.000 Kununu-Arbeitgeberprofilen systematisch analysiert.<\/span><span data-ccp-props=\"\">\u00a0<\/span><\/p>\n<p><span data-contrast=\"auto\">F\u00fcr die Aufnahme ins Ranking mussten Unternehmen eine Reihe strenger Kriterien erf\u00fcllen \u2013 darunter eine Mindestanzahl aktueller Bewertungen, ein Kununu-Score von mindestens 3,5 Punkten sowie eine Weiterempfehlungsrate von mindestens 70<\/span><span data-contrast=\"auto\">\u202f<\/span><span data-contrast=\"auto\">%.<\/span><\/p>\n<p><span data-ccp-props=\"\"><b>Gro\u00dfer Dank gilt dem Team von ENLITE<\/b><br \/>\n<\/span><span data-contrast=\"auto\">Diese Auszeichnung ist f\u00fcr ENLITE eine besondere Best\u00e4tigung \u2013 nicht nur aufgrund der Platzierung, sondern vor allem, weil sie auf dem anonymen und authentischen Feedback der Mitarbeitenden basiert, die mit ihrer Offenheit und ihrem t\u00e4glichen Einsatz dieses Ergebnis erst erm\u00f6glicht haben.<\/span><\/p>\n<p><span data-contrast=\"auto\">Das vollst\u00e4ndige Ranking \u201eMost Wanted Employer 2025\" finden Sie <a href=\"https:\/\/news.kununu.com\/beste-arbeitgeber-beratung-consulting-deutschland\/\" target=\"_blank\" rel=\"noopener\">hier<\/a>. <\/span><\/p>\n<\/div><\/div><\/div><\/div><\/div>","protected":false},"excerpt":{"rendered":"","protected":false},"author":3,"featured_media":6632,"comment_status":"open","ping_status":"closed","sticky":false,"template":"","format":"standard","meta":{"footnotes":""},"categories":[1],"tags":[],"class_list":["post-6631","post","type-post","status-publish","format-standard","has-post-thumbnail","hentry","category-allgemein"],"yoast_head":"<!-- This site is optimized with the Yoast SEO plugin v27.5 - https:\/\/yoast.com\/product\/yoast-seo-wordpress\/ -->\n<title>ENLITE geh\u00f6rt zu den \u201eMost Wanted Employer 2025\u201c - ENLITE Management and Engineering<\/title>\n<meta name=\"description\" content=\"ENLITE nahm am standort\u00fcbergreifenden Sommerworkshop der Gruppe Dr. van de Sandt und Stollner Beteiligungs GmbH in Wolfsburg teil.\" \/>\n<meta name=\"robots\" content=\"index, follow, max-snippet:-1, max-image-preview:large, max-video-preview:-1\" \/>\n<link rel=\"canonical\" href=\"https:\/\/enlite.de\/en\/enlite-gehoert-zu-den-most-wanted-employer-2025\/\" \/>\n<meta property=\"og:locale\" content=\"en_US\" \/>\n<meta property=\"og:type\" content=\"article\" \/>\n<meta property=\"og:title\" content=\"ENLITE geh\u00f6rt zu den \u201eMost Wanted Employer 2025\u201c - ENLITE Management and Engineering\" \/>\n<meta property=\"og:description\" content=\"ENLITE nahm am standort\u00fcbergreifenden Sommerworkshop der Gruppe Dr. van de Sandt und Stollner Beteiligungs GmbH in Wolfsburg teil.\" \/>\n<meta property=\"og:url\" content=\"https:\/\/enlite.de\/en\/enlite-gehoert-zu-den-most-wanted-employer-2025\/\" \/>\n<meta property=\"og:site_name\" content=\"ENLITE Management and Engineering\" \/>\n<meta property=\"article:published_time\" content=\"2025-07-24T09:24:26+00:00\" \/>\n<meta property=\"article:modified_time\" content=\"2026-03-05T08:49:08+00:00\" \/>\n<meta property=\"og:image\" content=\"https:\/\/enlite.de\/wp-content\/uploads\/sites\/6\/2025\/07\/Most-wanted-Employer-web.png\" \/>\n\t<meta property=\"og:image:width\" content=\"900\" \/>\n\t<meta property=\"og:image:height\" content=\"500\" \/>\n\t<meta property=\"og:image:type\" content=\"image\/png\" \/>\n<meta name=\"author\" content=\"Redaktion\" \/>\n<meta name=\"twitter:card\" content=\"summary_large_image\" \/>\n<meta name=\"twitter:label1\" content=\"Written by\" \/>\n\t<meta name=\"twitter:data1\" content=\"Redaktion\" \/>\n\t<meta name=\"twitter:label2\" content=\"Est. reading time\" \/>\n\t<meta name=\"twitter:data2\" content=\"2 minutes\" \/>\n<script type=\"application\/ld+json\" class=\"yoast-schema-graph\">{\"@context\":\"https:\\\/\\\/schema.org\",\"@graph\":[{\"@type\":\"Article\",\"@id\":\"https:\\\/\\\/enlite.de\\\/enlite-gehoert-zu-den-most-wanted-employer-2025\\\/#article\",\"isPartOf\":{\"@id\":\"https:\\\/\\\/enlite.de\\\/enlite-gehoert-zu-den-most-wanted-employer-2025\\\/\"},\"author\":{\"name\":\"Redaktion\",\"@id\":\"https:\\\/\\\/enlite.de\\\/#\\\/schema\\\/person\\\/52a79322edcd94cd0015dce06caefac1\"},\"headline\":\"ENLITE geh\u00f6rt zu den \u201eMost Wanted Employer 2025\u201c\",\"datePublished\":\"2025-07-24T09:24:26+00:00\",\"dateModified\":\"2026-03-05T08:49:08+00:00\",\"mainEntityOfPage\":{\"@id\":\"https:\\\/\\\/enlite.de\\\/enlite-gehoert-zu-den-most-wanted-employer-2025\\\/\"},\"wordCount\":313,\"commentCount\":0,\"image\":{\"@id\":\"https:\\\/\\\/enlite.de\\\/enlite-gehoert-zu-den-most-wanted-employer-2025\\\/#primaryimage\"},\"thumbnailUrl\":\"https:\\\/\\\/enlite.de\\\/wp-content\\\/uploads\\\/sites\\\/6\\\/2025\\\/07\\\/Most-wanted-Employer-web.png\",\"articleSection\":[\"Allgemein\"],\"inLanguage\":\"en-US\",\"potentialAction\":[{\"@type\":\"CommentAction\",\"name\":\"Comment\",\"target\":[\"https:\\\/\\\/enlite.de\\\/enlite-gehoert-zu-den-most-wanted-employer-2025\\\/#respond\"]}]},{\"@type\":\"WebPage\",\"@id\":\"https:\\\/\\\/enlite.de\\\/enlite-gehoert-zu-den-most-wanted-employer-2025\\\/\",\"url\":\"https:\\\/\\\/enlite.de\\\/enlite-gehoert-zu-den-most-wanted-employer-2025\\\/\",\"name\":\"ENLITE geh\u00f6rt zu den \u201eMost Wanted Employer 2025\u201c - ENLITE Management and Engineering\",\"isPartOf\":{\"@id\":\"https:\\\/\\\/enlite.de\\\/#website\"},\"primaryImageOfPage\":{\"@id\":\"https:\\\/\\\/enlite.de\\\/enlite-gehoert-zu-den-most-wanted-employer-2025\\\/#primaryimage\"},\"image\":{\"@id\":\"https:\\\/\\\/enlite.de\\\/enlite-gehoert-zu-den-most-wanted-employer-2025\\\/#primaryimage\"},\"thumbnailUrl\":\"https:\\\/\\\/enlite.de\\\/wp-content\\\/uploads\\\/sites\\\/6\\\/2025\\\/07\\\/Most-wanted-Employer-web.png\",\"datePublished\":\"2025-07-24T09:24:26+00:00\",\"dateModified\":\"2026-03-05T08:49:08+00:00\",\"author\":{\"@id\":\"https:\\\/\\\/enlite.de\\\/#\\\/schema\\\/person\\\/52a79322edcd94cd0015dce06caefac1\"},\"description\":\"ENLITE nahm am standort\u00fcbergreifenden Sommerworkshop der Gruppe Dr. van de Sandt und Stollner Beteiligungs GmbH in Wolfsburg teil.\",\"breadcrumb\":{\"@id\":\"https:\\\/\\\/enlite.de\\\/enlite-gehoert-zu-den-most-wanted-employer-2025\\\/#breadcrumb\"},\"inLanguage\":\"en-US\",\"potentialAction\":[{\"@type\":\"ReadAction\",\"target\":[\"https:\\\/\\\/enlite.de\\\/enlite-gehoert-zu-den-most-wanted-employer-2025\\\/\"]}]},{\"@type\":\"ImageObject\",\"inLanguage\":\"en-US\",\"@id\":\"https:\\\/\\\/enlite.de\\\/enlite-gehoert-zu-den-most-wanted-employer-2025\\\/#primaryimage\",\"url\":\"https:\\\/\\\/enlite.de\\\/wp-content\\\/uploads\\\/sites\\\/6\\\/2025\\\/07\\\/Most-wanted-Employer-web.png\",\"contentUrl\":\"https:\\\/\\\/enlite.de\\\/wp-content\\\/uploads\\\/sites\\\/6\\\/2025\\\/07\\\/Most-wanted-Employer-web.png\",\"width\":900,\"height\":500,\"caption\":\"Most Wanted Employer 2025\"},{\"@type\":\"BreadcrumbList\",\"@id\":\"https:\\\/\\\/enlite.de\\\/enlite-gehoert-zu-den-most-wanted-employer-2025\\\/#breadcrumb\",\"itemListElement\":[{\"@type\":\"ListItem\",\"position\":1,\"name\":\"Startseite\",\"item\":\"https:\\\/\\\/enlite.de\\\/\"},{\"@type\":\"ListItem\",\"position\":2,\"name\":\"ENLITE geh\u00f6rt zu den \u201eMost Wanted Employer 2025\u201c\"}]},{\"@type\":\"WebSite\",\"@id\":\"https:\\\/\\\/enlite.de\\\/#website\",\"url\":\"https:\\\/\\\/enlite.de\\\/\",\"name\":\"ENLITE Management and Engineering\",\"description\":\"\",\"potentialAction\":[{\"@type\":\"SearchAction\",\"target\":{\"@type\":\"EntryPoint\",\"urlTemplate\":\"https:\\\/\\\/enlite.de\\\/?s={search_term_string}\"},\"query-input\":{\"@type\":\"PropertyValueSpecification\",\"valueRequired\":true,\"valueName\":\"search_term_string\"}}],\"inLanguage\":\"en-US\"},{\"@type\":\"Person\",\"@id\":\"https:\\\/\\\/enlite.de\\\/#\\\/schema\\\/person\\\/52a79322edcd94cd0015dce06caefac1\",\"name\":\"Redaktion\",\"image\":{\"@type\":\"ImageObject\",\"inLanguage\":\"en-US\",\"@id\":\"https:\\\/\\\/secure.gravatar.com\\\/avatar\\\/114afc5f9a8d6580738c5a81ff48185fbfb3142f7bbe3fc62429ffeb8b816b6a?s=96&d=mm&r=g\",\"url\":\"https:\\\/\\\/secure.gravatar.com\\\/avatar\\\/114afc5f9a8d6580738c5a81ff48185fbfb3142f7bbe3fc62429ffeb8b816b6a?s=96&d=mm&r=g\",\"contentUrl\":\"https:\\\/\\\/secure.gravatar.com\\\/avatar\\\/114afc5f9a8d6580738c5a81ff48185fbfb3142f7bbe3fc62429ffeb8b816b6a?s=96&d=mm&r=g\",\"caption\":\"Redaktion\"},\"url\":\"https:\\\/\\\/enlite.de\\\/en\\\/author\\\/redaktion\\\/\"}]}<\/script>\n<!-- \/ Yoast SEO plugin. -->","yoast_head_json":{"title":"ENLITE geh\u00f6rt zu den \u201eMost Wanted Employer 2025\u201c - ENLITE Management and Engineering","description":"ENLITE nahm am standort\u00fcbergreifenden Sommerworkshop der Gruppe Dr. van de Sandt und Stollner Beteiligungs GmbH in Wolfsburg teil.","robots":{"index":"index","follow":"follow","max-snippet":"max-snippet:-1","max-image-preview":"max-image-preview:large","max-video-preview":"max-video-preview:-1"},"canonical":"https:\/\/enlite.de\/en\/enlite-gehoert-zu-den-most-wanted-employer-2025\/","og_locale":"en_US","og_type":"article","og_title":"ENLITE geh\u00f6rt zu den \u201eMost Wanted Employer 2025\u201c - ENLITE Management and Engineering","og_description":"ENLITE nahm am standort\u00fcbergreifenden Sommerworkshop der Gruppe Dr. van de Sandt und Stollner Beteiligungs GmbH in Wolfsburg teil.","og_url":"https:\/\/enlite.de\/en\/enlite-gehoert-zu-den-most-wanted-employer-2025\/","og_site_name":"ENLITE Management and Engineering","article_published_time":"2025-07-24T09:24:26+00:00","article_modified_time":"2026-03-05T08:49:08+00:00","og_image":[{"width":900,"height":500,"url":"https:\/\/enlite.de\/wp-content\/uploads\/sites\/6\/2025\/07\/Most-wanted-Employer-web.png","type":"image\/png"}],"author":"Redaktion","twitter_card":"summary_large_image","twitter_misc":{"Written by":"Redaktion","Est. reading time":"2 minutes"},"schema":{"@context":"https:\/\/schema.org","@graph":[{"@type":"Article","@id":"https:\/\/enlite.de\/enlite-gehoert-zu-den-most-wanted-employer-2025\/#article","isPartOf":{"@id":"https:\/\/enlite.de\/enlite-gehoert-zu-den-most-wanted-employer-2025\/"},"author":{"name":"Redaktion","@id":"https:\/\/enlite.de\/#\/schema\/person\/52a79322edcd94cd0015dce06caefac1"},"headline":"ENLITE geh\u00f6rt zu den \u201eMost Wanted Employer 2025\u201c","datePublished":"2025-07-24T09:24:26+00:00","dateModified":"2026-03-05T08:49:08+00:00","mainEntityOfPage":{"@id":"https:\/\/enlite.de\/enlite-gehoert-zu-den-most-wanted-employer-2025\/"},"wordCount":313,"commentCount":0,"image":{"@id":"https:\/\/enlite.de\/enlite-gehoert-zu-den-most-wanted-employer-2025\/#primaryimage"},"thumbnailUrl":"https:\/\/enlite.de\/wp-content\/uploads\/sites\/6\/2025\/07\/Most-wanted-Employer-web.png","articleSection":["Allgemein"],"inLanguage":"en-US","potentialAction":[{"@type":"CommentAction","name":"Comment","target":["https:\/\/enlite.de\/enlite-gehoert-zu-den-most-wanted-employer-2025\/#respond"]}]},{"@type":"WebPage","@id":"https:\/\/enlite.de\/enlite-gehoert-zu-den-most-wanted-employer-2025\/","url":"https:\/\/enlite.de\/enlite-gehoert-zu-den-most-wanted-employer-2025\/","name":"ENLITE geh\u00f6rt zu den \u201eMost Wanted Employer 2025\u201c - ENLITE Management and Engineering","isPartOf":{"@id":"https:\/\/enlite.de\/#website"},"primaryImageOfPage":{"@id":"https:\/\/enlite.de\/enlite-gehoert-zu-den-most-wanted-employer-2025\/#primaryimage"},"image":{"@id":"https:\/\/enlite.de\/enlite-gehoert-zu-den-most-wanted-employer-2025\/#primaryimage"},"thumbnailUrl":"https:\/\/enlite.de\/wp-content\/uploads\/sites\/6\/2025\/07\/Most-wanted-Employer-web.png","datePublished":"2025-07-24T09:24:26+00:00","dateModified":"2026-03-05T08:49:08+00:00","author":{"@id":"https:\/\/enlite.de\/#\/schema\/person\/52a79322edcd94cd0015dce06caefac1"},"description":"ENLITE nahm am standort\u00fcbergreifenden Sommerworkshop der Gruppe Dr. van de Sandt und Stollner Beteiligungs GmbH in Wolfsburg teil.","breadcrumb":{"@id":"https:\/\/enlite.de\/enlite-gehoert-zu-den-most-wanted-employer-2025\/#breadcrumb"},"inLanguage":"en-US","potentialAction":[{"@type":"ReadAction","target":["https:\/\/enlite.de\/enlite-gehoert-zu-den-most-wanted-employer-2025\/"]}]},{"@type":"ImageObject","inLanguage":"en-US","@id":"https:\/\/enlite.de\/enlite-gehoert-zu-den-most-wanted-employer-2025\/#primaryimage","url":"https:\/\/enlite.de\/wp-content\/uploads\/sites\/6\/2025\/07\/Most-wanted-Employer-web.png","contentUrl":"https:\/\/enlite.de\/wp-content\/uploads\/sites\/6\/2025\/07\/Most-wanted-Employer-web.png","width":900,"height":500,"caption":"Most Wanted Employer 2025"},{"@type":"BreadcrumbList","@id":"https:\/\/enlite.de\/enlite-gehoert-zu-den-most-wanted-employer-2025\/#breadcrumb","itemListElement":[{"@type":"ListItem","position":1,"name":"Startseite","item":"https:\/\/enlite.de\/"},{"@type":"ListItem","position":2,"name":"ENLITE geh\u00f6rt zu den \u201eMost Wanted Employer 2025\u201c"}]},{"@type":"WebSite","@id":"https:\/\/enlite.de\/#website","url":"https:\/\/enlite.de\/","name":"ENLITE Management and Engineering","description":"","potentialAction":[{"@type":"SearchAction","target":{"@type":"EntryPoint","urlTemplate":"https:\/\/enlite.de\/?s={search_term_string}"},"query-input":{"@type":"PropertyValueSpecification","valueRequired":true,"valueName":"search_term_string"}}],"inLanguage":"en-US"},{"@type":"Person","@id":"https:\/\/enlite.de\/#\/schema\/person\/52a79322edcd94cd0015dce06caefac1","name":"Redaktion","image":{"@type":"ImageObject","inLanguage":"en-US","@id":"https:\/\/secure.gravatar.com\/avatar\/114afc5f9a8d6580738c5a81ff48185fbfb3142f7bbe3fc62429ffeb8b816b6a?s=96&d=mm&r=g","url":"https:\/\/secure.gravatar.com\/avatar\/114afc5f9a8d6580738c5a81ff48185fbfb3142f7bbe3fc62429ffeb8b816b6a?s=96&d=mm&r=g","contentUrl":"https:\/\/secure.gravatar.com\/avatar\/114afc5f9a8d6580738c5a81ff48185fbfb3142f7bbe3fc62429ffeb8b816b6a?s=96&d=mm&r=g","caption":"Redaktion"},"url":"https:\/\/enlite.de\/en\/author\/redaktion\/"}]}},"_links":{"self":[{"href":"https:\/\/enlite.de\/en\/wp-json\/wp\/v2\/posts\/6631","targetHints":{"allow":["GET"]}}],"collection":[{"href":"https:\/\/enlite.de\/en\/wp-json\/wp\/v2\/posts"}],"about":[{"href":"https:\/\/enlite.de\/en\/wp-json\/wp\/v2\/types\/post"}],"author":[{"embeddable":true,"href":"https:\/\/enlite.de\/en\/wp-json\/wp\/v2\/users\/3"}],"replies":[{"embeddable":true,"href":"https:\/\/enlite.de\/en\/wp-json\/wp\/v2\/comments?post=6631"}],"version-history":[{"count":2,"href":"https:\/\/enlite.de\/en\/wp-json\/wp\/v2\/posts\/6631\/revisions"}],"predecessor-version":[{"id":6635,"href":"https:\/\/enlite.de\/en\/wp-json\/wp\/v2\/posts\/6631\/revisions\/6635"}],"wp:featuredmedia":[{"embeddable":true,"href":"https:\/\/enlite.de\/en\/wp-json\/wp\/v2\/media\/6632"}],"wp:attachment":[{"href":"https:\/\/enlite.de\/en\/wp-json\/wp\/v2\/media?parent=6631"}],"wp:term":[{"taxonomy":"category","embeddable":true,"href":"https:\/\/enlite.de\/en\/wp-json\/wp\/v2\/categories?post=6631"},{"taxonomy":"post_tag","embeddable":true,"href":"https:\/\/enlite.de\/en\/wp-json\/wp\/v2\/tags?post=6631"}],"curies":[{"name":"wp","href":"https:\/\/api.w.org\/{rel}","templated":true}]}}