{"id":6626,"date":"2025-07-22T17:37:15","date_gmt":"2025-07-22T15:37:15","guid":{"rendered":"https:\/\/enlite.de\/?p=6626"},"modified":"2026-03-05T09:49:08","modified_gmt":"2026-03-05T08:49:08","slug":"sommerworkshop-2025-sommer-sonne-teamgeist","status":"publish","type":"post","link":"https:\/\/enlite.de\/en\/sommerworkshop-2025-sommer-sonne-teamgeist\/","title":{"rendered":"Sommerworkshop 2025: Sommer, Sonne, Teamgeist!"},"content":{"rendered":"<div class=\"fusion-fullwidth fullwidth-box fusion-builder-row-1 fusion-flex-container nonhundred-percent-fullwidth non-hundred-percent-height-scrolling\" style=\"--awb-border-radius-top-left:0px;--awb-border-radius-top-right:0px;--awb-border-radius-bottom-right:0px;--awb-border-radius-bottom-left:0px;--awb-flex-wrap:wrap;\" ><div class=\"fusion-builder-row fusion-row fusion-flex-align-items-flex-start fusion-flex-content-wrap\" style=\"max-width:1331.2px;margin-left: calc(-4% \/ 2 );margin-right: calc(-4% \/ 2 );\"><div class=\"fusion-layout-column fusion_builder_column fusion-builder-column-0 fusion_builder_column_1_1 1_1 fusion-flex-column\" style=\"--awb-bg-blend:overlay;--awb-bg-size:cover;--awb-width-large:100%;--awb-margin-top-large:0px;--awb-spacing-right-large:1.92%;--awb-margin-bottom-large:0px;--awb-spacing-left-large:0%;--awb-width-medium:100%;--awb-spacing-right-medium:1.92%;--awb-spacing-left-medium:0%;--awb-width-small:100%;--awb-spacing-right-small:1.92%;--awb-spacing-left-small:1.92%;\"><div class=\"fusion-column-wrapper fusion-flex-justify-content-flex-start fusion-content-layout-column\"><div class=\"fusion-text fusion-text-1\"><p><em>ENLITE nahm im Juni 2025 am Sommerworkshop der Gruppe <a href=\"https:\/\/www.vandesandt-stollner.de\/\" target=\"_blank\" rel=\"noopener\">Dr. van de Sandt und Stollner Beteiligungs GmbH<\/a> in Wolfsburg teil. Ziel war es, die \u00fcber 60 Teilnehmenden aus allen Tochtergesellschaften \u2013 darunter <a href=\"https:\/\/experts-in-projects.de\/\" target=\"_blank\" rel=\"noopener\">Experts in Projects, <\/a><a href=\"https:\/\/www.lhr.de\/\" target=\"_blank\" rel=\"noopener\">LHR<\/a> und erstmals auch <a href=\"https:\/\/gropas.de\" target=\"_blank\" rel=\"noopener\">GROPAS<\/a> \u2013 standort\u00fcbergreifend zu vernetzen.<\/em><\/p>\n<p>Das Wochenende begann mit einer beeindruckenden Besichtigungstour durch das Volkswagen-Werk. Mit einer Gesamtfl\u00e4che von 6,5 km\u00b2 geh\u00f6rt es zu den gr\u00f6\u00dften Autofabriken der Welt.<\/p>\n<p>Am Samstag war das erste Highlight das Kubb-Turnier, ein skandinavisches Wurfspiel, bei dem Strategie, Kommunikation und Geschick im Vordergrund stehen. In Teams traten die Teilnehmenden gegeneinander an, um mit Holzkl\u00f6tzen den \u201eK\u00f6nig\u201c der gegnerischen Mannschaft zu st\u00fcrzen.<\/p>\n<p>Am Nachmittag folgte mit der Br\u00fcckenbau-Challenge das zweite Highlight des Tages: In Kleingruppen wurden tragf\u00e4hige Br\u00fccken konstruiert \u2013 eine \u00dcbung, die symbolisch f\u00fcr das stand, was im Projekt- und Arbeitsalltag z\u00e4hlt: Zusammenarbeit, Vertrauen und kreative L\u00f6sungsfindung. Der Abend klang nach einem gemeinsamen Buffet mit Musik und Tanz aus.<\/p>\n<p>F\u00fcr Dr. Robert van de Sandt, der gemeinsam mit Mischka Stollner Gesch\u00e4ftsf\u00fchrer der Gruppe ist, stellt der Sommerworkshop ein ganz besonderes Ereignis dar: &#8222;Einmal im Jahr kommen die Mitarbeiterinnen und Mitarbeiter aus allen Gesellschaften und Standorten zusammen, um gemeinsam Zeit zu verbringen, sich gegenseitig kennenzulernen und die vielf\u00e4ltigen Pers\u00f6nlichkeiten, Interessen und T\u00e4tigkeiten in unserer Gruppe zu erleben&#8220;.<\/p>\n<p>Der Sommerworkshop findet jedes Jahr an einem anderen der insgesamt sechs Standorte statt und \u00fcberrascht die Teilnehmenden jedes Jahr mit einem bunten Programm.<\/p>\n<\/div><div class=\"fusion-image-carousel fusion-image-carousel-auto fusion-image-carousel-1 fusion-carousel-border\"><div class=\"awb-carousel awb-swiper awb-swiper-carousel awb-carousel--carousel awb-swiper-dots-position-bottom\" data-layout=\"carousel\" data-autoplay=\"yes\" data-autoplayspeed=\"2500\" data-autoplaypause=\"no\" data-loop=\"yes\" data-columns=\"3\" data-columnsmedium=\"1\" data-columnssmall=\"1\" data-itemmargin=\"13\" data-itemwidth=\"180\" data-touchscroll=\"drag\" data-freemode=\"no\" data-imagesize=\"auto\" data-scrollitems=\"1\" data-centeredslides=\"no\" data-rotationangle=\"50\" data-depth=\"100\" data-speed=\"500\" data-shadow=\"no\" data-pagination=\"bullets\" style=\"--awb-columns:3;--awb-border-width:1px;--awb-border-color:#e9eaee;\"><div class=\"swiper-wrapper awb-image-carousel-wrapper fusion-flex-align-items-center\"><div class=\"swiper-slide\"><div class=\"fusion-carousel-item-wrapper\"><div class=\"fusion-image-wrapper hover-type-none\"><img decoding=\"async\" width=\"900\" height=\"900\" src=\"https:\/\/enlite.de\/wp-content\/uploads\/sites\/6\/2025\/07\/1-1.jpg\" class=\"attachment-full size-full lazyload\" alt=\"VW Werk Wolfsburg\" srcset=\"data:image\/svg+xml,%3Csvg%20xmlns%3D%27http%3A%2F%2Fwww.w3.org%2F2000%2Fsvg%27%20width%3D%27900%27%20height%3D%27900%27%20viewBox%3D%270%200%20900%20900%27%3E%3Crect%20width%3D%27900%27%20height%3D%27900%27%20fill-opacity%3D%220%22%2F%3E%3C%2Fsvg%3E\" data-orig-src=\"https:\/\/enlite.de\/wp-content\/uploads\/sites\/6\/2025\/07\/1-1.jpg\" data-srcset=\"https:\/\/enlite.de\/wp-content\/uploads\/sites\/6\/2025\/07\/1-1-200x200.jpg 200w, https:\/\/enlite.de\/wp-content\/uploads\/sites\/6\/2025\/07\/1-1-400x400.jpg 400w, https:\/\/enlite.de\/wp-content\/uploads\/sites\/6\/2025\/07\/1-1-600x600.jpg 600w, https:\/\/enlite.de\/wp-content\/uploads\/sites\/6\/2025\/07\/1-1-800x800.jpg 800w, https:\/\/enlite.de\/wp-content\/uploads\/sites\/6\/2025\/07\/1-1.jpg 900w\" data-sizes=\"auto\" \/><\/div><\/div><\/div><div class=\"swiper-slide\"><div class=\"fusion-carousel-item-wrapper\"><div class=\"fusion-image-wrapper hover-type-none\"><img decoding=\"async\" width=\"1200\" height=\"1200\" src=\"https:\/\/enlite.de\/wp-content\/uploads\/sites\/6\/2025\/07\/2.png\" class=\"attachment-full size-full lazyload\" alt=\"Gruppenfoto vor dem VW Werk\" srcset=\"data:image\/svg+xml,%3Csvg%20xmlns%3D%27http%3A%2F%2Fwww.w3.org%2F2000%2Fsvg%27%20width%3D%271200%27%20height%3D%271200%27%20viewBox%3D%270%200%201200%201200%27%3E%3Crect%20width%3D%271200%27%20height%3D%271200%27%20fill-opacity%3D%220%22%2F%3E%3C%2Fsvg%3E\" data-orig-src=\"https:\/\/enlite.de\/wp-content\/uploads\/sites\/6\/2025\/07\/2.png\" data-srcset=\"https:\/\/enlite.de\/wp-content\/uploads\/sites\/6\/2025\/07\/2-200x200.png 200w, https:\/\/enlite.de\/wp-content\/uploads\/sites\/6\/2025\/07\/2-400x400.png 400w, https:\/\/enlite.de\/wp-content\/uploads\/sites\/6\/2025\/07\/2-600x600.png 600w, https:\/\/enlite.de\/wp-content\/uploads\/sites\/6\/2025\/07\/2-800x800.png 800w, https:\/\/enlite.de\/wp-content\/uploads\/sites\/6\/2025\/07\/2.png 1200w\" data-sizes=\"auto\" \/><\/div><\/div><\/div><div class=\"swiper-slide\"><div class=\"fusion-carousel-item-wrapper\"><div class=\"fusion-image-wrapper hover-type-none\"><img decoding=\"async\" width=\"1200\" height=\"1200\" src=\"https:\/\/enlite.de\/wp-content\/uploads\/sites\/6\/2025\/07\/3.png\" class=\"attachment-full size-full lazyload\" alt=\"Gruppenfoto im Besichtigungsfahrzeug des VW Werks\" srcset=\"data:image\/svg+xml,%3Csvg%20xmlns%3D%27http%3A%2F%2Fwww.w3.org%2F2000%2Fsvg%27%20width%3D%271200%27%20height%3D%271200%27%20viewBox%3D%270%200%201200%201200%27%3E%3Crect%20width%3D%271200%27%20height%3D%271200%27%20fill-opacity%3D%220%22%2F%3E%3C%2Fsvg%3E\" data-orig-src=\"https:\/\/enlite.de\/wp-content\/uploads\/sites\/6\/2025\/07\/3.png\" data-srcset=\"https:\/\/enlite.de\/wp-content\/uploads\/sites\/6\/2025\/07\/3-200x200.png 200w, https:\/\/enlite.de\/wp-content\/uploads\/sites\/6\/2025\/07\/3-400x400.png 400w, https:\/\/enlite.de\/wp-content\/uploads\/sites\/6\/2025\/07\/3-600x600.png 600w, https:\/\/enlite.de\/wp-content\/uploads\/sites\/6\/2025\/07\/3-800x800.png 800w, https:\/\/enlite.de\/wp-content\/uploads\/sites\/6\/2025\/07\/3.png 1200w\" data-sizes=\"auto\" \/><\/div><\/div><\/div><div class=\"swiper-slide\"><div class=\"fusion-carousel-item-wrapper\"><div class=\"fusion-image-wrapper hover-type-none\"><img decoding=\"async\" width=\"900\" height=\"900\" src=\"https:\/\/enlite.de\/wp-content\/uploads\/sites\/6\/2025\/07\/4.jpg\" class=\"attachment-full size-full lazyload\" alt=\"Kubb Turnier am Allersee\" srcset=\"data:image\/svg+xml,%3Csvg%20xmlns%3D%27http%3A%2F%2Fwww.w3.org%2F2000%2Fsvg%27%20width%3D%27900%27%20height%3D%27900%27%20viewBox%3D%270%200%20900%20900%27%3E%3Crect%20width%3D%27900%27%20height%3D%27900%27%20fill-opacity%3D%220%22%2F%3E%3C%2Fsvg%3E\" data-orig-src=\"https:\/\/enlite.de\/wp-content\/uploads\/sites\/6\/2025\/07\/4.jpg\" data-srcset=\"https:\/\/enlite.de\/wp-content\/uploads\/sites\/6\/2025\/07\/4-200x200.jpg 200w, https:\/\/enlite.de\/wp-content\/uploads\/sites\/6\/2025\/07\/4-400x400.jpg 400w, https:\/\/enlite.de\/wp-content\/uploads\/sites\/6\/2025\/07\/4-600x600.jpg 600w, https:\/\/enlite.de\/wp-content\/uploads\/sites\/6\/2025\/07\/4-800x800.jpg 800w, https:\/\/enlite.de\/wp-content\/uploads\/sites\/6\/2025\/07\/4.jpg 900w\" data-sizes=\"auto\" \/><\/div><\/div><\/div><div class=\"swiper-slide\"><div class=\"fusion-carousel-item-wrapper\"><div class=\"fusion-image-wrapper hover-type-none\"><img decoding=\"async\" width=\"900\" height=\"900\" src=\"https:\/\/enlite.de\/wp-content\/uploads\/sites\/6\/2025\/07\/5.jpg\" class=\"attachment-full size-full lazyload\" alt=\"Gruppenfoto Sieger des Kubb Turniers\" srcset=\"data:image\/svg+xml,%3Csvg%20xmlns%3D%27http%3A%2F%2Fwww.w3.org%2F2000%2Fsvg%27%20width%3D%27900%27%20height%3D%27900%27%20viewBox%3D%270%200%20900%20900%27%3E%3Crect%20width%3D%27900%27%20height%3D%27900%27%20fill-opacity%3D%220%22%2F%3E%3C%2Fsvg%3E\" data-orig-src=\"https:\/\/enlite.de\/wp-content\/uploads\/sites\/6\/2025\/07\/5.jpg\" data-srcset=\"https:\/\/enlite.de\/wp-content\/uploads\/sites\/6\/2025\/07\/5-200x200.jpg 200w, https:\/\/enlite.de\/wp-content\/uploads\/sites\/6\/2025\/07\/5-400x400.jpg 400w, https:\/\/enlite.de\/wp-content\/uploads\/sites\/6\/2025\/07\/5-600x600.jpg 600w, https:\/\/enlite.de\/wp-content\/uploads\/sites\/6\/2025\/07\/5-800x800.jpg 800w, https:\/\/enlite.de\/wp-content\/uploads\/sites\/6\/2025\/07\/5.jpg 900w\" data-sizes=\"auto\" \/><\/div><\/div><\/div><div class=\"swiper-slide\"><div class=\"fusion-carousel-item-wrapper\"><div class=\"fusion-image-wrapper hover-type-none\"><img decoding=\"async\" width=\"900\" height=\"900\" src=\"https:\/\/enlite.de\/wp-content\/uploads\/sites\/6\/2025\/07\/6.jpg\" class=\"attachment-full size-full lazyload\" alt=\"Br\u00fcckenbau Challenge auf dem Allersee\" srcset=\"data:image\/svg+xml,%3Csvg%20xmlns%3D%27http%3A%2F%2Fwww.w3.org%2F2000%2Fsvg%27%20width%3D%27900%27%20height%3D%27900%27%20viewBox%3D%270%200%20900%20900%27%3E%3Crect%20width%3D%27900%27%20height%3D%27900%27%20fill-opacity%3D%220%22%2F%3E%3C%2Fsvg%3E\" data-orig-src=\"https:\/\/enlite.de\/wp-content\/uploads\/sites\/6\/2025\/07\/6.jpg\" data-srcset=\"https:\/\/enlite.de\/wp-content\/uploads\/sites\/6\/2025\/07\/6-200x200.jpg 200w, https:\/\/enlite.de\/wp-content\/uploads\/sites\/6\/2025\/07\/6-400x400.jpg 400w, https:\/\/enlite.de\/wp-content\/uploads\/sites\/6\/2025\/07\/6-600x600.jpg 600w, https:\/\/enlite.de\/wp-content\/uploads\/sites\/6\/2025\/07\/6-800x800.jpg 800w, https:\/\/enlite.de\/wp-content\/uploads\/sites\/6\/2025\/07\/6.jpg 900w\" data-sizes=\"auto\" \/><\/div><\/div><\/div><div class=\"swiper-slide\"><div class=\"fusion-carousel-item-wrapper\"><div class=\"fusion-image-wrapper hover-type-none\"><img decoding=\"async\" width=\"900\" height=\"900\" src=\"https:\/\/enlite.de\/wp-content\/uploads\/sites\/6\/2025\/07\/7.jpg\" class=\"attachment-full size-full lazyload\" alt=\"Br\u00fcckenbau Challenge auf dem Allersee\" srcset=\"data:image\/svg+xml,%3Csvg%20xmlns%3D%27http%3A%2F%2Fwww.w3.org%2F2000%2Fsvg%27%20width%3D%27900%27%20height%3D%27900%27%20viewBox%3D%270%200%20900%20900%27%3E%3Crect%20width%3D%27900%27%20height%3D%27900%27%20fill-opacity%3D%220%22%2F%3E%3C%2Fsvg%3E\" data-orig-src=\"https:\/\/enlite.de\/wp-content\/uploads\/sites\/6\/2025\/07\/7.jpg\" data-srcset=\"https:\/\/enlite.de\/wp-content\/uploads\/sites\/6\/2025\/07\/7-200x200.jpg 200w, https:\/\/enlite.de\/wp-content\/uploads\/sites\/6\/2025\/07\/7-400x400.jpg 400w, https:\/\/enlite.de\/wp-content\/uploads\/sites\/6\/2025\/07\/7-600x600.jpg 600w, https:\/\/enlite.de\/wp-content\/uploads\/sites\/6\/2025\/07\/7-800x800.jpg 800w, https:\/\/enlite.de\/wp-content\/uploads\/sites\/6\/2025\/07\/7.jpg 900w\" data-sizes=\"auto\" \/><\/div><\/div><\/div><div class=\"swiper-slide\"><div class=\"fusion-carousel-item-wrapper\"><div class=\"fusion-image-wrapper hover-type-none\"><img decoding=\"async\" width=\"900\" height=\"900\" src=\"https:\/\/enlite.de\/wp-content\/uploads\/sites\/6\/2025\/07\/8.jpg\" class=\"attachment-full size-full lazyload\" alt=\"Br\u00fcckenbau Challenge auf dem Allersee\" srcset=\"data:image\/svg+xml,%3Csvg%20xmlns%3D%27http%3A%2F%2Fwww.w3.org%2F2000%2Fsvg%27%20width%3D%27900%27%20height%3D%27900%27%20viewBox%3D%270%200%20900%20900%27%3E%3Crect%20width%3D%27900%27%20height%3D%27900%27%20fill-opacity%3D%220%22%2F%3E%3C%2Fsvg%3E\" data-orig-src=\"https:\/\/enlite.de\/wp-content\/uploads\/sites\/6\/2025\/07\/8.jpg\" data-srcset=\"https:\/\/enlite.de\/wp-content\/uploads\/sites\/6\/2025\/07\/8-200x200.jpg 200w, https:\/\/enlite.de\/wp-content\/uploads\/sites\/6\/2025\/07\/8-400x400.jpg 400w, https:\/\/enlite.de\/wp-content\/uploads\/sites\/6\/2025\/07\/8-600x600.jpg 600w, https:\/\/enlite.de\/wp-content\/uploads\/sites\/6\/2025\/07\/8-800x800.jpg 800w, https:\/\/enlite.de\/wp-content\/uploads\/sites\/6\/2025\/07\/8.jpg 900w\" data-sizes=\"auto\" \/><\/div><\/div><\/div><div class=\"swiper-slide\"><div class=\"fusion-carousel-item-wrapper\"><div class=\"fusion-image-wrapper hover-type-none\"><img decoding=\"async\" width=\"900\" height=\"900\" src=\"https:\/\/enlite.de\/wp-content\/uploads\/sites\/6\/2025\/07\/9.jpg\" class=\"attachment-full size-full lazyload\" alt=\"Br\u00fcckenbau Challenge auf dem Allersee\" srcset=\"data:image\/svg+xml,%3Csvg%20xmlns%3D%27http%3A%2F%2Fwww.w3.org%2F2000%2Fsvg%27%20width%3D%27900%27%20height%3D%27900%27%20viewBox%3D%270%200%20900%20900%27%3E%3Crect%20width%3D%27900%27%20height%3D%27900%27%20fill-opacity%3D%220%22%2F%3E%3C%2Fsvg%3E\" data-orig-src=\"https:\/\/enlite.de\/wp-content\/uploads\/sites\/6\/2025\/07\/9.jpg\" data-srcset=\"https:\/\/enlite.de\/wp-content\/uploads\/sites\/6\/2025\/07\/9-200x200.jpg 200w, https:\/\/enlite.de\/wp-content\/uploads\/sites\/6\/2025\/07\/9-400x400.jpg 400w, https:\/\/enlite.de\/wp-content\/uploads\/sites\/6\/2025\/07\/9-600x600.jpg 600w, https:\/\/enlite.de\/wp-content\/uploads\/sites\/6\/2025\/07\/9-800x800.jpg 800w, https:\/\/enlite.de\/wp-content\/uploads\/sites\/6\/2025\/07\/9.jpg 900w\" data-sizes=\"auto\" \/><\/div><\/div><\/div><div class=\"swiper-slide\"><div class=\"fusion-carousel-item-wrapper\"><div class=\"fusion-image-wrapper hover-type-none\"><img decoding=\"async\" width=\"900\" height=\"900\" src=\"https:\/\/enlite.de\/wp-content\/uploads\/sites\/6\/2025\/07\/10.jpg\" class=\"attachment-full size-full lazyload\" alt=\"VW Werk Wolfsburg\" srcset=\"data:image\/svg+xml,%3Csvg%20xmlns%3D%27http%3A%2F%2Fwww.w3.org%2F2000%2Fsvg%27%20width%3D%27900%27%20height%3D%27900%27%20viewBox%3D%270%200%20900%20900%27%3E%3Crect%20width%3D%27900%27%20height%3D%27900%27%20fill-opacity%3D%220%22%2F%3E%3C%2Fsvg%3E\" data-orig-src=\"https:\/\/enlite.de\/wp-content\/uploads\/sites\/6\/2025\/07\/10.jpg\" data-srcset=\"https:\/\/enlite.de\/wp-content\/uploads\/sites\/6\/2025\/07\/10-200x200.jpg 200w, https:\/\/enlite.de\/wp-content\/uploads\/sites\/6\/2025\/07\/10-400x400.jpg 400w, https:\/\/enlite.de\/wp-content\/uploads\/sites\/6\/2025\/07\/10-600x600.jpg 600w, https:\/\/enlite.de\/wp-content\/uploads\/sites\/6\/2025\/07\/10-800x800.jpg 800w, https:\/\/enlite.de\/wp-content\/uploads\/sites\/6\/2025\/07\/10.jpg 900w\" data-sizes=\"auto\" \/><\/div><\/div><\/div><div class=\"swiper-slide\"><div class=\"fusion-carousel-item-wrapper\"><div class=\"fusion-image-wrapper hover-type-none\"><img decoding=\"async\" width=\"900\" height=\"900\" src=\"https:\/\/enlite.de\/wp-content\/uploads\/sites\/6\/2025\/07\/11.jpg\" class=\"attachment-full size-full lazyload\" alt=\"Cocktails\" srcset=\"data:image\/svg+xml,%3Csvg%20xmlns%3D%27http%3A%2F%2Fwww.w3.org%2F2000%2Fsvg%27%20width%3D%27900%27%20height%3D%27900%27%20viewBox%3D%270%200%20900%20900%27%3E%3Crect%20width%3D%27900%27%20height%3D%27900%27%20fill-opacity%3D%220%22%2F%3E%3C%2Fsvg%3E\" data-orig-src=\"https:\/\/enlite.de\/wp-content\/uploads\/sites\/6\/2025\/07\/11.jpg\" data-srcset=\"https:\/\/enlite.de\/wp-content\/uploads\/sites\/6\/2025\/07\/11-200x200.jpg 200w, https:\/\/enlite.de\/wp-content\/uploads\/sites\/6\/2025\/07\/11-400x400.jpg 400w, https:\/\/enlite.de\/wp-content\/uploads\/sites\/6\/2025\/07\/11-600x600.jpg 600w, https:\/\/enlite.de\/wp-content\/uploads\/sites\/6\/2025\/07\/11-800x800.jpg 800w, https:\/\/enlite.de\/wp-content\/uploads\/sites\/6\/2025\/07\/11.jpg 900w\" data-sizes=\"auto\" \/><\/div><\/div><\/div><\/div><div class=\"awb-swiper-button awb-swiper-button-prev\"><i class=\"awb-icon-angle-left\" aria-hidden=\"true\"><\/i><\/div><div class=\"awb-swiper-button awb-swiper-button-next\"><i class=\"awb-icon-angle-right\" aria-hidden=\"true\"><\/i><\/div><\/div><\/div><\/div><\/div><\/div><\/div>","protected":false},"excerpt":{"rendered":"","protected":false},"author":3,"featured_media":6594,"comment_status":"open","ping_status":"closed","sticky":false,"template":"","format":"standard","meta":{"footnotes":""},"categories":[1],"tags":[],"class_list":["post-6626","post","type-post","status-publish","format-standard","has-post-thumbnail","hentry","category-allgemein"],"yoast_head":"<!-- This site is optimized with the Yoast SEO plugin v27.5 - https:\/\/yoast.com\/product\/yoast-seo-wordpress\/ -->\n<title>Sommerworkshop 2025: Sommer, Sonne, Teamgeist! - ENLITE Management and Engineering<\/title>\n<meta name=\"description\" content=\"ENLITE nahm am standort\u00fcbergreifenden Sommerworkshop der Gruppe Dr. van de Sandt und Stollner Beteiligungs GmbH in Wolfsburg teil.\" \/>\n<meta name=\"robots\" content=\"index, follow, max-snippet:-1, max-image-preview:large, max-video-preview:-1\" \/>\n<link rel=\"canonical\" href=\"https:\/\/enlite.de\/en\/sommerworkshop-2025-sommer-sonne-teamgeist\/\" \/>\n<meta property=\"og:locale\" content=\"en_US\" \/>\n<meta property=\"og:type\" content=\"article\" \/>\n<meta property=\"og:title\" content=\"Sommerworkshop 2025: Sommer, Sonne, Teamgeist! - ENLITE Management and Engineering\" \/>\n<meta property=\"og:description\" content=\"ENLITE nahm am standort\u00fcbergreifenden Sommerworkshop der Gruppe Dr. van de Sandt und Stollner Beteiligungs GmbH in Wolfsburg teil.\" \/>\n<meta property=\"og:url\" content=\"https:\/\/enlite.de\/en\/sommerworkshop-2025-sommer-sonne-teamgeist\/\" \/>\n<meta property=\"og:site_name\" content=\"ENLITE Management and Engineering\" \/>\n<meta property=\"article:published_time\" content=\"2025-07-22T15:37:15+00:00\" \/>\n<meta property=\"article:modified_time\" content=\"2026-03-05T08:49:08+00:00\" \/>\n<meta property=\"og:image\" content=\"https:\/\/enlite.de\/wp-content\/uploads\/sites\/6\/2025\/07\/Sommerworkshop-2025-Web.jpg\" \/>\n\t<meta property=\"og:image:width\" content=\"900\" \/>\n\t<meta property=\"og:image:height\" content=\"500\" \/>\n\t<meta property=\"og:image:type\" content=\"image\/jpeg\" \/>\n<meta name=\"author\" content=\"Redaktion\" \/>\n<meta name=\"twitter:card\" content=\"summary_large_image\" \/>\n<meta name=\"twitter:label1\" content=\"Written by\" \/>\n\t<meta name=\"twitter:data1\" content=\"Redaktion\" \/>\n\t<meta name=\"twitter:label2\" content=\"Est. reading time\" \/>\n\t<meta name=\"twitter:data2\" content=\"4 minutes\" \/>\n<script type=\"application\/ld+json\" class=\"yoast-schema-graph\">{\"@context\":\"https:\\\/\\\/schema.org\",\"@graph\":[{\"@type\":\"Article\",\"@id\":\"https:\\\/\\\/enlite.de\\\/sommerworkshop-2025-sommer-sonne-teamgeist\\\/#article\",\"isPartOf\":{\"@id\":\"https:\\\/\\\/enlite.de\\\/sommerworkshop-2025-sommer-sonne-teamgeist\\\/\"},\"author\":{\"name\":\"Redaktion\",\"@id\":\"https:\\\/\\\/enlite.de\\\/#\\\/schema\\\/person\\\/52a79322edcd94cd0015dce06caefac1\"},\"headline\":\"Sommerworkshop 2025: Sommer, Sonne, Teamgeist!\",\"datePublished\":\"2025-07-22T15:37:15+00:00\",\"dateModified\":\"2026-03-05T08:49:08+00:00\",\"mainEntityOfPage\":{\"@id\":\"https:\\\/\\\/enlite.de\\\/sommerworkshop-2025-sommer-sonne-teamgeist\\\/\"},\"wordCount\":615,\"commentCount\":0,\"image\":{\"@id\":\"https:\\\/\\\/enlite.de\\\/sommerworkshop-2025-sommer-sonne-teamgeist\\\/#primaryimage\"},\"thumbnailUrl\":\"https:\\\/\\\/enlite.de\\\/wp-content\\\/uploads\\\/sites\\\/6\\\/2025\\\/07\\\/Sommerworkshop-2025-Web.jpg\",\"articleSection\":[\"Allgemein\"],\"inLanguage\":\"en-US\",\"potentialAction\":[{\"@type\":\"CommentAction\",\"name\":\"Comment\",\"target\":[\"https:\\\/\\\/enlite.de\\\/sommerworkshop-2025-sommer-sonne-teamgeist\\\/#respond\"]}]},{\"@type\":\"WebPage\",\"@id\":\"https:\\\/\\\/enlite.de\\\/sommerworkshop-2025-sommer-sonne-teamgeist\\\/\",\"url\":\"https:\\\/\\\/enlite.de\\\/sommerworkshop-2025-sommer-sonne-teamgeist\\\/\",\"name\":\"Sommerworkshop 2025: Sommer, Sonne, Teamgeist! - ENLITE Management and Engineering\",\"isPartOf\":{\"@id\":\"https:\\\/\\\/enlite.de\\\/#website\"},\"primaryImageOfPage\":{\"@id\":\"https:\\\/\\\/enlite.de\\\/sommerworkshop-2025-sommer-sonne-teamgeist\\\/#primaryimage\"},\"image\":{\"@id\":\"https:\\\/\\\/enlite.de\\\/sommerworkshop-2025-sommer-sonne-teamgeist\\\/#primaryimage\"},\"thumbnailUrl\":\"https:\\\/\\\/enlite.de\\\/wp-content\\\/uploads\\\/sites\\\/6\\\/2025\\\/07\\\/Sommerworkshop-2025-Web.jpg\",\"datePublished\":\"2025-07-22T15:37:15+00:00\",\"dateModified\":\"2026-03-05T08:49:08+00:00\",\"author\":{\"@id\":\"https:\\\/\\\/enlite.de\\\/#\\\/schema\\\/person\\\/52a79322edcd94cd0015dce06caefac1\"},\"description\":\"ENLITE nahm am standort\u00fcbergreifenden Sommerworkshop der Gruppe Dr. van de Sandt und Stollner Beteiligungs GmbH in Wolfsburg teil.\",\"breadcrumb\":{\"@id\":\"https:\\\/\\\/enlite.de\\\/sommerworkshop-2025-sommer-sonne-teamgeist\\\/#breadcrumb\"},\"inLanguage\":\"en-US\",\"potentialAction\":[{\"@type\":\"ReadAction\",\"target\":[\"https:\\\/\\\/enlite.de\\\/sommerworkshop-2025-sommer-sonne-teamgeist\\\/\"]}]},{\"@type\":\"ImageObject\",\"inLanguage\":\"en-US\",\"@id\":\"https:\\\/\\\/enlite.de\\\/sommerworkshop-2025-sommer-sonne-teamgeist\\\/#primaryimage\",\"url\":\"https:\\\/\\\/enlite.de\\\/wp-content\\\/uploads\\\/sites\\\/6\\\/2025\\\/07\\\/Sommerworkshop-2025-Web.jpg\",\"contentUrl\":\"https:\\\/\\\/enlite.de\\\/wp-content\\\/uploads\\\/sites\\\/6\\\/2025\\\/07\\\/Sommerworkshop-2025-Web.jpg\",\"width\":900,\"height\":500,\"caption\":\"Sommerworkshop 2025\"},{\"@type\":\"BreadcrumbList\",\"@id\":\"https:\\\/\\\/enlite.de\\\/sommerworkshop-2025-sommer-sonne-teamgeist\\\/#breadcrumb\",\"itemListElement\":[{\"@type\":\"ListItem\",\"position\":1,\"name\":\"Startseite\",\"item\":\"https:\\\/\\\/enlite.de\\\/\"},{\"@type\":\"ListItem\",\"position\":2,\"name\":\"Sommerworkshop 2025: Sommer, Sonne, Teamgeist!\"}]},{\"@type\":\"WebSite\",\"@id\":\"https:\\\/\\\/enlite.de\\\/#website\",\"url\":\"https:\\\/\\\/enlite.de\\\/\",\"name\":\"ENLITE Management and Engineering\",\"description\":\"\",\"potentialAction\":[{\"@type\":\"SearchAction\",\"target\":{\"@type\":\"EntryPoint\",\"urlTemplate\":\"https:\\\/\\\/enlite.de\\\/?s={search_term_string}\"},\"query-input\":{\"@type\":\"PropertyValueSpecification\",\"valueRequired\":true,\"valueName\":\"search_term_string\"}}],\"inLanguage\":\"en-US\"},{\"@type\":\"Person\",\"@id\":\"https:\\\/\\\/enlite.de\\\/#\\\/schema\\\/person\\\/52a79322edcd94cd0015dce06caefac1\",\"name\":\"Redaktion\",\"image\":{\"@type\":\"ImageObject\",\"inLanguage\":\"en-US\",\"@id\":\"https:\\\/\\\/secure.gravatar.com\\\/avatar\\\/114afc5f9a8d6580738c5a81ff48185fbfb3142f7bbe3fc62429ffeb8b816b6a?s=96&d=mm&r=g\",\"url\":\"https:\\\/\\\/secure.gravatar.com\\\/avatar\\\/114afc5f9a8d6580738c5a81ff48185fbfb3142f7bbe3fc62429ffeb8b816b6a?s=96&d=mm&r=g\",\"contentUrl\":\"https:\\\/\\\/secure.gravatar.com\\\/avatar\\\/114afc5f9a8d6580738c5a81ff48185fbfb3142f7bbe3fc62429ffeb8b816b6a?s=96&d=mm&r=g\",\"caption\":\"Redaktion\"},\"url\":\"https:\\\/\\\/enlite.de\\\/en\\\/author\\\/redaktion\\\/\"}]}<\/script>\n<!-- \/ Yoast SEO plugin. -->","yoast_head_json":{"title":"Sommerworkshop 2025: Sommer, Sonne, Teamgeist! - ENLITE Management and Engineering","description":"ENLITE nahm am standort\u00fcbergreifenden Sommerworkshop der Gruppe Dr. van de Sandt und Stollner Beteiligungs GmbH in Wolfsburg teil.","robots":{"index":"index","follow":"follow","max-snippet":"max-snippet:-1","max-image-preview":"max-image-preview:large","max-video-preview":"max-video-preview:-1"},"canonical":"https:\/\/enlite.de\/en\/sommerworkshop-2025-sommer-sonne-teamgeist\/","og_locale":"en_US","og_type":"article","og_title":"Sommerworkshop 2025: Sommer, Sonne, Teamgeist! - ENLITE Management and Engineering","og_description":"ENLITE nahm am standort\u00fcbergreifenden Sommerworkshop der Gruppe Dr. van de Sandt und Stollner Beteiligungs GmbH in Wolfsburg teil.","og_url":"https:\/\/enlite.de\/en\/sommerworkshop-2025-sommer-sonne-teamgeist\/","og_site_name":"ENLITE Management and Engineering","article_published_time":"2025-07-22T15:37:15+00:00","article_modified_time":"2026-03-05T08:49:08+00:00","og_image":[{"width":900,"height":500,"url":"https:\/\/enlite.de\/wp-content\/uploads\/sites\/6\/2025\/07\/Sommerworkshop-2025-Web.jpg","type":"image\/jpeg"}],"author":"Redaktion","twitter_card":"summary_large_image","twitter_misc":{"Written by":"Redaktion","Est. reading time":"4 minutes"},"schema":{"@context":"https:\/\/schema.org","@graph":[{"@type":"Article","@id":"https:\/\/enlite.de\/sommerworkshop-2025-sommer-sonne-teamgeist\/#article","isPartOf":{"@id":"https:\/\/enlite.de\/sommerworkshop-2025-sommer-sonne-teamgeist\/"},"author":{"name":"Redaktion","@id":"https:\/\/enlite.de\/#\/schema\/person\/52a79322edcd94cd0015dce06caefac1"},"headline":"Sommerworkshop 2025: Sommer, Sonne, Teamgeist!","datePublished":"2025-07-22T15:37:15+00:00","dateModified":"2026-03-05T08:49:08+00:00","mainEntityOfPage":{"@id":"https:\/\/enlite.de\/sommerworkshop-2025-sommer-sonne-teamgeist\/"},"wordCount":615,"commentCount":0,"image":{"@id":"https:\/\/enlite.de\/sommerworkshop-2025-sommer-sonne-teamgeist\/#primaryimage"},"thumbnailUrl":"https:\/\/enlite.de\/wp-content\/uploads\/sites\/6\/2025\/07\/Sommerworkshop-2025-Web.jpg","articleSection":["Allgemein"],"inLanguage":"en-US","potentialAction":[{"@type":"CommentAction","name":"Comment","target":["https:\/\/enlite.de\/sommerworkshop-2025-sommer-sonne-teamgeist\/#respond"]}]},{"@type":"WebPage","@id":"https:\/\/enlite.de\/sommerworkshop-2025-sommer-sonne-teamgeist\/","url":"https:\/\/enlite.de\/sommerworkshop-2025-sommer-sonne-teamgeist\/","name":"Sommerworkshop 2025: Sommer, Sonne, Teamgeist! - ENLITE Management and Engineering","isPartOf":{"@id":"https:\/\/enlite.de\/#website"},"primaryImageOfPage":{"@id":"https:\/\/enlite.de\/sommerworkshop-2025-sommer-sonne-teamgeist\/#primaryimage"},"image":{"@id":"https:\/\/enlite.de\/sommerworkshop-2025-sommer-sonne-teamgeist\/#primaryimage"},"thumbnailUrl":"https:\/\/enlite.de\/wp-content\/uploads\/sites\/6\/2025\/07\/Sommerworkshop-2025-Web.jpg","datePublished":"2025-07-22T15:37:15+00:00","dateModified":"2026-03-05T08:49:08+00:00","author":{"@id":"https:\/\/enlite.de\/#\/schema\/person\/52a79322edcd94cd0015dce06caefac1"},"description":"ENLITE nahm am standort\u00fcbergreifenden Sommerworkshop der Gruppe Dr. van de Sandt und Stollner Beteiligungs GmbH in Wolfsburg teil.","breadcrumb":{"@id":"https:\/\/enlite.de\/sommerworkshop-2025-sommer-sonne-teamgeist\/#breadcrumb"},"inLanguage":"en-US","potentialAction":[{"@type":"ReadAction","target":["https:\/\/enlite.de\/sommerworkshop-2025-sommer-sonne-teamgeist\/"]}]},{"@type":"ImageObject","inLanguage":"en-US","@id":"https:\/\/enlite.de\/sommerworkshop-2025-sommer-sonne-teamgeist\/#primaryimage","url":"https:\/\/enlite.de\/wp-content\/uploads\/sites\/6\/2025\/07\/Sommerworkshop-2025-Web.jpg","contentUrl":"https:\/\/enlite.de\/wp-content\/uploads\/sites\/6\/2025\/07\/Sommerworkshop-2025-Web.jpg","width":900,"height":500,"caption":"Sommerworkshop 2025"},{"@type":"BreadcrumbList","@id":"https:\/\/enlite.de\/sommerworkshop-2025-sommer-sonne-teamgeist\/#breadcrumb","itemListElement":[{"@type":"ListItem","position":1,"name":"Startseite","item":"https:\/\/enlite.de\/"},{"@type":"ListItem","position":2,"name":"Sommerworkshop 2025: Sommer, Sonne, Teamgeist!"}]},{"@type":"WebSite","@id":"https:\/\/enlite.de\/#website","url":"https:\/\/enlite.de\/","name":"ENLITE Management and Engineering","description":"","potentialAction":[{"@type":"SearchAction","target":{"@type":"EntryPoint","urlTemplate":"https:\/\/enlite.de\/?s={search_term_string}"},"query-input":{"@type":"PropertyValueSpecification","valueRequired":true,"valueName":"search_term_string"}}],"inLanguage":"en-US"},{"@type":"Person","@id":"https:\/\/enlite.de\/#\/schema\/person\/52a79322edcd94cd0015dce06caefac1","name":"Redaktion","image":{"@type":"ImageObject","inLanguage":"en-US","@id":"https:\/\/secure.gravatar.com\/avatar\/114afc5f9a8d6580738c5a81ff48185fbfb3142f7bbe3fc62429ffeb8b816b6a?s=96&d=mm&r=g","url":"https:\/\/secure.gravatar.com\/avatar\/114afc5f9a8d6580738c5a81ff48185fbfb3142f7bbe3fc62429ffeb8b816b6a?s=96&d=mm&r=g","contentUrl":"https:\/\/secure.gravatar.com\/avatar\/114afc5f9a8d6580738c5a81ff48185fbfb3142f7bbe3fc62429ffeb8b816b6a?s=96&d=mm&r=g","caption":"Redaktion"},"url":"https:\/\/enlite.de\/en\/author\/redaktion\/"}]}},"_links":{"self":[{"href":"https:\/\/enlite.de\/en\/wp-json\/wp\/v2\/posts\/6626","targetHints":{"allow":["GET"]}}],"collection":[{"href":"https:\/\/enlite.de\/en\/wp-json\/wp\/v2\/posts"}],"about":[{"href":"https:\/\/enlite.de\/en\/wp-json\/wp\/v2\/types\/post"}],"author":[{"embeddable":true,"href":"https:\/\/enlite.de\/en\/wp-json\/wp\/v2\/users\/3"}],"replies":[{"embeddable":true,"href":"https:\/\/enlite.de\/en\/wp-json\/wp\/v2\/comments?post=6626"}],"version-history":[{"count":2,"href":"https:\/\/enlite.de\/en\/wp-json\/wp\/v2\/posts\/6626\/revisions"}],"predecessor-version":[{"id":6629,"href":"https:\/\/enlite.de\/en\/wp-json\/wp\/v2\/posts\/6626\/revisions\/6629"}],"wp:featuredmedia":[{"embeddable":true,"href":"https:\/\/enlite.de\/en\/wp-json\/wp\/v2\/media\/6594"}],"wp:attachment":[{"href":"https:\/\/enlite.de\/en\/wp-json\/wp\/v2\/media?parent=6626"}],"wp:term":[{"taxonomy":"category","embeddable":true,"href":"https:\/\/enlite.de\/en\/wp-json\/wp\/v2\/categories?post=6626"},{"taxonomy":"post_tag","embeddable":true,"href":"https:\/\/enlite.de\/en\/wp-json\/wp\/v2\/tags?post=6626"}],"curies":[{"name":"wp","href":"https:\/\/api.w.org\/{rel}","templated":true}]}}