{"id":6489,"date":"2025-05-29T09:00:02","date_gmt":"2025-05-29T07:00:02","guid":{"rendered":"https:\/\/enlite.de\/?p=6489"},"modified":"2025-05-30T08:46:50","modified_gmt":"2025-05-30T06:46:50","slug":"enlite-beim-bdew-kongress-2025-in-berlin","status":"publish","type":"post","link":"https:\/\/enlite.de\/en\/enlite-beim-bdew-kongress-2025-in-berlin\/","title":{"rendered":"Zukunft der Energie: ENLITE beim BDEW Kongress 2025 in Berlin"},"content":{"rendered":"<div class=\"fusion-fullwidth fullwidth-box fusion-builder-row-1 fusion-flex-container has-pattern-background has-mask-background nonhundred-percent-fullwidth non-hundred-percent-height-scrolling\" style=\"--awb-border-radius-top-left:0px;--awb-border-radius-top-right:0px;--awb-border-radius-bottom-right:0px;--awb-border-radius-bottom-left:0px;--awb-flex-wrap:wrap;\" ><div class=\"fusion-builder-row fusion-row fusion-flex-align-items-flex-start fusion-flex-content-wrap\" style=\"max-width:1331.2px;margin-left: calc(-4% \/ 2 );margin-right: calc(-4% \/ 2 );\"><div class=\"fusion-layout-column fusion_builder_column fusion-builder-column-0 fusion_builder_column_1_1 1_1 fusion-flex-column\" style=\"--awb-bg-size:cover;--awb-width-large:100%;--awb-margin-top-large:16px;--awb-spacing-right-large:1.92%;--awb-margin-bottom-large:16px;--awb-spacing-left-large:1.92%;--awb-width-medium:100%;--awb-order-medium:0;--awb-spacing-right-medium:1.92%;--awb-spacing-left-medium:1.92%;--awb-width-small:100%;--awb-order-small:0;--awb-spacing-right-small:1.92%;--awb-spacing-left-small:1.92%;\"><div class=\"fusion-column-wrapper fusion-column-has-shadow fusion-flex-justify-content-flex-start fusion-content-layout-column\"><div class=\"fusion-text fusion-text-1\"><p><span data-contrast=\"auto\">ENLITE ist auch in diesem Jahr wieder auf dem BDEW Kongress vertreten, der am 4. und 5. Juni 2025 in der STATION-Berlin stattfindet. Als eine der zentralen Veranstaltungen der Energiebranche bringt der Kongress rund 1.600 Entscheidungstr\u00e4gerinnen und Entscheidungstr\u00e4ger aus Politik, Wirtschaft und Wissenschaft zusammen, um aktuelle Entwicklungen, Herausforderungen und Chancen der Energiewende zu diskutieren.<\/span><span data-ccp-props=\"\">\u00a0<\/span><\/p>\n<p><span data-contrast=\"auto\">Unter dem diesj\u00e4hrigen Motto <\/span><i><span data-contrast=\"auto\">\u201eMehr als Energie\"<\/span><\/i><span data-contrast=\"auto\"> stehen insbesondere Themen wie die Transformation des Energiesystems, Versorgungssicherheit, Wirtschaftlichkeit und innovative L\u00f6sungen im Mittelpunkt. In einem vielf\u00e4ltigen Programm mit Keynotes, Podiumsdiskussionen, Panels und interaktiven Formaten werden unter anderem folgende Themen adressiert:<\/span><span data-ccp-props=\"\">\u00a0<\/span><\/p>\n<ul>\n<li data-leveltext=\"\uf0b7\" data-font=\"Symbol\" data-listid=\"2\" data-list-defn-props=\"{\" data-aria-posinset=\"1\" data-aria-level=\"1\"><span data-contrast=\"auto\">Der internationale Wettbewerb im Bereich erneuerbarer Technologien<\/span><span data-ccp-props=\"\">\u00a0<\/span><\/li>\n<\/ul>\n<ul>\n<li data-leveltext=\"\uf0b7\" data-font=\"Symbol\" data-listid=\"2\" data-list-defn-props=\"{\" data-aria-posinset=\"2\" data-aria-level=\"1\"><span data-contrast=\"auto\">Speichertechnologien und ihre Rolle f\u00fcr die Energiewende<\/span><span data-ccp-props=\"\">\u00a0<\/span><\/li>\n<\/ul>\n<ul>\n<li data-leveltext=\"\uf0b7\" data-font=\"Symbol\" data-listid=\"2\" data-list-defn-props=\"{\" data-aria-posinset=\"3\" data-aria-level=\"1\"><span data-contrast=\"auto\">Der Ausbau und die Digitalisierung der Stromnetze<\/span><span data-ccp-props=\"\">\u00a0<\/span><\/li>\n<\/ul>\n<ul>\n<li data-leveltext=\"\uf0b7\" data-font=\"Symbol\" data-listid=\"2\" data-list-defn-props=\"{\" data-aria-posinset=\"4\" data-aria-level=\"1\"><span data-contrast=\"auto\">Finanzierung der kommunalen W\u00e4rmewende<\/span><span data-ccp-props=\"\">\u00a0<\/span><\/li>\n<\/ul>\n<ul>\n<li data-leveltext=\"\uf0b7\" data-font=\"Symbol\" data-listid=\"2\" data-list-defn-props=\"{\" data-aria-posinset=\"5\" data-aria-level=\"1\"><span data-contrast=\"auto\">Entwicklungen in der Wasserstoffwirtschaft<\/span><span data-ccp-props=\"\">\u00a0<\/span><\/li>\n<\/ul>\n<ul>\n<li data-leveltext=\"\uf0b7\" data-font=\"Symbol\" data-listid=\"2\" data-list-defn-props=\"{\" data-aria-posinset=\"6\" data-aria-level=\"1\"><span data-contrast=\"auto\">Neue Gesch\u00e4ftsmodelle wie Prosuming, Energy Sharing und Mieterstrom<\/span><span data-ccp-props=\"\">\u00a0<\/span><\/li>\n<\/ul>\n<ul>\n<li data-leveltext=\"\uf0b7\" data-font=\"Symbol\" data-listid=\"2\" data-list-defn-props=\"{\" data-aria-posinset=\"7\" data-aria-level=\"1\"><span data-contrast=\"auto\">Resilienz und Sicherheit kritischer Infrastrukturen<\/span><span data-ccp-props=\"\">\u00a0<\/span><\/li>\n<\/ul>\n<p><span data-contrast=\"auto\">Die Veranstaltung bietet dar\u00fcber hinaus zahlreiche M\u00f6glichkeiten zum pers\u00f6nlichen Austausch \u2013 unter anderem im Rahmen des Auftakt-Abends am 3. Juni, beim Feier-Abend am 4. Juni oder dem Power-Fr\u00fchst\u00fcck am 5. Juni. Zus\u00e4tzlich gibt es spezielle Formate f\u00fcr Nachwuchskr\u00e4fte und Frauen in der Energiewirtschaft.<\/span><span data-ccp-props=\"\">\u00a0<\/span><\/p>\n<p><span data-contrast=\"auto\">Als Beratungspartner f\u00fcr die Transformation der Energiebranche ist ENLITE mit einem eigenen Stand (Stand 18) mit Thorsten Granzow (Business-Unit Manager), Jan-Paul Kupser (Standortleiter Berlin) und Hendrik Langer (Prokurist) vor Ort. Besucherinnen und Besucher sind herzlich eingeladen, mit dem ENLITE-Team \u00fcber aktuelle Projekte, technologische Trends und strategische Fragen der Energiewende ins Gespr\u00e4ch zu kommen.<\/span><span data-ccp-props=\"\">\u00a0<\/span><\/p>\n<p><span data-contrast=\"auto\">Weitere Informationen zum BDEW Kongress 2025 finden Sie unter: <\/span><a href=\"https:\/\/www.bdew-kongress.de\/\" target=\"_blank\" rel=\"noopener\"><span data-contrast=\"none\">www.bdew-kongress.de<\/span><\/a><span data-ccp-props=\"\">\u00a0<\/span><\/p>\n<\/div><\/div><\/div><\/div><\/div>","protected":false},"excerpt":{"rendered":"","protected":false},"author":3,"featured_media":6490,"comment_status":"open","ping_status":"open","sticky":false,"template":"","format":"standard","meta":{"footnotes":""},"categories":[1],"tags":[],"class_list":["post-6489","post","type-post","status-publish","format-standard","has-post-thumbnail","hentry","category-allgemein"],"yoast_head":"<!-- This site is optimized with the Yoast SEO plugin v27.5 - https:\/\/yoast.com\/product\/yoast-seo-wordpress\/ -->\n<title>Zukunft der Energie: ENLITE beim BDEW Kongress 2025 in Berlin - ENLITE<\/title>\n<meta name=\"description\" content=\"Am 4. und 5. Juni ist die ENLITE Management &amp; Engineering GmbH auf dem BDEW Kongress 2025\" \/>\n<meta name=\"robots\" content=\"index, follow, max-snippet:-1, max-image-preview:large, max-video-preview:-1\" \/>\n<link rel=\"canonical\" href=\"https:\/\/enlite.de\/en\/enlite-beim-bdew-kongress-2025-in-berlin\/\" \/>\n<meta property=\"og:locale\" content=\"en_US\" \/>\n<meta property=\"og:type\" content=\"article\" \/>\n<meta property=\"og:title\" content=\"Zukunft der Energie: ENLITE beim BDEW Kongress 2025 in Berlin - ENLITE\" \/>\n<meta property=\"og:description\" content=\"Am 4. und 5. Juni ist die ENLITE Management &amp; Engineering GmbH auf dem BDEW Kongress 2025\" \/>\n<meta property=\"og:url\" content=\"https:\/\/enlite.de\/en\/enlite-beim-bdew-kongress-2025-in-berlin\/\" \/>\n<meta property=\"og:site_name\" content=\"ENLITE Management and Engineering\" \/>\n<meta property=\"article:published_time\" content=\"2025-05-29T07:00:02+00:00\" \/>\n<meta property=\"article:modified_time\" content=\"2025-05-30T06:46:50+00:00\" \/>\n<meta property=\"og:image\" content=\"https:\/\/enlite.de\/wp-content\/uploads\/sites\/6\/2025\/05\/bdewk25_social-media-grafik_aussteller_quer.jpg\" \/>\n\t<meta property=\"og:image:width\" content=\"1200\" \/>\n\t<meta property=\"og:image:height\" content=\"627\" \/>\n\t<meta property=\"og:image:type\" content=\"image\/jpeg\" \/>\n<meta name=\"author\" content=\"Redaktion\" \/>\n<meta name=\"twitter:card\" content=\"summary_large_image\" \/>\n<meta name=\"twitter:label1\" content=\"Written by\" \/>\n\t<meta name=\"twitter:data1\" content=\"Redaktion\" \/>\n\t<meta name=\"twitter:label2\" content=\"Est. reading time\" \/>\n\t<meta name=\"twitter:data2\" content=\"2 minutes\" \/>\n<script type=\"application\/ld+json\" class=\"yoast-schema-graph\">{\"@context\":\"https:\\\/\\\/schema.org\",\"@graph\":[{\"@type\":\"Article\",\"@id\":\"https:\\\/\\\/enlite.de\\\/enlite-beim-bdew-kongress-2025-in-berlin\\\/#article\",\"isPartOf\":{\"@id\":\"https:\\\/\\\/enlite.de\\\/enlite-beim-bdew-kongress-2025-in-berlin\\\/\"},\"author\":{\"name\":\"Redaktion\",\"@id\":\"https:\\\/\\\/enlite.de\\\/#\\\/schema\\\/person\\\/52a79322edcd94cd0015dce06caefac1\"},\"headline\":\"Zukunft der Energie: ENLITE beim BDEW Kongress 2025 in Berlin\",\"datePublished\":\"2025-05-29T07:00:02+00:00\",\"dateModified\":\"2025-05-30T06:46:50+00:00\",\"mainEntityOfPage\":{\"@id\":\"https:\\\/\\\/enlite.de\\\/enlite-beim-bdew-kongress-2025-in-berlin\\\/\"},\"wordCount\":793,\"commentCount\":0,\"image\":{\"@id\":\"https:\\\/\\\/enlite.de\\\/enlite-beim-bdew-kongress-2025-in-berlin\\\/#primaryimage\"},\"thumbnailUrl\":\"https:\\\/\\\/enlite.de\\\/wp-content\\\/uploads\\\/sites\\\/6\\\/2025\\\/05\\\/bdewk25_social-media-grafik_aussteller_quer.jpg\",\"articleSection\":[\"Allgemein\"],\"inLanguage\":\"en-US\",\"potentialAction\":[{\"@type\":\"CommentAction\",\"name\":\"Comment\",\"target\":[\"https:\\\/\\\/enlite.de\\\/enlite-beim-bdew-kongress-2025-in-berlin\\\/#respond\"]}]},{\"@type\":\"WebPage\",\"@id\":\"https:\\\/\\\/enlite.de\\\/enlite-beim-bdew-kongress-2025-in-berlin\\\/\",\"url\":\"https:\\\/\\\/enlite.de\\\/enlite-beim-bdew-kongress-2025-in-berlin\\\/\",\"name\":\"Zukunft der Energie: ENLITE beim BDEW Kongress 2025 in Berlin - ENLITE\",\"isPartOf\":{\"@id\":\"https:\\\/\\\/enlite.de\\\/#website\"},\"primaryImageOfPage\":{\"@id\":\"https:\\\/\\\/enlite.de\\\/enlite-beim-bdew-kongress-2025-in-berlin\\\/#primaryimage\"},\"image\":{\"@id\":\"https:\\\/\\\/enlite.de\\\/enlite-beim-bdew-kongress-2025-in-berlin\\\/#primaryimage\"},\"thumbnailUrl\":\"https:\\\/\\\/enlite.de\\\/wp-content\\\/uploads\\\/sites\\\/6\\\/2025\\\/05\\\/bdewk25_social-media-grafik_aussteller_quer.jpg\",\"datePublished\":\"2025-05-29T07:00:02+00:00\",\"dateModified\":\"2025-05-30T06:46:50+00:00\",\"author\":{\"@id\":\"https:\\\/\\\/enlite.de\\\/#\\\/schema\\\/person\\\/52a79322edcd94cd0015dce06caefac1\"},\"description\":\"Am 4. und 5. Juni ist die ENLITE Management & Engineering GmbH auf dem BDEW Kongress 2025\",\"breadcrumb\":{\"@id\":\"https:\\\/\\\/enlite.de\\\/enlite-beim-bdew-kongress-2025-in-berlin\\\/#breadcrumb\"},\"inLanguage\":\"en-US\",\"potentialAction\":[{\"@type\":\"ReadAction\",\"target\":[\"https:\\\/\\\/enlite.de\\\/enlite-beim-bdew-kongress-2025-in-berlin\\\/\"]}]},{\"@type\":\"ImageObject\",\"inLanguage\":\"en-US\",\"@id\":\"https:\\\/\\\/enlite.de\\\/enlite-beim-bdew-kongress-2025-in-berlin\\\/#primaryimage\",\"url\":\"https:\\\/\\\/enlite.de\\\/wp-content\\\/uploads\\\/sites\\\/6\\\/2025\\\/05\\\/bdewk25_social-media-grafik_aussteller_quer.jpg\",\"contentUrl\":\"https:\\\/\\\/enlite.de\\\/wp-content\\\/uploads\\\/sites\\\/6\\\/2025\\\/05\\\/bdewk25_social-media-grafik_aussteller_quer.jpg\",\"width\":1200,\"height\":627,\"caption\":\"Teaserbild BDEW Kongress 2025\"},{\"@type\":\"BreadcrumbList\",\"@id\":\"https:\\\/\\\/enlite.de\\\/enlite-beim-bdew-kongress-2025-in-berlin\\\/#breadcrumb\",\"itemListElement\":[{\"@type\":\"ListItem\",\"position\":1,\"name\":\"Startseite\",\"item\":\"https:\\\/\\\/enlite.de\\\/\"},{\"@type\":\"ListItem\",\"position\":2,\"name\":\"Zukunft der Energie: ENLITE beim BDEW Kongress 2025 in Berlin\"}]},{\"@type\":\"WebSite\",\"@id\":\"https:\\\/\\\/enlite.de\\\/#website\",\"url\":\"https:\\\/\\\/enlite.de\\\/\",\"name\":\"ENLITE Management and Engineering\",\"description\":\"\",\"potentialAction\":[{\"@type\":\"SearchAction\",\"target\":{\"@type\":\"EntryPoint\",\"urlTemplate\":\"https:\\\/\\\/enlite.de\\\/?s={search_term_string}\"},\"query-input\":{\"@type\":\"PropertyValueSpecification\",\"valueRequired\":true,\"valueName\":\"search_term_string\"}}],\"inLanguage\":\"en-US\"},{\"@type\":\"Person\",\"@id\":\"https:\\\/\\\/enlite.de\\\/#\\\/schema\\\/person\\\/52a79322edcd94cd0015dce06caefac1\",\"name\":\"Redaktion\",\"image\":{\"@type\":\"ImageObject\",\"inLanguage\":\"en-US\",\"@id\":\"https:\\\/\\\/secure.gravatar.com\\\/avatar\\\/114afc5f9a8d6580738c5a81ff48185fbfb3142f7bbe3fc62429ffeb8b816b6a?s=96&d=mm&r=g\",\"url\":\"https:\\\/\\\/secure.gravatar.com\\\/avatar\\\/114afc5f9a8d6580738c5a81ff48185fbfb3142f7bbe3fc62429ffeb8b816b6a?s=96&d=mm&r=g\",\"contentUrl\":\"https:\\\/\\\/secure.gravatar.com\\\/avatar\\\/114afc5f9a8d6580738c5a81ff48185fbfb3142f7bbe3fc62429ffeb8b816b6a?s=96&d=mm&r=g\",\"caption\":\"Redaktion\"},\"url\":\"https:\\\/\\\/enlite.de\\\/en\\\/author\\\/redaktion\\\/\"}]}<\/script>\n<!-- \/ Yoast SEO plugin. -->","yoast_head_json":{"title":"Zukunft der Energie: ENLITE beim BDEW Kongress 2025 in Berlin - ENLITE","description":"Am 4. und 5. Juni ist die ENLITE Management & Engineering GmbH auf dem BDEW Kongress 2025","robots":{"index":"index","follow":"follow","max-snippet":"max-snippet:-1","max-image-preview":"max-image-preview:large","max-video-preview":"max-video-preview:-1"},"canonical":"https:\/\/enlite.de\/en\/enlite-beim-bdew-kongress-2025-in-berlin\/","og_locale":"en_US","og_type":"article","og_title":"Zukunft der Energie: ENLITE beim BDEW Kongress 2025 in Berlin - ENLITE","og_description":"Am 4. und 5. Juni ist die ENLITE Management & Engineering GmbH auf dem BDEW Kongress 2025","og_url":"https:\/\/enlite.de\/en\/enlite-beim-bdew-kongress-2025-in-berlin\/","og_site_name":"ENLITE Management and Engineering","article_published_time":"2025-05-29T07:00:02+00:00","article_modified_time":"2025-05-30T06:46:50+00:00","og_image":[{"width":1200,"height":627,"url":"https:\/\/enlite.de\/wp-content\/uploads\/sites\/6\/2025\/05\/bdewk25_social-media-grafik_aussteller_quer.jpg","type":"image\/jpeg"}],"author":"Redaktion","twitter_card":"summary_large_image","twitter_misc":{"Written by":"Redaktion","Est. reading time":"2 minutes"},"schema":{"@context":"https:\/\/schema.org","@graph":[{"@type":"Article","@id":"https:\/\/enlite.de\/enlite-beim-bdew-kongress-2025-in-berlin\/#article","isPartOf":{"@id":"https:\/\/enlite.de\/enlite-beim-bdew-kongress-2025-in-berlin\/"},"author":{"name":"Redaktion","@id":"https:\/\/enlite.de\/#\/schema\/person\/52a79322edcd94cd0015dce06caefac1"},"headline":"Zukunft der Energie: ENLITE beim BDEW Kongress 2025 in Berlin","datePublished":"2025-05-29T07:00:02+00:00","dateModified":"2025-05-30T06:46:50+00:00","mainEntityOfPage":{"@id":"https:\/\/enlite.de\/enlite-beim-bdew-kongress-2025-in-berlin\/"},"wordCount":793,"commentCount":0,"image":{"@id":"https:\/\/enlite.de\/enlite-beim-bdew-kongress-2025-in-berlin\/#primaryimage"},"thumbnailUrl":"https:\/\/enlite.de\/wp-content\/uploads\/sites\/6\/2025\/05\/bdewk25_social-media-grafik_aussteller_quer.jpg","articleSection":["Allgemein"],"inLanguage":"en-US","potentialAction":[{"@type":"CommentAction","name":"Comment","target":["https:\/\/enlite.de\/enlite-beim-bdew-kongress-2025-in-berlin\/#respond"]}]},{"@type":"WebPage","@id":"https:\/\/enlite.de\/enlite-beim-bdew-kongress-2025-in-berlin\/","url":"https:\/\/enlite.de\/enlite-beim-bdew-kongress-2025-in-berlin\/","name":"Zukunft der Energie: ENLITE beim BDEW Kongress 2025 in Berlin - ENLITE","isPartOf":{"@id":"https:\/\/enlite.de\/#website"},"primaryImageOfPage":{"@id":"https:\/\/enlite.de\/enlite-beim-bdew-kongress-2025-in-berlin\/#primaryimage"},"image":{"@id":"https:\/\/enlite.de\/enlite-beim-bdew-kongress-2025-in-berlin\/#primaryimage"},"thumbnailUrl":"https:\/\/enlite.de\/wp-content\/uploads\/sites\/6\/2025\/05\/bdewk25_social-media-grafik_aussteller_quer.jpg","datePublished":"2025-05-29T07:00:02+00:00","dateModified":"2025-05-30T06:46:50+00:00","author":{"@id":"https:\/\/enlite.de\/#\/schema\/person\/52a79322edcd94cd0015dce06caefac1"},"description":"Am 4. und 5. Juni ist die ENLITE Management & Engineering GmbH auf dem BDEW Kongress 2025","breadcrumb":{"@id":"https:\/\/enlite.de\/enlite-beim-bdew-kongress-2025-in-berlin\/#breadcrumb"},"inLanguage":"en-US","potentialAction":[{"@type":"ReadAction","target":["https:\/\/enlite.de\/enlite-beim-bdew-kongress-2025-in-berlin\/"]}]},{"@type":"ImageObject","inLanguage":"en-US","@id":"https:\/\/enlite.de\/enlite-beim-bdew-kongress-2025-in-berlin\/#primaryimage","url":"https:\/\/enlite.de\/wp-content\/uploads\/sites\/6\/2025\/05\/bdewk25_social-media-grafik_aussteller_quer.jpg","contentUrl":"https:\/\/enlite.de\/wp-content\/uploads\/sites\/6\/2025\/05\/bdewk25_social-media-grafik_aussteller_quer.jpg","width":1200,"height":627,"caption":"Teaserbild BDEW Kongress 2025"},{"@type":"BreadcrumbList","@id":"https:\/\/enlite.de\/enlite-beim-bdew-kongress-2025-in-berlin\/#breadcrumb","itemListElement":[{"@type":"ListItem","position":1,"name":"Startseite","item":"https:\/\/enlite.de\/"},{"@type":"ListItem","position":2,"name":"Zukunft der Energie: ENLITE beim BDEW Kongress 2025 in Berlin"}]},{"@type":"WebSite","@id":"https:\/\/enlite.de\/#website","url":"https:\/\/enlite.de\/","name":"ENLITE Management and Engineering","description":"","potentialAction":[{"@type":"SearchAction","target":{"@type":"EntryPoint","urlTemplate":"https:\/\/enlite.de\/?s={search_term_string}"},"query-input":{"@type":"PropertyValueSpecification","valueRequired":true,"valueName":"search_term_string"}}],"inLanguage":"en-US"},{"@type":"Person","@id":"https:\/\/enlite.de\/#\/schema\/person\/52a79322edcd94cd0015dce06caefac1","name":"Redaktion","image":{"@type":"ImageObject","inLanguage":"en-US","@id":"https:\/\/secure.gravatar.com\/avatar\/114afc5f9a8d6580738c5a81ff48185fbfb3142f7bbe3fc62429ffeb8b816b6a?s=96&d=mm&r=g","url":"https:\/\/secure.gravatar.com\/avatar\/114afc5f9a8d6580738c5a81ff48185fbfb3142f7bbe3fc62429ffeb8b816b6a?s=96&d=mm&r=g","contentUrl":"https:\/\/secure.gravatar.com\/avatar\/114afc5f9a8d6580738c5a81ff48185fbfb3142f7bbe3fc62429ffeb8b816b6a?s=96&d=mm&r=g","caption":"Redaktion"},"url":"https:\/\/enlite.de\/en\/author\/redaktion\/"}]}},"_links":{"self":[{"href":"https:\/\/enlite.de\/en\/wp-json\/wp\/v2\/posts\/6489","targetHints":{"allow":["GET"]}}],"collection":[{"href":"https:\/\/enlite.de\/en\/wp-json\/wp\/v2\/posts"}],"about":[{"href":"https:\/\/enlite.de\/en\/wp-json\/wp\/v2\/types\/post"}],"author":[{"embeddable":true,"href":"https:\/\/enlite.de\/en\/wp-json\/wp\/v2\/users\/3"}],"replies":[{"embeddable":true,"href":"https:\/\/enlite.de\/en\/wp-json\/wp\/v2\/comments?post=6489"}],"version-history":[{"count":3,"href":"https:\/\/enlite.de\/en\/wp-json\/wp\/v2\/posts\/6489\/revisions"}],"predecessor-version":[{"id":6494,"href":"https:\/\/enlite.de\/en\/wp-json\/wp\/v2\/posts\/6489\/revisions\/6494"}],"wp:featuredmedia":[{"embeddable":true,"href":"https:\/\/enlite.de\/en\/wp-json\/wp\/v2\/media\/6490"}],"wp:attachment":[{"href":"https:\/\/enlite.de\/en\/wp-json\/wp\/v2\/media?parent=6489"}],"wp:term":[{"taxonomy":"category","embeddable":true,"href":"https:\/\/enlite.de\/en\/wp-json\/wp\/v2\/categories?post=6489"},{"taxonomy":"post_tag","embeddable":true,"href":"https:\/\/enlite.de\/en\/wp-json\/wp\/v2\/tags?post=6489"}],"curies":[{"name":"wp","href":"https:\/\/api.w.org\/{rel}","templated":true}]}}