{"id":6466,"date":"2025-05-14T16:10:05","date_gmt":"2025-05-14T14:10:05","guid":{"rendered":"https:\/\/enlite.de\/?p=6466"},"modified":"2025-05-14T16:10:05","modified_gmt":"2025-05-14T14:10:05","slug":"enlite-auf-der-rub-karrieremesse","status":"publish","type":"post","link":"https:\/\/enlite.de\/en\/enlite-auf-der-rub-karrieremesse\/","title":{"rendered":"ENLITE auf der RUB Karrieremesse"},"content":{"rendered":"<div class=\"fusion-fullwidth fullwidth-box fusion-builder-row-1 fusion-flex-container has-pattern-background has-mask-background nonhundred-percent-fullwidth non-hundred-percent-height-scrolling\" style=\"--awb-border-radius-top-left:0px;--awb-border-radius-top-right:0px;--awb-border-radius-bottom-right:0px;--awb-border-radius-bottom-left:0px;--awb-flex-wrap:wrap;\" ><div class=\"fusion-builder-row fusion-row fusion-flex-align-items-flex-start fusion-flex-content-wrap\" style=\"max-width:1331.2px;margin-left: calc(-4% \/ 2 );margin-right: calc(-4% \/ 2 );\"><div class=\"fusion-layout-column fusion_builder_column fusion-builder-column-0 fusion_builder_column_1_1 1_1 fusion-flex-column\" style=\"--awb-bg-size:cover;--awb-width-large:100%;--awb-margin-top-large:16px;--awb-spacing-right-large:1.92%;--awb-margin-bottom-large:16px;--awb-spacing-left-large:1.92%;--awb-width-medium:100%;--awb-order-medium:0;--awb-spacing-right-medium:1.92%;--awb-spacing-left-medium:1.92%;--awb-width-small:100%;--awb-order-small:0;--awb-spacing-right-small:1.92%;--awb-spacing-left-small:1.92%;\"><div class=\"fusion-column-wrapper fusion-column-has-shadow fusion-flex-justify-content-flex-start fusion-content-layout-column\"><div class=\"fusion-text fusion-text-1\"><p>Am 20. Mai 2025 wird die ENLITE Management &amp; Engineering GmbH auf der RUB Karrieremesse an der Ruhr-Universit\u00e4t Bochum vertreten sein. Studierende und Absolventen mit ingenieurwissenschaftlichem Hintergrund haben die M\u00f6glichkeit das Unternehmen n\u00e4her kennenzulernen und sich \u00fcber aktuelle Stellenangebote zu informieren.<\/p>\n<p>ENLITE ist ein f\u00fchrendes Beratungsunternehmen in der Energiewirtschaft und bietet innovative L\u00f6sungen f\u00fcr die Herausforderungen der Energiewende. Als mehrfach ausgezeichneter Arbeitgeber, unter anderem als Kununu Top Company 2025 und &#8222;Arbeitgeber der Zukunft&#8220;, bietet ENLITE attraktive Karrierechancen und ein zukunftssicheres Arbeitsumfeld.<\/p>\n<p>Besucher der Messe haben die M\u00f6glichkeit, sich direkt am Stand von ENLITE \u00fcber die vielf\u00e4ltigen Karrierem\u00f6glichkeiten zu informieren und wertvolle Kontakte zu kn\u00fcpfen.<\/p>\n<p>Weitere Informationen zur RUB Karrieremesse: <a href=\"https:\/\/rub-karrieremesse.de\/\" target=\"_blank\" rel=\"noopener\">https:\/\/rub-karrieremesse.de<\/a><\/p>\n<\/div><\/div><\/div><\/div><\/div>","protected":false},"excerpt":{"rendered":"","protected":false},"author":3,"featured_media":6467,"comment_status":"open","ping_status":"open","sticky":false,"template":"","format":"standard","meta":{"footnotes":""},"categories":[1],"tags":[],"class_list":["post-6466","post","type-post","status-publish","format-standard","has-post-thumbnail","hentry","category-allgemein"],"yoast_head":"<!-- This site is optimized with the Yoast SEO plugin v27.5 - https:\/\/yoast.com\/product\/yoast-seo-wordpress\/ -->\n<title>ENLITE auf der RUB Karrieremesse - ENLITE<\/title>\n<meta name=\"description\" content=\"Am 20. Mai 2025 wird die ENLITE Management &amp; Engineering GmbH auf der RUB Karrieremesse an der Ruhr-Universit\u00e4t Bochum vertreten sein.\" \/>\n<meta name=\"robots\" content=\"index, follow, max-snippet:-1, max-image-preview:large, max-video-preview:-1\" \/>\n<link rel=\"canonical\" href=\"https:\/\/enlite.de\/en\/enlite-auf-der-rub-karrieremesse\/\" \/>\n<meta property=\"og:locale\" content=\"en_US\" \/>\n<meta property=\"og:type\" content=\"article\" \/>\n<meta property=\"og:title\" content=\"ENLITE auf der RUB Karrieremesse - ENLITE\" \/>\n<meta property=\"og:description\" content=\"Am 20. Mai 2025 wird die ENLITE Management &amp; Engineering GmbH auf der RUB Karrieremesse an der Ruhr-Universit\u00e4t Bochum vertreten sein.\" \/>\n<meta property=\"og:url\" content=\"https:\/\/enlite.de\/en\/enlite-auf-der-rub-karrieremesse\/\" \/>\n<meta property=\"og:site_name\" content=\"ENLITE Management and Engineering\" \/>\n<meta property=\"article:published_time\" content=\"2025-05-14T14:10:05+00:00\" \/>\n<meta property=\"og:image\" content=\"https:\/\/enlite.de\/wp-content\/uploads\/sites\/6\/2025\/05\/RUB-Karrieremesse-2025.jpg\" \/>\n\t<meta property=\"og:image:width\" content=\"900\" \/>\n\t<meta property=\"og:image:height\" content=\"500\" \/>\n\t<meta property=\"og:image:type\" content=\"image\/jpeg\" \/>\n<meta name=\"author\" content=\"Redaktion\" \/>\n<meta name=\"twitter:card\" content=\"summary_large_image\" \/>\n<meta name=\"twitter:label1\" content=\"Written by\" \/>\n\t<meta name=\"twitter:data1\" content=\"Redaktion\" \/>\n\t<meta name=\"twitter:label2\" content=\"Est. reading time\" \/>\n\t<meta name=\"twitter:data2\" content=\"1 minute\" \/>\n<script type=\"application\/ld+json\" class=\"yoast-schema-graph\">{\"@context\":\"https:\\\/\\\/schema.org\",\"@graph\":[{\"@type\":\"Article\",\"@id\":\"https:\\\/\\\/enlite.de\\\/enlite-auf-der-rub-karrieremesse\\\/#article\",\"isPartOf\":{\"@id\":\"https:\\\/\\\/enlite.de\\\/enlite-auf-der-rub-karrieremesse\\\/\"},\"author\":{\"name\":\"Redaktion\",\"@id\":\"https:\\\/\\\/enlite.de\\\/#\\\/schema\\\/person\\\/52a79322edcd94cd0015dce06caefac1\"},\"headline\":\"ENLITE auf der RUB Karrieremesse\",\"datePublished\":\"2025-05-14T14:10:05+00:00\",\"mainEntityOfPage\":{\"@id\":\"https:\\\/\\\/enlite.de\\\/enlite-auf-der-rub-karrieremesse\\\/\"},\"wordCount\":657,\"commentCount\":0,\"image\":{\"@id\":\"https:\\\/\\\/enlite.de\\\/enlite-auf-der-rub-karrieremesse\\\/#primaryimage\"},\"thumbnailUrl\":\"https:\\\/\\\/enlite.de\\\/wp-content\\\/uploads\\\/sites\\\/6\\\/2025\\\/05\\\/RUB-Karrieremesse-2025.jpg\",\"articleSection\":[\"Allgemein\"],\"inLanguage\":\"en-US\",\"potentialAction\":[{\"@type\":\"CommentAction\",\"name\":\"Comment\",\"target\":[\"https:\\\/\\\/enlite.de\\\/enlite-auf-der-rub-karrieremesse\\\/#respond\"]}]},{\"@type\":\"WebPage\",\"@id\":\"https:\\\/\\\/enlite.de\\\/enlite-auf-der-rub-karrieremesse\\\/\",\"url\":\"https:\\\/\\\/enlite.de\\\/enlite-auf-der-rub-karrieremesse\\\/\",\"name\":\"ENLITE auf der RUB Karrieremesse - ENLITE\",\"isPartOf\":{\"@id\":\"https:\\\/\\\/enlite.de\\\/#website\"},\"primaryImageOfPage\":{\"@id\":\"https:\\\/\\\/enlite.de\\\/enlite-auf-der-rub-karrieremesse\\\/#primaryimage\"},\"image\":{\"@id\":\"https:\\\/\\\/enlite.de\\\/enlite-auf-der-rub-karrieremesse\\\/#primaryimage\"},\"thumbnailUrl\":\"https:\\\/\\\/enlite.de\\\/wp-content\\\/uploads\\\/sites\\\/6\\\/2025\\\/05\\\/RUB-Karrieremesse-2025.jpg\",\"datePublished\":\"2025-05-14T14:10:05+00:00\",\"author\":{\"@id\":\"https:\\\/\\\/enlite.de\\\/#\\\/schema\\\/person\\\/52a79322edcd94cd0015dce06caefac1\"},\"description\":\"Am 20. Mai 2025 wird die ENLITE Management & Engineering GmbH auf der RUB Karrieremesse an der Ruhr-Universit\u00e4t Bochum vertreten sein.\",\"breadcrumb\":{\"@id\":\"https:\\\/\\\/enlite.de\\\/enlite-auf-der-rub-karrieremesse\\\/#breadcrumb\"},\"inLanguage\":\"en-US\",\"potentialAction\":[{\"@type\":\"ReadAction\",\"target\":[\"https:\\\/\\\/enlite.de\\\/enlite-auf-der-rub-karrieremesse\\\/\"]}]},{\"@type\":\"ImageObject\",\"inLanguage\":\"en-US\",\"@id\":\"https:\\\/\\\/enlite.de\\\/enlite-auf-der-rub-karrieremesse\\\/#primaryimage\",\"url\":\"https:\\\/\\\/enlite.de\\\/wp-content\\\/uploads\\\/sites\\\/6\\\/2025\\\/05\\\/RUB-Karrieremesse-2025.jpg\",\"contentUrl\":\"https:\\\/\\\/enlite.de\\\/wp-content\\\/uploads\\\/sites\\\/6\\\/2025\\\/05\\\/RUB-Karrieremesse-2025.jpg\",\"width\":900,\"height\":500,\"caption\":\"Teaserbild RUB Karrieremesse 2025\"},{\"@type\":\"BreadcrumbList\",\"@id\":\"https:\\\/\\\/enlite.de\\\/enlite-auf-der-rub-karrieremesse\\\/#breadcrumb\",\"itemListElement\":[{\"@type\":\"ListItem\",\"position\":1,\"name\":\"Startseite\",\"item\":\"https:\\\/\\\/enlite.de\\\/\"},{\"@type\":\"ListItem\",\"position\":2,\"name\":\"ENLITE auf der RUB Karrieremesse\"}]},{\"@type\":\"WebSite\",\"@id\":\"https:\\\/\\\/enlite.de\\\/#website\",\"url\":\"https:\\\/\\\/enlite.de\\\/\",\"name\":\"ENLITE Management and Engineering\",\"description\":\"\",\"potentialAction\":[{\"@type\":\"SearchAction\",\"target\":{\"@type\":\"EntryPoint\",\"urlTemplate\":\"https:\\\/\\\/enlite.de\\\/?s={search_term_string}\"},\"query-input\":{\"@type\":\"PropertyValueSpecification\",\"valueRequired\":true,\"valueName\":\"search_term_string\"}}],\"inLanguage\":\"en-US\"},{\"@type\":\"Person\",\"@id\":\"https:\\\/\\\/enlite.de\\\/#\\\/schema\\\/person\\\/52a79322edcd94cd0015dce06caefac1\",\"name\":\"Redaktion\",\"image\":{\"@type\":\"ImageObject\",\"inLanguage\":\"en-US\",\"@id\":\"https:\\\/\\\/secure.gravatar.com\\\/avatar\\\/114afc5f9a8d6580738c5a81ff48185fbfb3142f7bbe3fc62429ffeb8b816b6a?s=96&d=mm&r=g\",\"url\":\"https:\\\/\\\/secure.gravatar.com\\\/avatar\\\/114afc5f9a8d6580738c5a81ff48185fbfb3142f7bbe3fc62429ffeb8b816b6a?s=96&d=mm&r=g\",\"contentUrl\":\"https:\\\/\\\/secure.gravatar.com\\\/avatar\\\/114afc5f9a8d6580738c5a81ff48185fbfb3142f7bbe3fc62429ffeb8b816b6a?s=96&d=mm&r=g\",\"caption\":\"Redaktion\"},\"url\":\"https:\\\/\\\/enlite.de\\\/en\\\/author\\\/redaktion\\\/\"}]}<\/script>\n<!-- \/ Yoast SEO plugin. -->","yoast_head_json":{"title":"ENLITE auf der RUB Karrieremesse - ENLITE","description":"Am 20. Mai 2025 wird die ENLITE Management & Engineering GmbH auf der RUB Karrieremesse an der Ruhr-Universit\u00e4t Bochum vertreten sein.","robots":{"index":"index","follow":"follow","max-snippet":"max-snippet:-1","max-image-preview":"max-image-preview:large","max-video-preview":"max-video-preview:-1"},"canonical":"https:\/\/enlite.de\/en\/enlite-auf-der-rub-karrieremesse\/","og_locale":"en_US","og_type":"article","og_title":"ENLITE auf der RUB Karrieremesse - ENLITE","og_description":"Am 20. Mai 2025 wird die ENLITE Management & Engineering GmbH auf der RUB Karrieremesse an der Ruhr-Universit\u00e4t Bochum vertreten sein.","og_url":"https:\/\/enlite.de\/en\/enlite-auf-der-rub-karrieremesse\/","og_site_name":"ENLITE Management and Engineering","article_published_time":"2025-05-14T14:10:05+00:00","og_image":[{"width":900,"height":500,"url":"https:\/\/enlite.de\/wp-content\/uploads\/sites\/6\/2025\/05\/RUB-Karrieremesse-2025.jpg","type":"image\/jpeg"}],"author":"Redaktion","twitter_card":"summary_large_image","twitter_misc":{"Written by":"Redaktion","Est. reading time":"1 minute"},"schema":{"@context":"https:\/\/schema.org","@graph":[{"@type":"Article","@id":"https:\/\/enlite.de\/enlite-auf-der-rub-karrieremesse\/#article","isPartOf":{"@id":"https:\/\/enlite.de\/enlite-auf-der-rub-karrieremesse\/"},"author":{"name":"Redaktion","@id":"https:\/\/enlite.de\/#\/schema\/person\/52a79322edcd94cd0015dce06caefac1"},"headline":"ENLITE auf der RUB Karrieremesse","datePublished":"2025-05-14T14:10:05+00:00","mainEntityOfPage":{"@id":"https:\/\/enlite.de\/enlite-auf-der-rub-karrieremesse\/"},"wordCount":657,"commentCount":0,"image":{"@id":"https:\/\/enlite.de\/enlite-auf-der-rub-karrieremesse\/#primaryimage"},"thumbnailUrl":"https:\/\/enlite.de\/wp-content\/uploads\/sites\/6\/2025\/05\/RUB-Karrieremesse-2025.jpg","articleSection":["Allgemein"],"inLanguage":"en-US","potentialAction":[{"@type":"CommentAction","name":"Comment","target":["https:\/\/enlite.de\/enlite-auf-der-rub-karrieremesse\/#respond"]}]},{"@type":"WebPage","@id":"https:\/\/enlite.de\/enlite-auf-der-rub-karrieremesse\/","url":"https:\/\/enlite.de\/enlite-auf-der-rub-karrieremesse\/","name":"ENLITE auf der RUB Karrieremesse - ENLITE","isPartOf":{"@id":"https:\/\/enlite.de\/#website"},"primaryImageOfPage":{"@id":"https:\/\/enlite.de\/enlite-auf-der-rub-karrieremesse\/#primaryimage"},"image":{"@id":"https:\/\/enlite.de\/enlite-auf-der-rub-karrieremesse\/#primaryimage"},"thumbnailUrl":"https:\/\/enlite.de\/wp-content\/uploads\/sites\/6\/2025\/05\/RUB-Karrieremesse-2025.jpg","datePublished":"2025-05-14T14:10:05+00:00","author":{"@id":"https:\/\/enlite.de\/#\/schema\/person\/52a79322edcd94cd0015dce06caefac1"},"description":"Am 20. Mai 2025 wird die ENLITE Management & Engineering GmbH auf der RUB Karrieremesse an der Ruhr-Universit\u00e4t Bochum vertreten sein.","breadcrumb":{"@id":"https:\/\/enlite.de\/enlite-auf-der-rub-karrieremesse\/#breadcrumb"},"inLanguage":"en-US","potentialAction":[{"@type":"ReadAction","target":["https:\/\/enlite.de\/enlite-auf-der-rub-karrieremesse\/"]}]},{"@type":"ImageObject","inLanguage":"en-US","@id":"https:\/\/enlite.de\/enlite-auf-der-rub-karrieremesse\/#primaryimage","url":"https:\/\/enlite.de\/wp-content\/uploads\/sites\/6\/2025\/05\/RUB-Karrieremesse-2025.jpg","contentUrl":"https:\/\/enlite.de\/wp-content\/uploads\/sites\/6\/2025\/05\/RUB-Karrieremesse-2025.jpg","width":900,"height":500,"caption":"Teaserbild RUB Karrieremesse 2025"},{"@type":"BreadcrumbList","@id":"https:\/\/enlite.de\/enlite-auf-der-rub-karrieremesse\/#breadcrumb","itemListElement":[{"@type":"ListItem","position":1,"name":"Startseite","item":"https:\/\/enlite.de\/"},{"@type":"ListItem","position":2,"name":"ENLITE auf der RUB Karrieremesse"}]},{"@type":"WebSite","@id":"https:\/\/enlite.de\/#website","url":"https:\/\/enlite.de\/","name":"ENLITE Management and Engineering","description":"","potentialAction":[{"@type":"SearchAction","target":{"@type":"EntryPoint","urlTemplate":"https:\/\/enlite.de\/?s={search_term_string}"},"query-input":{"@type":"PropertyValueSpecification","valueRequired":true,"valueName":"search_term_string"}}],"inLanguage":"en-US"},{"@type":"Person","@id":"https:\/\/enlite.de\/#\/schema\/person\/52a79322edcd94cd0015dce06caefac1","name":"Redaktion","image":{"@type":"ImageObject","inLanguage":"en-US","@id":"https:\/\/secure.gravatar.com\/avatar\/114afc5f9a8d6580738c5a81ff48185fbfb3142f7bbe3fc62429ffeb8b816b6a?s=96&d=mm&r=g","url":"https:\/\/secure.gravatar.com\/avatar\/114afc5f9a8d6580738c5a81ff48185fbfb3142f7bbe3fc62429ffeb8b816b6a?s=96&d=mm&r=g","contentUrl":"https:\/\/secure.gravatar.com\/avatar\/114afc5f9a8d6580738c5a81ff48185fbfb3142f7bbe3fc62429ffeb8b816b6a?s=96&d=mm&r=g","caption":"Redaktion"},"url":"https:\/\/enlite.de\/en\/author\/redaktion\/"}]}},"_links":{"self":[{"href":"https:\/\/enlite.de\/en\/wp-json\/wp\/v2\/posts\/6466","targetHints":{"allow":["GET"]}}],"collection":[{"href":"https:\/\/enlite.de\/en\/wp-json\/wp\/v2\/posts"}],"about":[{"href":"https:\/\/enlite.de\/en\/wp-json\/wp\/v2\/types\/post"}],"author":[{"embeddable":true,"href":"https:\/\/enlite.de\/en\/wp-json\/wp\/v2\/users\/3"}],"replies":[{"embeddable":true,"href":"https:\/\/enlite.de\/en\/wp-json\/wp\/v2\/comments?post=6466"}],"version-history":[{"count":2,"href":"https:\/\/enlite.de\/en\/wp-json\/wp\/v2\/posts\/6466\/revisions"}],"predecessor-version":[{"id":6470,"href":"https:\/\/enlite.de\/en\/wp-json\/wp\/v2\/posts\/6466\/revisions\/6470"}],"wp:featuredmedia":[{"embeddable":true,"href":"https:\/\/enlite.de\/en\/wp-json\/wp\/v2\/media\/6467"}],"wp:attachment":[{"href":"https:\/\/enlite.de\/en\/wp-json\/wp\/v2\/media?parent=6466"}],"wp:term":[{"taxonomy":"category","embeddable":true,"href":"https:\/\/enlite.de\/en\/wp-json\/wp\/v2\/categories?post=6466"},{"taxonomy":"post_tag","embeddable":true,"href":"https:\/\/enlite.de\/en\/wp-json\/wp\/v2\/tags?post=6466"}],"curies":[{"name":"wp","href":"https:\/\/api.w.org\/{rel}","templated":true}]}}