{"id":6422,"date":"2025-03-25T14:17:03","date_gmt":"2025-03-25T13:17:03","guid":{"rendered":"https:\/\/enlite.de\/?p=6422"},"modified":"2025-05-08T11:00:48","modified_gmt":"2025-05-08T09:00:48","slug":"enlite-training-day-2025-rueckblick","status":"publish","type":"post","link":"https:\/\/enlite.de\/en\/enlite-training-day-2025-rueckblick\/","title":{"rendered":"Erster ENLITE Training Day 2025 \u2013 R\u00fcckblick"},"content":{"rendered":"<div class=\"fusion-fullwidth fullwidth-box fusion-builder-row-1 fusion-flex-container has-pattern-background has-mask-background nonhundred-percent-fullwidth non-hundred-percent-height-scrolling\" style=\"--awb-border-radius-top-left:0px;--awb-border-radius-top-right:0px;--awb-border-radius-bottom-right:0px;--awb-border-radius-bottom-left:0px;--awb-padding-left:0px;--awb-margin-top:0px;--awb-margin-bottom:0px;--awb-flex-wrap:wrap;\" ><div class=\"fusion-builder-row fusion-row fusion-flex-align-items-flex-start fusion-flex-content-wrap\" style=\"max-width:1331.2px;margin-left: calc(-4% \/ 2 );margin-right: calc(-4% \/ 2 );\"><div class=\"fusion-layout-column fusion_builder_column fusion-builder-column-0 fusion_builder_column_1_1 1_1 fusion-flex-column\" style=\"--awb-bg-size:cover;--awb-width-large:100%;--awb-margin-top-large:16px;--awb-spacing-right-large:1.92%;--awb-margin-bottom-large:16px;--awb-spacing-left-large:2.976%;--awb-width-medium:100%;--awb-order-medium:0;--awb-spacing-right-medium:1.92%;--awb-spacing-left-medium:2.976%;--awb-width-small:100%;--awb-order-small:0;--awb-spacing-right-small:1.92%;--awb-spacing-left-small:1.92%;\"><div class=\"fusion-column-wrapper fusion-column-has-shadow fusion-flex-justify-content-flex-start fusion-content-layout-column\"><div class=\"fusion-text fusion-text-1\"><p class=\"\" data-start=\"42\" data-end=\"251\">Vergangenen Freitag fand f\u00fcr unsere Kolleginnen und Kollegen der erste <strong>ENLITE Training Day<\/strong> diesen Jahres in Berlin statt \u2013 ein Tag voller wertvoller Impulse, inspirierender Vortr\u00e4ge und interaktiver Sessions.<\/p>\n<p class=\"\" data-start=\"253\" data-end=\"313\">Das Programm beinhaltete unter anderem die folgenden Themen:<\/p>\n<ul data-start=\"315\" data-end=\"579\">\n<li class=\"\" data-start=\"315\" data-end=\"351\">\n<p class=\"\" data-start=\"317\" data-end=\"351\">Internes Produktmanagement 3.0<\/p>\n<\/li>\n<li class=\"\" data-start=\"352\" data-end=\"423\">\n<p class=\"\" data-start=\"354\" data-end=\"423\">Lessons Learned \u2013 Abschlussdokumentation technischer Gro\u00dfprojekte<\/p>\n<\/li>\n<li class=\"\" data-start=\"424\" data-end=\"499\">\n<p class=\"\" data-start=\"426\" data-end=\"499\">Neuronale Netzwerke &amp; KI-gest\u00fctzte Strahlungsprognosen f\u00fcr PV-Anlagen<\/p>\n<\/li>\n<li class=\"\" data-start=\"500\" data-end=\"579\">\n<p class=\"\" data-start=\"502\" data-end=\"579\">Die Zukunft im Projektmanagement mit KI: Wird sie gro\u00dfartig \u2013 oder nicht?<\/p>\n<\/li>\n<\/ul>\n<p class=\"\" data-start=\"581\" data-end=\"820\">Neben den o.g. Programmpunkten sorgte eine interaktive Speed-Dating-Session zum Thema \u201eUrlaubsreisen\u201c sowie eine kurze Sporteinheit in der Sonne f\u00fcr lockere Gespr\u00e4che und einen frischen Energieschub.<\/p>\n<p class=\"\" data-start=\"822\" data-end=\"1025\">Ein weiteres Highlight war die Live-Ausgabe von \u201eENLITE Radio\u201c, bei der Dr. Thorsten J\u00f6rn Granzow als Gast spannende Einblicke gab, neue Perspektiven aufzeigte und inspirierende Denkanst\u00f6\u00dfe lieferte.<\/p>\n<p class=\"\" data-start=\"1027\" data-end=\"1394\">Wir bedanken uns herzlich bei allen Organisatorinnen und Organisatoren f\u00fcr die hervorragende Planung und freuen uns bereits auf die n\u00e4chste Veranstaltung!<\/p>\n<\/div><\/div><\/div><\/div><\/div>","protected":false},"excerpt":{"rendered":"","protected":false},"author":3,"featured_media":6428,"comment_status":"open","ping_status":"open","sticky":false,"template":"","format":"standard","meta":{"footnotes":""},"categories":[1],"tags":[],"class_list":["post-6422","post","type-post","status-publish","format-standard","has-post-thumbnail","hentry","category-allgemein"],"yoast_head":"<!-- This site is optimized with the Yoast SEO plugin v27.5 - https:\/\/yoast.com\/product\/yoast-seo-wordpress\/ -->\n<title>Erster ENLITE Training Day 2025 \u2013 R\u00fcckblick<\/title>\n<meta name=\"description\" content=\"Vergangenen Freitag fand f\u00fcr unsere Kolleginnen und Kollegen der erste ENLITE Training Day diesen Jahres in Berlin statt.\" \/>\n<meta name=\"robots\" content=\"index, follow, max-snippet:-1, max-image-preview:large, max-video-preview:-1\" \/>\n<link rel=\"canonical\" href=\"https:\/\/enlite.de\/en\/enlite-training-day-2025-rueckblick\/\" \/>\n<meta property=\"og:locale\" content=\"en_US\" \/>\n<meta property=\"og:type\" content=\"article\" \/>\n<meta property=\"og:title\" content=\"Erster ENLITE Training Day 2025 \u2013 R\u00fcckblick\" \/>\n<meta property=\"og:description\" content=\"Vergangenen Freitag fand f\u00fcr unsere Kolleginnen und Kollegen der erste ENLITE Training Day diesen Jahres in Berlin statt.\" \/>\n<meta property=\"og:url\" content=\"https:\/\/enlite.de\/en\/enlite-training-day-2025-rueckblick\/\" \/>\n<meta property=\"og:site_name\" content=\"ENLITE Management and Engineering\" \/>\n<meta property=\"article:published_time\" content=\"2025-03-25T13:17:03+00:00\" \/>\n<meta property=\"article:modified_time\" content=\"2025-05-08T09:00:48+00:00\" \/>\n<meta property=\"og:image\" content=\"https:\/\/enlite.de\/wp-content\/uploads\/sites\/6\/2025\/03\/IMG_6272-scaled.jpeg\" \/>\n\t<meta property=\"og:image:width\" content=\"2560\" \/>\n\t<meta property=\"og:image:height\" content=\"1440\" \/>\n\t<meta property=\"og:image:type\" content=\"image\/jpeg\" \/>\n<meta name=\"author\" content=\"Redaktion\" \/>\n<meta name=\"twitter:card\" content=\"summary_large_image\" \/>\n<meta name=\"twitter:label1\" content=\"Written by\" \/>\n\t<meta name=\"twitter:data1\" content=\"Redaktion\" \/>\n\t<meta name=\"twitter:label2\" content=\"Est. reading time\" \/>\n\t<meta name=\"twitter:data2\" content=\"1 minute\" \/>\n<script type=\"application\/ld+json\" class=\"yoast-schema-graph\">{\"@context\":\"https:\\\/\\\/schema.org\",\"@graph\":[{\"@type\":\"Article\",\"@id\":\"https:\\\/\\\/enlite.de\\\/enlite-training-day-2025-rueckblick\\\/#article\",\"isPartOf\":{\"@id\":\"https:\\\/\\\/enlite.de\\\/enlite-training-day-2025-rueckblick\\\/\"},\"author\":{\"name\":\"Redaktion\",\"@id\":\"https:\\\/\\\/enlite.de\\\/#\\\/schema\\\/person\\\/52a79322edcd94cd0015dce06caefac1\"},\"headline\":\"Erster ENLITE Training Day 2025 \u2013 R\u00fcckblick\",\"datePublished\":\"2025-03-25T13:17:03+00:00\",\"dateModified\":\"2025-05-08T09:00:48+00:00\",\"mainEntityOfPage\":{\"@id\":\"https:\\\/\\\/enlite.de\\\/enlite-training-day-2025-rueckblick\\\/\"},\"wordCount\":697,\"commentCount\":0,\"image\":{\"@id\":\"https:\\\/\\\/enlite.de\\\/enlite-training-day-2025-rueckblick\\\/#primaryimage\"},\"thumbnailUrl\":\"https:\\\/\\\/enlite.de\\\/wp-content\\\/uploads\\\/sites\\\/6\\\/2025\\\/03\\\/IMG_6272-scaled.jpeg\",\"articleSection\":[\"Allgemein\"],\"inLanguage\":\"en-US\",\"potentialAction\":[{\"@type\":\"CommentAction\",\"name\":\"Comment\",\"target\":[\"https:\\\/\\\/enlite.de\\\/enlite-training-day-2025-rueckblick\\\/#respond\"]}]},{\"@type\":\"WebPage\",\"@id\":\"https:\\\/\\\/enlite.de\\\/enlite-training-day-2025-rueckblick\\\/\",\"url\":\"https:\\\/\\\/enlite.de\\\/enlite-training-day-2025-rueckblick\\\/\",\"name\":\"Erster ENLITE Training Day 2025 \u2013 R\u00fcckblick\",\"isPartOf\":{\"@id\":\"https:\\\/\\\/enlite.de\\\/#website\"},\"primaryImageOfPage\":{\"@id\":\"https:\\\/\\\/enlite.de\\\/enlite-training-day-2025-rueckblick\\\/#primaryimage\"},\"image\":{\"@id\":\"https:\\\/\\\/enlite.de\\\/enlite-training-day-2025-rueckblick\\\/#primaryimage\"},\"thumbnailUrl\":\"https:\\\/\\\/enlite.de\\\/wp-content\\\/uploads\\\/sites\\\/6\\\/2025\\\/03\\\/IMG_6272-scaled.jpeg\",\"datePublished\":\"2025-03-25T13:17:03+00:00\",\"dateModified\":\"2025-05-08T09:00:48+00:00\",\"author\":{\"@id\":\"https:\\\/\\\/enlite.de\\\/#\\\/schema\\\/person\\\/52a79322edcd94cd0015dce06caefac1\"},\"description\":\"Vergangenen Freitag fand f\u00fcr unsere Kolleginnen und Kollegen der erste ENLITE Training Day diesen Jahres in Berlin statt.\",\"breadcrumb\":{\"@id\":\"https:\\\/\\\/enlite.de\\\/enlite-training-day-2025-rueckblick\\\/#breadcrumb\"},\"inLanguage\":\"en-US\",\"potentialAction\":[{\"@type\":\"ReadAction\",\"target\":[\"https:\\\/\\\/enlite.de\\\/enlite-training-day-2025-rueckblick\\\/\"]}]},{\"@type\":\"ImageObject\",\"inLanguage\":\"en-US\",\"@id\":\"https:\\\/\\\/enlite.de\\\/enlite-training-day-2025-rueckblick\\\/#primaryimage\",\"url\":\"https:\\\/\\\/enlite.de\\\/wp-content\\\/uploads\\\/sites\\\/6\\\/2025\\\/03\\\/IMG_6272-scaled.jpeg\",\"contentUrl\":\"https:\\\/\\\/enlite.de\\\/wp-content\\\/uploads\\\/sites\\\/6\\\/2025\\\/03\\\/IMG_6272-scaled.jpeg\",\"width\":2560,\"height\":1440,\"caption\":\"ENLITE Training Day Titelbild\"},{\"@type\":\"BreadcrumbList\",\"@id\":\"https:\\\/\\\/enlite.de\\\/enlite-training-day-2025-rueckblick\\\/#breadcrumb\",\"itemListElement\":[{\"@type\":\"ListItem\",\"position\":1,\"name\":\"Startseite\",\"item\":\"https:\\\/\\\/enlite.de\\\/\"},{\"@type\":\"ListItem\",\"position\":2,\"name\":\"Erster ENLITE Training Day 2025 \u2013 R\u00fcckblick\"}]},{\"@type\":\"WebSite\",\"@id\":\"https:\\\/\\\/enlite.de\\\/#website\",\"url\":\"https:\\\/\\\/enlite.de\\\/\",\"name\":\"ENLITE Management and Engineering\",\"description\":\"\",\"potentialAction\":[{\"@type\":\"SearchAction\",\"target\":{\"@type\":\"EntryPoint\",\"urlTemplate\":\"https:\\\/\\\/enlite.de\\\/?s={search_term_string}\"},\"query-input\":{\"@type\":\"PropertyValueSpecification\",\"valueRequired\":true,\"valueName\":\"search_term_string\"}}],\"inLanguage\":\"en-US\"},{\"@type\":\"Person\",\"@id\":\"https:\\\/\\\/enlite.de\\\/#\\\/schema\\\/person\\\/52a79322edcd94cd0015dce06caefac1\",\"name\":\"Redaktion\",\"image\":{\"@type\":\"ImageObject\",\"inLanguage\":\"en-US\",\"@id\":\"https:\\\/\\\/secure.gravatar.com\\\/avatar\\\/114afc5f9a8d6580738c5a81ff48185fbfb3142f7bbe3fc62429ffeb8b816b6a?s=96&d=mm&r=g\",\"url\":\"https:\\\/\\\/secure.gravatar.com\\\/avatar\\\/114afc5f9a8d6580738c5a81ff48185fbfb3142f7bbe3fc62429ffeb8b816b6a?s=96&d=mm&r=g\",\"contentUrl\":\"https:\\\/\\\/secure.gravatar.com\\\/avatar\\\/114afc5f9a8d6580738c5a81ff48185fbfb3142f7bbe3fc62429ffeb8b816b6a?s=96&d=mm&r=g\",\"caption\":\"Redaktion\"},\"url\":\"https:\\\/\\\/enlite.de\\\/en\\\/author\\\/redaktion\\\/\"}]}<\/script>\n<!-- \/ Yoast SEO plugin. -->","yoast_head_json":{"title":"Erster ENLITE Training Day 2025 \u2013 R\u00fcckblick","description":"Vergangenen Freitag fand f\u00fcr unsere Kolleginnen und Kollegen der erste ENLITE Training Day diesen Jahres in Berlin statt.","robots":{"index":"index","follow":"follow","max-snippet":"max-snippet:-1","max-image-preview":"max-image-preview:large","max-video-preview":"max-video-preview:-1"},"canonical":"https:\/\/enlite.de\/en\/enlite-training-day-2025-rueckblick\/","og_locale":"en_US","og_type":"article","og_title":"Erster ENLITE Training Day 2025 \u2013 R\u00fcckblick","og_description":"Vergangenen Freitag fand f\u00fcr unsere Kolleginnen und Kollegen der erste ENLITE Training Day diesen Jahres in Berlin statt.","og_url":"https:\/\/enlite.de\/en\/enlite-training-day-2025-rueckblick\/","og_site_name":"ENLITE Management and Engineering","article_published_time":"2025-03-25T13:17:03+00:00","article_modified_time":"2025-05-08T09:00:48+00:00","og_image":[{"width":2560,"height":1440,"url":"https:\/\/enlite.de\/wp-content\/uploads\/sites\/6\/2025\/03\/IMG_6272-scaled.jpeg","type":"image\/jpeg"}],"author":"Redaktion","twitter_card":"summary_large_image","twitter_misc":{"Written by":"Redaktion","Est. reading time":"1 minute"},"schema":{"@context":"https:\/\/schema.org","@graph":[{"@type":"Article","@id":"https:\/\/enlite.de\/enlite-training-day-2025-rueckblick\/#article","isPartOf":{"@id":"https:\/\/enlite.de\/enlite-training-day-2025-rueckblick\/"},"author":{"name":"Redaktion","@id":"https:\/\/enlite.de\/#\/schema\/person\/52a79322edcd94cd0015dce06caefac1"},"headline":"Erster ENLITE Training Day 2025 \u2013 R\u00fcckblick","datePublished":"2025-03-25T13:17:03+00:00","dateModified":"2025-05-08T09:00:48+00:00","mainEntityOfPage":{"@id":"https:\/\/enlite.de\/enlite-training-day-2025-rueckblick\/"},"wordCount":697,"commentCount":0,"image":{"@id":"https:\/\/enlite.de\/enlite-training-day-2025-rueckblick\/#primaryimage"},"thumbnailUrl":"https:\/\/enlite.de\/wp-content\/uploads\/sites\/6\/2025\/03\/IMG_6272-scaled.jpeg","articleSection":["Allgemein"],"inLanguage":"en-US","potentialAction":[{"@type":"CommentAction","name":"Comment","target":["https:\/\/enlite.de\/enlite-training-day-2025-rueckblick\/#respond"]}]},{"@type":"WebPage","@id":"https:\/\/enlite.de\/enlite-training-day-2025-rueckblick\/","url":"https:\/\/enlite.de\/enlite-training-day-2025-rueckblick\/","name":"Erster ENLITE Training Day 2025 \u2013 R\u00fcckblick","isPartOf":{"@id":"https:\/\/enlite.de\/#website"},"primaryImageOfPage":{"@id":"https:\/\/enlite.de\/enlite-training-day-2025-rueckblick\/#primaryimage"},"image":{"@id":"https:\/\/enlite.de\/enlite-training-day-2025-rueckblick\/#primaryimage"},"thumbnailUrl":"https:\/\/enlite.de\/wp-content\/uploads\/sites\/6\/2025\/03\/IMG_6272-scaled.jpeg","datePublished":"2025-03-25T13:17:03+00:00","dateModified":"2025-05-08T09:00:48+00:00","author":{"@id":"https:\/\/enlite.de\/#\/schema\/person\/52a79322edcd94cd0015dce06caefac1"},"description":"Vergangenen Freitag fand f\u00fcr unsere Kolleginnen und Kollegen der erste ENLITE Training Day diesen Jahres in Berlin statt.","breadcrumb":{"@id":"https:\/\/enlite.de\/enlite-training-day-2025-rueckblick\/#breadcrumb"},"inLanguage":"en-US","potentialAction":[{"@type":"ReadAction","target":["https:\/\/enlite.de\/enlite-training-day-2025-rueckblick\/"]}]},{"@type":"ImageObject","inLanguage":"en-US","@id":"https:\/\/enlite.de\/enlite-training-day-2025-rueckblick\/#primaryimage","url":"https:\/\/enlite.de\/wp-content\/uploads\/sites\/6\/2025\/03\/IMG_6272-scaled.jpeg","contentUrl":"https:\/\/enlite.de\/wp-content\/uploads\/sites\/6\/2025\/03\/IMG_6272-scaled.jpeg","width":2560,"height":1440,"caption":"ENLITE Training Day Titelbild"},{"@type":"BreadcrumbList","@id":"https:\/\/enlite.de\/enlite-training-day-2025-rueckblick\/#breadcrumb","itemListElement":[{"@type":"ListItem","position":1,"name":"Startseite","item":"https:\/\/enlite.de\/"},{"@type":"ListItem","position":2,"name":"Erster ENLITE Training Day 2025 \u2013 R\u00fcckblick"}]},{"@type":"WebSite","@id":"https:\/\/enlite.de\/#website","url":"https:\/\/enlite.de\/","name":"ENLITE Management and Engineering","description":"","potentialAction":[{"@type":"SearchAction","target":{"@type":"EntryPoint","urlTemplate":"https:\/\/enlite.de\/?s={search_term_string}"},"query-input":{"@type":"PropertyValueSpecification","valueRequired":true,"valueName":"search_term_string"}}],"inLanguage":"en-US"},{"@type":"Person","@id":"https:\/\/enlite.de\/#\/schema\/person\/52a79322edcd94cd0015dce06caefac1","name":"Redaktion","image":{"@type":"ImageObject","inLanguage":"en-US","@id":"https:\/\/secure.gravatar.com\/avatar\/114afc5f9a8d6580738c5a81ff48185fbfb3142f7bbe3fc62429ffeb8b816b6a?s=96&d=mm&r=g","url":"https:\/\/secure.gravatar.com\/avatar\/114afc5f9a8d6580738c5a81ff48185fbfb3142f7bbe3fc62429ffeb8b816b6a?s=96&d=mm&r=g","contentUrl":"https:\/\/secure.gravatar.com\/avatar\/114afc5f9a8d6580738c5a81ff48185fbfb3142f7bbe3fc62429ffeb8b816b6a?s=96&d=mm&r=g","caption":"Redaktion"},"url":"https:\/\/enlite.de\/en\/author\/redaktion\/"}]}},"_links":{"self":[{"href":"https:\/\/enlite.de\/en\/wp-json\/wp\/v2\/posts\/6422","targetHints":{"allow":["GET"]}}],"collection":[{"href":"https:\/\/enlite.de\/en\/wp-json\/wp\/v2\/posts"}],"about":[{"href":"https:\/\/enlite.de\/en\/wp-json\/wp\/v2\/types\/post"}],"author":[{"embeddable":true,"href":"https:\/\/enlite.de\/en\/wp-json\/wp\/v2\/users\/3"}],"replies":[{"embeddable":true,"href":"https:\/\/enlite.de\/en\/wp-json\/wp\/v2\/comments?post=6422"}],"version-history":[{"count":9,"href":"https:\/\/enlite.de\/en\/wp-json\/wp\/v2\/posts\/6422\/revisions"}],"predecessor-version":[{"id":6461,"href":"https:\/\/enlite.de\/en\/wp-json\/wp\/v2\/posts\/6422\/revisions\/6461"}],"wp:featuredmedia":[{"embeddable":true,"href":"https:\/\/enlite.de\/en\/wp-json\/wp\/v2\/media\/6428"}],"wp:attachment":[{"href":"https:\/\/enlite.de\/en\/wp-json\/wp\/v2\/media?parent=6422"}],"wp:term":[{"taxonomy":"category","embeddable":true,"href":"https:\/\/enlite.de\/en\/wp-json\/wp\/v2\/categories?post=6422"},{"taxonomy":"post_tag","embeddable":true,"href":"https:\/\/enlite.de\/en\/wp-json\/wp\/v2\/tags?post=6422"}],"curies":[{"name":"wp","href":"https:\/\/api.w.org\/{rel}","templated":true}]}}