{"id":6385,"date":"2025-03-11T09:38:10","date_gmt":"2025-03-11T08:38:10","guid":{"rendered":"https:\/\/enlite.de\/?p=6385"},"modified":"2025-05-08T11:02:19","modified_gmt":"2025-05-08T09:02:19","slug":"enlite-zu-gast-beim-bves","status":"publish","type":"post","link":"https:\/\/enlite.de\/en\/enlite-zu-gast-beim-bves\/","title":{"rendered":"ENLITE zu Gast beim BVES"},"content":{"rendered":"<div class=\"fusion-fullwidth fullwidth-box fusion-builder-row-1 fusion-flex-container has-pattern-background has-mask-background nonhundred-percent-fullwidth non-hundred-percent-height-scrolling\" style=\"--awb-border-radius-top-left:0px;--awb-border-radius-top-right:0px;--awb-border-radius-bottom-right:0px;--awb-border-radius-bottom-left:0px;--awb-flex-wrap:wrap;\" ><div class=\"fusion-builder-row fusion-row fusion-flex-align-items-flex-start fusion-flex-content-wrap\" style=\"max-width:1331.2px;margin-left: calc(-4% \/ 2 );margin-right: calc(-4% \/ 2 );\"><div class=\"fusion-layout-column fusion_builder_column fusion-builder-column-0 fusion_builder_column_1_1 1_1 fusion-flex-column\" style=\"--awb-bg-size:cover;--awb-width-large:100%;--awb-margin-top-large:16px;--awb-spacing-right-large:1.92%;--awb-margin-bottom-large:16px;--awb-spacing-left-large:1.92%;--awb-width-medium:100%;--awb-order-medium:0;--awb-spacing-right-medium:1.92%;--awb-spacing-left-medium:1.92%;--awb-width-small:100%;--awb-order-small:0;--awb-spacing-right-small:1.92%;--awb-spacing-left-small:1.92%;\"><div class=\"fusion-column-wrapper fusion-column-has-shadow fusion-flex-justify-content-flex-start fusion-content-layout-column\"><div class=\"fusion-text fusion-text-1\"><p><span data-contrast=\"auto\">Anfang M\u00e4rz war ENLITE zu Gast bei der virtuellen Versammlung der Arbeitsgemeinschaft \u201eThermischer Energiespeicher\" des BVES Bundesverband Energiespeichersysteme. Bei dem Webinar diskutierten die Teilnehmenden \u00fcber die zentrale Rolle der Elektrifizierung und thermischer Energiespeicher f\u00fcr eine nachhaltige Industrieentwicklung.\u00a0<\/span><span data-ccp-props=\"\">\u00a0<\/span><\/p>\n<p><span data-contrast=\"auto\">Folgende Themen standen im Fokus der Veranstaltung:<\/span><span data-ccp-props=\"\">\u00a0<\/span><\/p>\n<ul>\n<li data-leveltext=\"\uf0b7\" data-font=\"Symbol\" data-listid=\"1\" data-list-defn-props=\"{\" data-aria-posinset=\"4\" data-aria-level=\"1\"><span data-contrast=\"auto\">Neue Speicherstrategien und Sektorenkopplungskonzepte f\u00fcr eine effizientere Nutzung erneuerbarer Energien<\/span><span data-ccp-props=\"\">\u00a0<\/span><\/li>\n<\/ul>\n<ul>\n<li data-leveltext=\"\uf0b7\" data-font=\"Symbol\" data-listid=\"1\" data-list-defn-props=\"{\" data-aria-posinset=\"5\" data-aria-level=\"1\"><span data-contrast=\"auto\">Wie thermische Speicher durch Abw\u00e4rmenutzung zur Dekarbonisierung industrieller Prozesse beitragen k\u00f6nnen<\/span><span data-ccp-props=\"\">\u00a0<\/span><\/li>\n<\/ul>\n<ul>\n<li data-leveltext=\"\uf0b7\" data-font=\"Symbol\" data-listid=\"1\" data-list-defn-props=\"{\" data-aria-posinset=\"6\" data-aria-level=\"1\"><span data-contrast=\"auto\">Regulatorische Herausforderungen und notwendige Anpassungen, um Speichertechnologien wirtschaftlicher und wettbewerbsf\u00e4higer zu machen<\/span><span data-ccp-props=\"\">\u00a0<\/span><\/li>\n<\/ul>\n<p><span data-contrast=\"auto\">Der BVES ist einer von zahlreichen Verb\u00e4nden, mit denen sich ENLITE als Mitglied zu aktuellen Themen rund um die Energiewende aktiv und regelm\u00e4\u00dfig austauscht.<\/span><span data-ccp-props=\"{\">\u00a0<\/span><\/p>\n<p><span data-contrast=\"auto\">Ein gro\u00dfes Dankesch\u00f6n f\u00fcr Inhalt und Organisation an den Gastgeber Simon Steffgen vom BVES. Es war wie immer ein gro\u00dfartiges Event und ein spannender Austausch \u00fcber die aktuellen Entwicklungen und Diskussionen im Bereich der thermischen Energiespeicher.<\/span><span data-ccp-props=\"{\">\u00a0<\/span><\/p>\n<p><span data-contrast=\"auto\">\u00dcber den BVES \u2013 Bundesverband Energiespeicher Systeme e.V.:<\/span> <span data-contrast=\"auto\">Der Industrieverband BVES besch\u00e4ftigt sich mit aktuellen Themen rund um die systemische Energiespeicherung in den Bereichen Strom, W\u00e4rme und Mobilit\u00e4t und l\u00e4dt seine Mitglieder regelm\u00e4\u00dfig zum Austausch ein.<\/span><span data-ccp-props=\"{\">\u00a0<\/span><\/p>\n<p><span data-contrast=\"auto\">R\u00fcckblick:<\/span><span data-ccp-props=\"{\">\u00a0<\/span><span data-contrast=\"auto\">Im Januar 2025 war ENLITE in der Arbeitsgemeinschaft \u201eThermische Energiespeicher\" ebenfalls vertreten und brachte sich in die Diskussion zur Flexibilit\u00e4t industrieller Gro\u00dfverbraucher ein. Diese k\u00f6nnten in Zukunft beispielsweise durch Rabatte dazu animiert werden, ihren Strom netzdienlich zu verbrauchen, um der volatilen Energieerzeugung erneuerbarer Energien entgegenzuwirken. Daneben beleuchteten die Teilnehmenden die Wirtschaftlichkeit thermischer Energiespeicher. Durch den flexiblen Einsatz der Speicher kann der gezielte Energiehandel an den Stromm\u00e4rkten zu einer erh\u00f6hten Wirtschaftlichkeit beitragen.<\/span><span data-ccp-props=\"{\">\u00a0<\/span><\/p>\n<\/div><\/div><\/div><\/div><\/div>","protected":false},"excerpt":{"rendered":"","protected":false},"author":3,"featured_media":6408,"comment_status":"open","ping_status":"open","sticky":false,"template":"","format":"standard","meta":{"footnotes":""},"categories":[1],"tags":[],"class_list":["post-6385","post","type-post","status-publish","format-standard","has-post-thumbnail","hentry","category-allgemein"],"yoast_head":"<!-- This site is optimized with the Yoast SEO plugin v27.5 - https:\/\/yoast.com\/product\/yoast-seo-wordpress\/ -->\n<title>ENLITE zu Gast beim BVES<\/title>\n<meta name=\"description\" content=\"ENLITE zu Gast bei der virtuellen Versammlung der Arbeitsgemeinschaft \u201eThermischer Energiespeicher\u201c des BVES.\" \/>\n<meta name=\"robots\" content=\"index, follow, max-snippet:-1, max-image-preview:large, max-video-preview:-1\" \/>\n<link rel=\"canonical\" href=\"https:\/\/enlite.de\/en\/enlite-zu-gast-beim-bves\/\" \/>\n<meta property=\"og:locale\" content=\"en_US\" \/>\n<meta property=\"og:type\" content=\"article\" \/>\n<meta property=\"og:title\" content=\"ENLITE zu Gast beim BVES\" \/>\n<meta property=\"og:description\" content=\"ENLITE zu Gast bei der virtuellen Versammlung der Arbeitsgemeinschaft \u201eThermischer Energiespeicher\u201c des BVES.\" \/>\n<meta property=\"og:url\" content=\"https:\/\/enlite.de\/en\/enlite-zu-gast-beim-bves\/\" \/>\n<meta property=\"og:site_name\" content=\"ENLITE Management and Engineering\" \/>\n<meta property=\"article:published_time\" content=\"2025-03-11T08:38:10+00:00\" \/>\n<meta property=\"article:modified_time\" content=\"2025-05-08T09:02:19+00:00\" \/>\n<meta property=\"og:image\" content=\"https:\/\/enlite.de\/wp-content\/uploads\/sites\/6\/2025\/03\/BVES-Beitrag-Thermischer-Energiespeicher.jpg\" \/>\n\t<meta property=\"og:image:width\" content=\"900\" \/>\n\t<meta property=\"og:image:height\" content=\"500\" \/>\n\t<meta property=\"og:image:type\" content=\"image\/jpeg\" \/>\n<meta name=\"author\" content=\"Redaktion\" \/>\n<meta name=\"twitter:card\" content=\"summary_large_image\" \/>\n<meta name=\"twitter:label1\" content=\"Written by\" \/>\n\t<meta name=\"twitter:data1\" content=\"Redaktion\" \/>\n\t<meta name=\"twitter:label2\" content=\"Est. reading time\" \/>\n\t<meta name=\"twitter:data2\" content=\"2 minutes\" \/>\n<script type=\"application\/ld+json\" class=\"yoast-schema-graph\">{\"@context\":\"https:\\\/\\\/schema.org\",\"@graph\":[{\"@type\":\"Article\",\"@id\":\"https:\\\/\\\/enlite.de\\\/enlite-zu-gast-beim-bves\\\/#article\",\"isPartOf\":{\"@id\":\"https:\\\/\\\/enlite.de\\\/enlite-zu-gast-beim-bves\\\/\"},\"author\":{\"name\":\"Redaktion\",\"@id\":\"https:\\\/\\\/enlite.de\\\/#\\\/schema\\\/person\\\/52a79322edcd94cd0015dce06caefac1\"},\"headline\":\"ENLITE zu Gast beim BVES\",\"datePublished\":\"2025-03-11T08:38:10+00:00\",\"dateModified\":\"2025-05-08T09:02:19+00:00\",\"mainEntityOfPage\":{\"@id\":\"https:\\\/\\\/enlite.de\\\/enlite-zu-gast-beim-bves\\\/\"},\"wordCount\":1012,\"commentCount\":0,\"image\":{\"@id\":\"https:\\\/\\\/enlite.de\\\/enlite-zu-gast-beim-bves\\\/#primaryimage\"},\"thumbnailUrl\":\"https:\\\/\\\/enlite.de\\\/wp-content\\\/uploads\\\/sites\\\/6\\\/2025\\\/03\\\/BVES-Beitrag-Thermischer-Energiespeicher.jpg\",\"articleSection\":[\"Allgemein\"],\"inLanguage\":\"en-US\",\"potentialAction\":[{\"@type\":\"CommentAction\",\"name\":\"Comment\",\"target\":[\"https:\\\/\\\/enlite.de\\\/enlite-zu-gast-beim-bves\\\/#respond\"]}]},{\"@type\":\"WebPage\",\"@id\":\"https:\\\/\\\/enlite.de\\\/enlite-zu-gast-beim-bves\\\/\",\"url\":\"https:\\\/\\\/enlite.de\\\/enlite-zu-gast-beim-bves\\\/\",\"name\":\"ENLITE zu Gast beim BVES\",\"isPartOf\":{\"@id\":\"https:\\\/\\\/enlite.de\\\/#website\"},\"primaryImageOfPage\":{\"@id\":\"https:\\\/\\\/enlite.de\\\/enlite-zu-gast-beim-bves\\\/#primaryimage\"},\"image\":{\"@id\":\"https:\\\/\\\/enlite.de\\\/enlite-zu-gast-beim-bves\\\/#primaryimage\"},\"thumbnailUrl\":\"https:\\\/\\\/enlite.de\\\/wp-content\\\/uploads\\\/sites\\\/6\\\/2025\\\/03\\\/BVES-Beitrag-Thermischer-Energiespeicher.jpg\",\"datePublished\":\"2025-03-11T08:38:10+00:00\",\"dateModified\":\"2025-05-08T09:02:19+00:00\",\"author\":{\"@id\":\"https:\\\/\\\/enlite.de\\\/#\\\/schema\\\/person\\\/52a79322edcd94cd0015dce06caefac1\"},\"description\":\"ENLITE zu Gast bei der virtuellen Versammlung der Arbeitsgemeinschaft \u201eThermischer Energiespeicher\u201c des BVES.\",\"breadcrumb\":{\"@id\":\"https:\\\/\\\/enlite.de\\\/enlite-zu-gast-beim-bves\\\/#breadcrumb\"},\"inLanguage\":\"en-US\",\"potentialAction\":[{\"@type\":\"ReadAction\",\"target\":[\"https:\\\/\\\/enlite.de\\\/enlite-zu-gast-beim-bves\\\/\"]}]},{\"@type\":\"ImageObject\",\"inLanguage\":\"en-US\",\"@id\":\"https:\\\/\\\/enlite.de\\\/enlite-zu-gast-beim-bves\\\/#primaryimage\",\"url\":\"https:\\\/\\\/enlite.de\\\/wp-content\\\/uploads\\\/sites\\\/6\\\/2025\\\/03\\\/BVES-Beitrag-Thermischer-Energiespeicher.jpg\",\"contentUrl\":\"https:\\\/\\\/enlite.de\\\/wp-content\\\/uploads\\\/sites\\\/6\\\/2025\\\/03\\\/BVES-Beitrag-Thermischer-Energiespeicher.jpg\",\"width\":900,\"height\":500,\"caption\":\"BVES AG Thermischer Energiespeicher\"},{\"@type\":\"BreadcrumbList\",\"@id\":\"https:\\\/\\\/enlite.de\\\/enlite-zu-gast-beim-bves\\\/#breadcrumb\",\"itemListElement\":[{\"@type\":\"ListItem\",\"position\":1,\"name\":\"Startseite\",\"item\":\"https:\\\/\\\/enlite.de\\\/\"},{\"@type\":\"ListItem\",\"position\":2,\"name\":\"ENLITE zu Gast beim BVES\"}]},{\"@type\":\"WebSite\",\"@id\":\"https:\\\/\\\/enlite.de\\\/#website\",\"url\":\"https:\\\/\\\/enlite.de\\\/\",\"name\":\"ENLITE Management and Engineering\",\"description\":\"\",\"potentialAction\":[{\"@type\":\"SearchAction\",\"target\":{\"@type\":\"EntryPoint\",\"urlTemplate\":\"https:\\\/\\\/enlite.de\\\/?s={search_term_string}\"},\"query-input\":{\"@type\":\"PropertyValueSpecification\",\"valueRequired\":true,\"valueName\":\"search_term_string\"}}],\"inLanguage\":\"en-US\"},{\"@type\":\"Person\",\"@id\":\"https:\\\/\\\/enlite.de\\\/#\\\/schema\\\/person\\\/52a79322edcd94cd0015dce06caefac1\",\"name\":\"Redaktion\",\"image\":{\"@type\":\"ImageObject\",\"inLanguage\":\"en-US\",\"@id\":\"https:\\\/\\\/secure.gravatar.com\\\/avatar\\\/114afc5f9a8d6580738c5a81ff48185fbfb3142f7bbe3fc62429ffeb8b816b6a?s=96&d=mm&r=g\",\"url\":\"https:\\\/\\\/secure.gravatar.com\\\/avatar\\\/114afc5f9a8d6580738c5a81ff48185fbfb3142f7bbe3fc62429ffeb8b816b6a?s=96&d=mm&r=g\",\"contentUrl\":\"https:\\\/\\\/secure.gravatar.com\\\/avatar\\\/114afc5f9a8d6580738c5a81ff48185fbfb3142f7bbe3fc62429ffeb8b816b6a?s=96&d=mm&r=g\",\"caption\":\"Redaktion\"},\"url\":\"https:\\\/\\\/enlite.de\\\/en\\\/author\\\/redaktion\\\/\"}]}<\/script>\n<!-- \/ Yoast SEO plugin. -->","yoast_head_json":{"title":"ENLITE zu Gast beim BVES","description":"ENLITE zu Gast bei der virtuellen Versammlung der Arbeitsgemeinschaft \u201eThermischer Energiespeicher\u201c des BVES.","robots":{"index":"index","follow":"follow","max-snippet":"max-snippet:-1","max-image-preview":"max-image-preview:large","max-video-preview":"max-video-preview:-1"},"canonical":"https:\/\/enlite.de\/en\/enlite-zu-gast-beim-bves\/","og_locale":"en_US","og_type":"article","og_title":"ENLITE zu Gast beim BVES","og_description":"ENLITE zu Gast bei der virtuellen Versammlung der Arbeitsgemeinschaft \u201eThermischer Energiespeicher\u201c des BVES.","og_url":"https:\/\/enlite.de\/en\/enlite-zu-gast-beim-bves\/","og_site_name":"ENLITE Management and Engineering","article_published_time":"2025-03-11T08:38:10+00:00","article_modified_time":"2025-05-08T09:02:19+00:00","og_image":[{"width":900,"height":500,"url":"https:\/\/enlite.de\/wp-content\/uploads\/sites\/6\/2025\/03\/BVES-Beitrag-Thermischer-Energiespeicher.jpg","type":"image\/jpeg"}],"author":"Redaktion","twitter_card":"summary_large_image","twitter_misc":{"Written by":"Redaktion","Est. reading time":"2 minutes"},"schema":{"@context":"https:\/\/schema.org","@graph":[{"@type":"Article","@id":"https:\/\/enlite.de\/enlite-zu-gast-beim-bves\/#article","isPartOf":{"@id":"https:\/\/enlite.de\/enlite-zu-gast-beim-bves\/"},"author":{"name":"Redaktion","@id":"https:\/\/enlite.de\/#\/schema\/person\/52a79322edcd94cd0015dce06caefac1"},"headline":"ENLITE zu Gast beim BVES","datePublished":"2025-03-11T08:38:10+00:00","dateModified":"2025-05-08T09:02:19+00:00","mainEntityOfPage":{"@id":"https:\/\/enlite.de\/enlite-zu-gast-beim-bves\/"},"wordCount":1012,"commentCount":0,"image":{"@id":"https:\/\/enlite.de\/enlite-zu-gast-beim-bves\/#primaryimage"},"thumbnailUrl":"https:\/\/enlite.de\/wp-content\/uploads\/sites\/6\/2025\/03\/BVES-Beitrag-Thermischer-Energiespeicher.jpg","articleSection":["Allgemein"],"inLanguage":"en-US","potentialAction":[{"@type":"CommentAction","name":"Comment","target":["https:\/\/enlite.de\/enlite-zu-gast-beim-bves\/#respond"]}]},{"@type":"WebPage","@id":"https:\/\/enlite.de\/enlite-zu-gast-beim-bves\/","url":"https:\/\/enlite.de\/enlite-zu-gast-beim-bves\/","name":"ENLITE zu Gast beim BVES","isPartOf":{"@id":"https:\/\/enlite.de\/#website"},"primaryImageOfPage":{"@id":"https:\/\/enlite.de\/enlite-zu-gast-beim-bves\/#primaryimage"},"image":{"@id":"https:\/\/enlite.de\/enlite-zu-gast-beim-bves\/#primaryimage"},"thumbnailUrl":"https:\/\/enlite.de\/wp-content\/uploads\/sites\/6\/2025\/03\/BVES-Beitrag-Thermischer-Energiespeicher.jpg","datePublished":"2025-03-11T08:38:10+00:00","dateModified":"2025-05-08T09:02:19+00:00","author":{"@id":"https:\/\/enlite.de\/#\/schema\/person\/52a79322edcd94cd0015dce06caefac1"},"description":"ENLITE zu Gast bei der virtuellen Versammlung der Arbeitsgemeinschaft \u201eThermischer Energiespeicher\u201c des BVES.","breadcrumb":{"@id":"https:\/\/enlite.de\/enlite-zu-gast-beim-bves\/#breadcrumb"},"inLanguage":"en-US","potentialAction":[{"@type":"ReadAction","target":["https:\/\/enlite.de\/enlite-zu-gast-beim-bves\/"]}]},{"@type":"ImageObject","inLanguage":"en-US","@id":"https:\/\/enlite.de\/enlite-zu-gast-beim-bves\/#primaryimage","url":"https:\/\/enlite.de\/wp-content\/uploads\/sites\/6\/2025\/03\/BVES-Beitrag-Thermischer-Energiespeicher.jpg","contentUrl":"https:\/\/enlite.de\/wp-content\/uploads\/sites\/6\/2025\/03\/BVES-Beitrag-Thermischer-Energiespeicher.jpg","width":900,"height":500,"caption":"BVES AG Thermischer Energiespeicher"},{"@type":"BreadcrumbList","@id":"https:\/\/enlite.de\/enlite-zu-gast-beim-bves\/#breadcrumb","itemListElement":[{"@type":"ListItem","position":1,"name":"Startseite","item":"https:\/\/enlite.de\/"},{"@type":"ListItem","position":2,"name":"ENLITE zu Gast beim BVES"}]},{"@type":"WebSite","@id":"https:\/\/enlite.de\/#website","url":"https:\/\/enlite.de\/","name":"ENLITE Management and Engineering","description":"","potentialAction":[{"@type":"SearchAction","target":{"@type":"EntryPoint","urlTemplate":"https:\/\/enlite.de\/?s={search_term_string}"},"query-input":{"@type":"PropertyValueSpecification","valueRequired":true,"valueName":"search_term_string"}}],"inLanguage":"en-US"},{"@type":"Person","@id":"https:\/\/enlite.de\/#\/schema\/person\/52a79322edcd94cd0015dce06caefac1","name":"Redaktion","image":{"@type":"ImageObject","inLanguage":"en-US","@id":"https:\/\/secure.gravatar.com\/avatar\/114afc5f9a8d6580738c5a81ff48185fbfb3142f7bbe3fc62429ffeb8b816b6a?s=96&d=mm&r=g","url":"https:\/\/secure.gravatar.com\/avatar\/114afc5f9a8d6580738c5a81ff48185fbfb3142f7bbe3fc62429ffeb8b816b6a?s=96&d=mm&r=g","contentUrl":"https:\/\/secure.gravatar.com\/avatar\/114afc5f9a8d6580738c5a81ff48185fbfb3142f7bbe3fc62429ffeb8b816b6a?s=96&d=mm&r=g","caption":"Redaktion"},"url":"https:\/\/enlite.de\/en\/author\/redaktion\/"}]}},"_links":{"self":[{"href":"https:\/\/enlite.de\/en\/wp-json\/wp\/v2\/posts\/6385","targetHints":{"allow":["GET"]}}],"collection":[{"href":"https:\/\/enlite.de\/en\/wp-json\/wp\/v2\/posts"}],"about":[{"href":"https:\/\/enlite.de\/en\/wp-json\/wp\/v2\/types\/post"}],"author":[{"embeddable":true,"href":"https:\/\/enlite.de\/en\/wp-json\/wp\/v2\/users\/3"}],"replies":[{"embeddable":true,"href":"https:\/\/enlite.de\/en\/wp-json\/wp\/v2\/comments?post=6385"}],"version-history":[{"count":3,"href":"https:\/\/enlite.de\/en\/wp-json\/wp\/v2\/posts\/6385\/revisions"}],"predecessor-version":[{"id":6396,"href":"https:\/\/enlite.de\/en\/wp-json\/wp\/v2\/posts\/6385\/revisions\/6396"}],"wp:featuredmedia":[{"embeddable":true,"href":"https:\/\/enlite.de\/en\/wp-json\/wp\/v2\/media\/6408"}],"wp:attachment":[{"href":"https:\/\/enlite.de\/en\/wp-json\/wp\/v2\/media?parent=6385"}],"wp:term":[{"taxonomy":"category","embeddable":true,"href":"https:\/\/enlite.de\/en\/wp-json\/wp\/v2\/categories?post=6385"},{"taxonomy":"post_tag","embeddable":true,"href":"https:\/\/enlite.de\/en\/wp-json\/wp\/v2\/tags?post=6385"}],"curies":[{"name":"wp","href":"https:\/\/api.w.org\/{rel}","templated":true}]}}