{"id":6092,"date":"2024-12-03T09:18:59","date_gmt":"2024-12-03T08:18:59","guid":{"rendered":"https:\/\/enlite.de\/?p=6092"},"modified":"2025-02-03T13:42:02","modified_gmt":"2025-02-03T12:42:02","slug":"gemeinsam-fur-den-klimaschutz","status":"publish","type":"post","link":"https:\/\/enlite.de\/en\/gemeinsam-fur-den-klimaschutz\/","title":{"rendered":"Gemeinsam f\u00fcr den Klimaschutz"},"content":{"rendered":"<div class=\"fusion-fullwidth fullwidth-box fusion-builder-row-1 fusion-flex-container has-pattern-background has-mask-background nonhundred-percent-fullwidth non-hundred-percent-height-scrolling\" style=\"--awb-border-radius-top-left:0px;--awb-border-radius-top-right:0px;--awb-border-radius-bottom-right:0px;--awb-border-radius-bottom-left:0px;--awb-flex-wrap:wrap;\" ><div class=\"fusion-builder-row fusion-row fusion-flex-align-items-flex-start fusion-flex-content-wrap\" style=\"max-width:1331.2px;margin-left: calc(-4% \/ 2 );margin-right: calc(-4% \/ 2 );\"><div class=\"fusion-layout-column fusion_builder_column fusion-builder-column-0 fusion_builder_column_1_1 1_1 fusion-flex-column\" style=\"--awb-bg-size:cover;--awb-width-large:100%;--awb-margin-top-large:0px;--awb-spacing-right-large:1.92%;--awb-margin-bottom-large:16px;--awb-spacing-left-large:0%;--awb-width-medium:100%;--awb-order-medium:0;--awb-spacing-right-medium:1.92%;--awb-spacing-left-medium:0%;--awb-width-small:100%;--awb-order-small:0;--awb-spacing-right-small:1.92%;--awb-spacing-left-small:1.92%;\"><div class=\"fusion-column-wrapper fusion-column-has-shadow fusion-flex-justify-content-flex-start fusion-content-layout-column\"><div class=\"fusion-text fusion-text-1\"><p>Im Oktober und November haben unsere Kolleg:innen an den Standorten Berlin, Hamburg und Essen ihre Tastatur gegen eine Schaufel getauscht und rund 350 B\u00e4ume gepflanzt. Die Baumpflanzaktion fand im Rahmen des 20-j\u00e4hrigen Jubil\u00e4ums von ENLITE statt und wurde in Zusammenarbeit mit der Stiftung PLANT-MY-TREE\u00ae durchgef\u00fchrt, die mit ihren Aufforstungsprojekten in \u00fcber 110 deutschen W\u00e4ldern die M\u00f6glichkeit bietet, konkret und nachhaltig vor Ort aktiv zu werden.<\/p>\n<p>In den W\u00e4ldern von Bad Belzig, Bokhorst und Ratingen halfen unsere Kolleg:innen Mischw\u00e4lder aufzuforsten, indem sie verschiedene Baumarten wie Douglasien, L\u00e4rchen, Thujen und Roteichen gepflanzt haben.<\/p>\n<p>Seit 20 Jahren engagiert sich ENLITE f\u00fcr die Energiewende und eine nachhaltige Transformation in der Energiewirtschaft. Unsere Baumpflanzaktion ist ein weiterer Schritt, um unseren Planeten f\u00fcr zuk\u00fcnftige Generationen zu sch\u00fctzen und die CO\u2082-Bilanz zu verbessern.<br \/>\nPLANT-MY-TREE\u00ae setzt sich seit \u00fcber 20 Jahren u.a. f\u00fcr nachhaltige Aufforstungsprojekte in Deutschland ein und hat bereits \u00fcber 2,5 Millionen B\u00e4ume gepflanzt. Gemeinsam mit ihnen leisten wir einen messbaren Beitrag zum Klimaschutz und st\u00e4rken lokale \u00d6kosysteme.<br \/>\nDas Team von ENLITE ist stolz, Teil dieser wichtigen Initiative zu sein und freut sich, weiterhin aktiv zur Energiewende beizutragen.<\/p>\n<\/div><div class=\"fusion-image-carousel fusion-image-carousel-auto fusion-image-carousel-1 fusion-carousel-border\"><div class=\"awb-carousel awb-swiper awb-swiper-carousel awb-carousel--carousel awb-swiper-dots-position-bottom\" data-layout=\"carousel\" data-autoplay=\"no\" data-autoplayspeed=\"2500\" data-autoplaypause=\"no\" data-loop=\"yes\" data-columns=\"5\" data-columnsmedium=\"1\" data-columnssmall=\"1\" data-itemmargin=\"13\" data-itemwidth=\"180\" data-touchscroll=\"no\" data-freemode=\"no\" data-imagesize=\"auto\" data-scrollitems=\"0\" data-centeredslides=\"no\" data-rotationangle=\"50\" data-depth=\"100\" data-speed=\"500\" data-shadow=\"no\" data-pagination=\"bullets\" style=\"--awb-border-width:1px;--awb-border-color:#e9eaee;\"><div class=\"swiper-wrapper awb-image-carousel-wrapper fusion-flex-align-items-center\"><div class=\"swiper-slide\"><div class=\"fusion-carousel-item-wrapper\"><div class=\"fusion-image-wrapper hover-type-none\"><img decoding=\"async\" width=\"540\" height=\"540\" src=\"https:\/\/enlite.de\/wp-content\/uploads\/sites\/6\/2025\/01\/1.jpg\" class=\"attachment-full size-full lazyload\" alt=\"Gruppenfoto der Baumpflanzaktion im Wald\" srcset=\"data:image\/svg+xml,%3Csvg%20xmlns%3D%27http%3A%2F%2Fwww.w3.org%2F2000%2Fsvg%27%20width%3D%27540%27%20height%3D%27540%27%20viewBox%3D%270%200%20540%20540%27%3E%3Crect%20width%3D%27540%27%20height%3D%27540%27%20fill-opacity%3D%220%22%2F%3E%3C%2Fsvg%3E\" data-orig-src=\"https:\/\/enlite.de\/wp-content\/uploads\/sites\/6\/2025\/01\/1.jpg\" data-srcset=\"https:\/\/enlite.de\/wp-content\/uploads\/sites\/6\/2025\/01\/1-200x200.jpg 200w, https:\/\/enlite.de\/wp-content\/uploads\/sites\/6\/2025\/01\/1-400x400.jpg 400w, https:\/\/enlite.de\/wp-content\/uploads\/sites\/6\/2025\/01\/1.jpg 540w\" data-sizes=\"auto\" \/><\/div><\/div><\/div><div class=\"swiper-slide\"><div class=\"fusion-carousel-item-wrapper\"><div class=\"fusion-image-wrapper hover-type-none\"><img decoding=\"async\" width=\"540\" height=\"540\" src=\"https:\/\/enlite.de\/wp-content\/uploads\/sites\/6\/2025\/01\/2.jpg\" class=\"attachment-full size-full lazyload\" alt=\"Fahrzeug im Waldgebiet f\u00fcr die Baumpflanzaktion\" srcset=\"data:image\/svg+xml,%3Csvg%20xmlns%3D%27http%3A%2F%2Fwww.w3.org%2F2000%2Fsvg%27%20width%3D%27540%27%20height%3D%27540%27%20viewBox%3D%270%200%20540%20540%27%3E%3Crect%20width%3D%27540%27%20height%3D%27540%27%20fill-opacity%3D%220%22%2F%3E%3C%2Fsvg%3E\" data-orig-src=\"https:\/\/enlite.de\/wp-content\/uploads\/sites\/6\/2025\/01\/2.jpg\" data-srcset=\"https:\/\/enlite.de\/wp-content\/uploads\/sites\/6\/2025\/01\/2-200x200.jpg 200w, https:\/\/enlite.de\/wp-content\/uploads\/sites\/6\/2025\/01\/2-400x400.jpg 400w, https:\/\/enlite.de\/wp-content\/uploads\/sites\/6\/2025\/01\/2.jpg 540w\" data-sizes=\"auto\" \/><\/div><\/div><\/div><div class=\"swiper-slide\"><div class=\"fusion-carousel-item-wrapper\"><div class=\"fusion-image-wrapper hover-type-none\"><img decoding=\"async\" width=\"540\" height=\"540\" src=\"https:\/\/enlite.de\/wp-content\/uploads\/sites\/6\/2025\/01\/3.jpg\" class=\"attachment-full size-full lazyload\" alt=\"Waldmotiv Baumpflanzaktion\" srcset=\"data:image\/svg+xml,%3Csvg%20xmlns%3D%27http%3A%2F%2Fwww.w3.org%2F2000%2Fsvg%27%20width%3D%27540%27%20height%3D%27540%27%20viewBox%3D%270%200%20540%20540%27%3E%3Crect%20width%3D%27540%27%20height%3D%27540%27%20fill-opacity%3D%220%22%2F%3E%3C%2Fsvg%3E\" data-orig-src=\"https:\/\/enlite.de\/wp-content\/uploads\/sites\/6\/2025\/01\/3.jpg\" data-srcset=\"https:\/\/enlite.de\/wp-content\/uploads\/sites\/6\/2025\/01\/3-200x200.jpg 200w, https:\/\/enlite.de\/wp-content\/uploads\/sites\/6\/2025\/01\/3-400x400.jpg 400w, https:\/\/enlite.de\/wp-content\/uploads\/sites\/6\/2025\/01\/3.jpg 540w\" data-sizes=\"auto\" \/><\/div><\/div><\/div><div class=\"swiper-slide\"><div class=\"fusion-carousel-item-wrapper\"><div class=\"fusion-image-wrapper hover-type-none\"><img decoding=\"async\" width=\"540\" height=\"540\" src=\"https:\/\/enlite.de\/wp-content\/uploads\/sites\/6\/2025\/01\/4.jpg\" class=\"attachment-full size-full lazyload\" alt=\"Gruppenfoto der Baumpflanzaktion\" srcset=\"data:image\/svg+xml,%3Csvg%20xmlns%3D%27http%3A%2F%2Fwww.w3.org%2F2000%2Fsvg%27%20width%3D%27540%27%20height%3D%27540%27%20viewBox%3D%270%200%20540%20540%27%3E%3Crect%20width%3D%27540%27%20height%3D%27540%27%20fill-opacity%3D%220%22%2F%3E%3C%2Fsvg%3E\" data-orig-src=\"https:\/\/enlite.de\/wp-content\/uploads\/sites\/6\/2025\/01\/4.jpg\" data-srcset=\"https:\/\/enlite.de\/wp-content\/uploads\/sites\/6\/2025\/01\/4-200x200.jpg 200w, https:\/\/enlite.de\/wp-content\/uploads\/sites\/6\/2025\/01\/4-400x400.jpg 400w, https:\/\/enlite.de\/wp-content\/uploads\/sites\/6\/2025\/01\/4.jpg 540w\" data-sizes=\"auto\" \/><\/div><\/div><\/div><div class=\"swiper-slide\"><div class=\"fusion-carousel-item-wrapper\"><div class=\"fusion-image-wrapper hover-type-none\"><img decoding=\"async\" width=\"540\" height=\"540\" src=\"https:\/\/enlite.de\/wp-content\/uploads\/sites\/6\/2025\/01\/5.jpg\" class=\"attachment-full size-full lazyload\" alt=\"Mitarbeiter beim Einpflanzen eines Setzlings\" srcset=\"data:image\/svg+xml,%3Csvg%20xmlns%3D%27http%3A%2F%2Fwww.w3.org%2F2000%2Fsvg%27%20width%3D%27540%27%20height%3D%27540%27%20viewBox%3D%270%200%20540%20540%27%3E%3Crect%20width%3D%27540%27%20height%3D%27540%27%20fill-opacity%3D%220%22%2F%3E%3C%2Fsvg%3E\" data-orig-src=\"https:\/\/enlite.de\/wp-content\/uploads\/sites\/6\/2025\/01\/5.jpg\" data-srcset=\"https:\/\/enlite.de\/wp-content\/uploads\/sites\/6\/2025\/01\/5-200x200.jpg 200w, https:\/\/enlite.de\/wp-content\/uploads\/sites\/6\/2025\/01\/5-400x400.jpg 400w, https:\/\/enlite.de\/wp-content\/uploads\/sites\/6\/2025\/01\/5.jpg 540w\" data-sizes=\"auto\" \/><\/div><\/div><\/div><div class=\"swiper-slide\"><div class=\"fusion-carousel-item-wrapper\"><div class=\"fusion-image-wrapper hover-type-none\"><img decoding=\"async\" width=\"540\" height=\"540\" src=\"https:\/\/enlite.de\/wp-content\/uploads\/sites\/6\/2025\/01\/6.jpg\" class=\"attachment-full size-full lazyload\" alt=\"Mitarbeiter beim Einpflanzen eines Setzlings\" srcset=\"data:image\/svg+xml,%3Csvg%20xmlns%3D%27http%3A%2F%2Fwww.w3.org%2F2000%2Fsvg%27%20width%3D%27540%27%20height%3D%27540%27%20viewBox%3D%270%200%20540%20540%27%3E%3Crect%20width%3D%27540%27%20height%3D%27540%27%20fill-opacity%3D%220%22%2F%3E%3C%2Fsvg%3E\" data-orig-src=\"https:\/\/enlite.de\/wp-content\/uploads\/sites\/6\/2025\/01\/6.jpg\" data-srcset=\"https:\/\/enlite.de\/wp-content\/uploads\/sites\/6\/2025\/01\/6-200x200.jpg 200w, https:\/\/enlite.de\/wp-content\/uploads\/sites\/6\/2025\/01\/6-400x400.jpg 400w, https:\/\/enlite.de\/wp-content\/uploads\/sites\/6\/2025\/01\/6.jpg 540w\" data-sizes=\"auto\" \/><\/div><\/div><\/div><div class=\"swiper-slide\"><div class=\"fusion-carousel-item-wrapper\"><div class=\"fusion-image-wrapper hover-type-none\"><img decoding=\"async\" width=\"540\" height=\"540\" src=\"https:\/\/enlite.de\/wp-content\/uploads\/sites\/6\/2025\/01\/7.jpg\" class=\"attachment-full size-full lazyload\" alt=\"Mitarbeiter beim Einpflanzen eines Setzlings\" srcset=\"data:image\/svg+xml,%3Csvg%20xmlns%3D%27http%3A%2F%2Fwww.w3.org%2F2000%2Fsvg%27%20width%3D%27540%27%20height%3D%27540%27%20viewBox%3D%270%200%20540%20540%27%3E%3Crect%20width%3D%27540%27%20height%3D%27540%27%20fill-opacity%3D%220%22%2F%3E%3C%2Fsvg%3E\" data-orig-src=\"https:\/\/enlite.de\/wp-content\/uploads\/sites\/6\/2025\/01\/7.jpg\" data-srcset=\"https:\/\/enlite.de\/wp-content\/uploads\/sites\/6\/2025\/01\/7-200x200.jpg 200w, https:\/\/enlite.de\/wp-content\/uploads\/sites\/6\/2025\/01\/7-400x400.jpg 400w, https:\/\/enlite.de\/wp-content\/uploads\/sites\/6\/2025\/01\/7.jpg 540w\" data-sizes=\"auto\" \/><\/div><\/div><\/div><div class=\"swiper-slide\"><div class=\"fusion-carousel-item-wrapper\"><div class=\"fusion-image-wrapper hover-type-none\"><img decoding=\"async\" width=\"540\" height=\"540\" src=\"https:\/\/enlite.de\/wp-content\/uploads\/sites\/6\/2025\/01\/8.jpg\" class=\"attachment-full size-full lazyload\" alt=\"Mitarbeitende stehen im Wald\" srcset=\"data:image\/svg+xml,%3Csvg%20xmlns%3D%27http%3A%2F%2Fwww.w3.org%2F2000%2Fsvg%27%20width%3D%27540%27%20height%3D%27540%27%20viewBox%3D%270%200%20540%20540%27%3E%3Crect%20width%3D%27540%27%20height%3D%27540%27%20fill-opacity%3D%220%22%2F%3E%3C%2Fsvg%3E\" data-orig-src=\"https:\/\/enlite.de\/wp-content\/uploads\/sites\/6\/2025\/01\/8.jpg\" data-srcset=\"https:\/\/enlite.de\/wp-content\/uploads\/sites\/6\/2025\/01\/8-200x200.jpg 200w, https:\/\/enlite.de\/wp-content\/uploads\/sites\/6\/2025\/01\/8-400x400.jpg 400w, https:\/\/enlite.de\/wp-content\/uploads\/sites\/6\/2025\/01\/8.jpg 540w\" data-sizes=\"auto\" \/><\/div><\/div><\/div><div class=\"swiper-slide\"><div class=\"fusion-carousel-item-wrapper\"><div class=\"fusion-image-wrapper hover-type-none\"><img decoding=\"async\" width=\"540\" height=\"540\" src=\"https:\/\/enlite.de\/wp-content\/uploads\/sites\/6\/2025\/01\/9.jpg\" class=\"attachment-full size-full lazyload\" alt=\"Gruppenfoto Mitarbeitende mit Schaufeln in der Hand\" srcset=\"data:image\/svg+xml,%3Csvg%20xmlns%3D%27http%3A%2F%2Fwww.w3.org%2F2000%2Fsvg%27%20width%3D%27540%27%20height%3D%27540%27%20viewBox%3D%270%200%20540%20540%27%3E%3Crect%20width%3D%27540%27%20height%3D%27540%27%20fill-opacity%3D%220%22%2F%3E%3C%2Fsvg%3E\" data-orig-src=\"https:\/\/enlite.de\/wp-content\/uploads\/sites\/6\/2025\/01\/9.jpg\" data-srcset=\"https:\/\/enlite.de\/wp-content\/uploads\/sites\/6\/2025\/01\/9-200x200.jpg 200w, https:\/\/enlite.de\/wp-content\/uploads\/sites\/6\/2025\/01\/9-400x400.jpg 400w, https:\/\/enlite.de\/wp-content\/uploads\/sites\/6\/2025\/01\/9.jpg 540w\" data-sizes=\"auto\" \/><\/div><\/div><\/div><div class=\"swiper-slide\"><div class=\"fusion-carousel-item-wrapper\"><div class=\"fusion-image-wrapper hover-type-none\"><img decoding=\"async\" width=\"540\" height=\"540\" src=\"https:\/\/enlite.de\/wp-content\/uploads\/sites\/6\/2025\/01\/10.jpg\" class=\"attachment-full size-full lazyload\" alt=\"Mitarbeiter mit Setzlingen in der Hand\" srcset=\"data:image\/svg+xml,%3Csvg%20xmlns%3D%27http%3A%2F%2Fwww.w3.org%2F2000%2Fsvg%27%20width%3D%27540%27%20height%3D%27540%27%20viewBox%3D%270%200%20540%20540%27%3E%3Crect%20width%3D%27540%27%20height%3D%27540%27%20fill-opacity%3D%220%22%2F%3E%3C%2Fsvg%3E\" data-orig-src=\"https:\/\/enlite.de\/wp-content\/uploads\/sites\/6\/2025\/01\/10.jpg\" data-srcset=\"https:\/\/enlite.de\/wp-content\/uploads\/sites\/6\/2025\/01\/10-200x200.jpg 200w, https:\/\/enlite.de\/wp-content\/uploads\/sites\/6\/2025\/01\/10-400x400.jpg 400w, https:\/\/enlite.de\/wp-content\/uploads\/sites\/6\/2025\/01\/10.jpg 540w\" data-sizes=\"auto\" \/><\/div><\/div><\/div><div class=\"swiper-slide\"><div class=\"fusion-carousel-item-wrapper\"><div class=\"fusion-image-wrapper hover-type-none\"><img decoding=\"async\" width=\"540\" height=\"540\" src=\"https:\/\/enlite.de\/wp-content\/uploads\/sites\/6\/2025\/01\/11.jpg\" class=\"attachment-full size-full lazyload\" alt=\"Mitarbeiter mit Setzling auf der Schulter\" srcset=\"data:image\/svg+xml,%3Csvg%20xmlns%3D%27http%3A%2F%2Fwww.w3.org%2F2000%2Fsvg%27%20width%3D%27540%27%20height%3D%27540%27%20viewBox%3D%270%200%20540%20540%27%3E%3Crect%20width%3D%27540%27%20height%3D%27540%27%20fill-opacity%3D%220%22%2F%3E%3C%2Fsvg%3E\" data-orig-src=\"https:\/\/enlite.de\/wp-content\/uploads\/sites\/6\/2025\/01\/11.jpg\" data-srcset=\"https:\/\/enlite.de\/wp-content\/uploads\/sites\/6\/2025\/01\/11-200x200.jpg 200w, https:\/\/enlite.de\/wp-content\/uploads\/sites\/6\/2025\/01\/11-400x400.jpg 400w, https:\/\/enlite.de\/wp-content\/uploads\/sites\/6\/2025\/01\/11.jpg 540w\" data-sizes=\"auto\" \/><\/div><\/div><\/div><div class=\"swiper-slide\"><div class=\"fusion-carousel-item-wrapper\"><div class=\"fusion-image-wrapper hover-type-none\"><img decoding=\"async\" width=\"540\" height=\"540\" src=\"https:\/\/enlite.de\/wp-content\/uploads\/sites\/6\/2025\/01\/12.jpg\" class=\"attachment-full size-full lazyload\" alt=\"Zwei Mitarbeiter mit Setzlingen unterm Arm\" srcset=\"data:image\/svg+xml,%3Csvg%20xmlns%3D%27http%3A%2F%2Fwww.w3.org%2F2000%2Fsvg%27%20width%3D%27540%27%20height%3D%27540%27%20viewBox%3D%270%200%20540%20540%27%3E%3Crect%20width%3D%27540%27%20height%3D%27540%27%20fill-opacity%3D%220%22%2F%3E%3C%2Fsvg%3E\" data-orig-src=\"https:\/\/enlite.de\/wp-content\/uploads\/sites\/6\/2025\/01\/12.jpg\" data-srcset=\"https:\/\/enlite.de\/wp-content\/uploads\/sites\/6\/2025\/01\/12-200x200.jpg 200w, https:\/\/enlite.de\/wp-content\/uploads\/sites\/6\/2025\/01\/12-400x400.jpg 400w, https:\/\/enlite.de\/wp-content\/uploads\/sites\/6\/2025\/01\/12.jpg 540w\" data-sizes=\"auto\" \/><\/div><\/div><\/div><div class=\"swiper-slide\"><div class=\"fusion-carousel-item-wrapper\"><div class=\"fusion-image-wrapper hover-type-none\"><img decoding=\"async\" width=\"540\" height=\"540\" src=\"https:\/\/enlite.de\/wp-content\/uploads\/sites\/6\/2025\/01\/13.jpg\" class=\"attachment-full size-full lazyload\" alt=\"Mitarbeiter beim Einpflanzen eines Setzlings\" srcset=\"data:image\/svg+xml,%3Csvg%20xmlns%3D%27http%3A%2F%2Fwww.w3.org%2F2000%2Fsvg%27%20width%3D%27540%27%20height%3D%27540%27%20viewBox%3D%270%200%20540%20540%27%3E%3Crect%20width%3D%27540%27%20height%3D%27540%27%20fill-opacity%3D%220%22%2F%3E%3C%2Fsvg%3E\" data-orig-src=\"https:\/\/enlite.de\/wp-content\/uploads\/sites\/6\/2025\/01\/13.jpg\" data-srcset=\"https:\/\/enlite.de\/wp-content\/uploads\/sites\/6\/2025\/01\/13-200x200.jpg 200w, https:\/\/enlite.de\/wp-content\/uploads\/sites\/6\/2025\/01\/13-400x400.jpg 400w, https:\/\/enlite.de\/wp-content\/uploads\/sites\/6\/2025\/01\/13.jpg 540w\" data-sizes=\"auto\" \/><\/div><\/div><\/div><div class=\"swiper-slide\"><div class=\"fusion-carousel-item-wrapper\"><div class=\"fusion-image-wrapper hover-type-none\"><img decoding=\"async\" width=\"540\" height=\"540\" src=\"https:\/\/enlite.de\/wp-content\/uploads\/sites\/6\/2025\/01\/14.jpg\" class=\"attachment-full size-full lazyload\" alt=\"Mitarbeiter beim Einpflanzen eines Setzlings\" srcset=\"data:image\/svg+xml,%3Csvg%20xmlns%3D%27http%3A%2F%2Fwww.w3.org%2F2000%2Fsvg%27%20width%3D%27540%27%20height%3D%27540%27%20viewBox%3D%270%200%20540%20540%27%3E%3Crect%20width%3D%27540%27%20height%3D%27540%27%20fill-opacity%3D%220%22%2F%3E%3C%2Fsvg%3E\" data-orig-src=\"https:\/\/enlite.de\/wp-content\/uploads\/sites\/6\/2025\/01\/14.jpg\" data-srcset=\"https:\/\/enlite.de\/wp-content\/uploads\/sites\/6\/2025\/01\/14-200x200.jpg 200w, https:\/\/enlite.de\/wp-content\/uploads\/sites\/6\/2025\/01\/14-400x400.jpg 400w, https:\/\/enlite.de\/wp-content\/uploads\/sites\/6\/2025\/01\/14.jpg 540w\" data-sizes=\"auto\" \/><\/div><\/div><\/div><div class=\"swiper-slide\"><div class=\"fusion-carousel-item-wrapper\"><div class=\"fusion-image-wrapper hover-type-none\"><img decoding=\"async\" width=\"540\" height=\"540\" src=\"https:\/\/enlite.de\/wp-content\/uploads\/sites\/6\/2025\/01\/15.jpg\" class=\"attachment-full size-full lazyload\" alt=\"Nahaufnahme ENLITE Arbeitshandschuh\" srcset=\"data:image\/svg+xml,%3Csvg%20xmlns%3D%27http%3A%2F%2Fwww.w3.org%2F2000%2Fsvg%27%20width%3D%27540%27%20height%3D%27540%27%20viewBox%3D%270%200%20540%20540%27%3E%3Crect%20width%3D%27540%27%20height%3D%27540%27%20fill-opacity%3D%220%22%2F%3E%3C%2Fsvg%3E\" data-orig-src=\"https:\/\/enlite.de\/wp-content\/uploads\/sites\/6\/2025\/01\/15.jpg\" data-srcset=\"https:\/\/enlite.de\/wp-content\/uploads\/sites\/6\/2025\/01\/15-200x200.jpg 200w, https:\/\/enlite.de\/wp-content\/uploads\/sites\/6\/2025\/01\/15-400x400.jpg 400w, https:\/\/enlite.de\/wp-content\/uploads\/sites\/6\/2025\/01\/15.jpg 540w\" data-sizes=\"auto\" \/><\/div><\/div><\/div><div class=\"swiper-slide\"><div class=\"fusion-carousel-item-wrapper\"><div class=\"fusion-image-wrapper hover-type-none\"><img decoding=\"async\" width=\"540\" height=\"540\" src=\"https:\/\/enlite.de\/wp-content\/uploads\/sites\/6\/2025\/01\/16.jpg\" class=\"attachment-full size-full lazyload\" alt=\"Pflanze im Gr\u00fcnen der Baumpflanzaktion\" srcset=\"data:image\/svg+xml,%3Csvg%20xmlns%3D%27http%3A%2F%2Fwww.w3.org%2F2000%2Fsvg%27%20width%3D%27540%27%20height%3D%27540%27%20viewBox%3D%270%200%20540%20540%27%3E%3Crect%20width%3D%27540%27%20height%3D%27540%27%20fill-opacity%3D%220%22%2F%3E%3C%2Fsvg%3E\" data-orig-src=\"https:\/\/enlite.de\/wp-content\/uploads\/sites\/6\/2025\/01\/16.jpg\" data-srcset=\"https:\/\/enlite.de\/wp-content\/uploads\/sites\/6\/2025\/01\/16-200x200.jpg 200w, https:\/\/enlite.de\/wp-content\/uploads\/sites\/6\/2025\/01\/16-400x400.jpg 400w, https:\/\/enlite.de\/wp-content\/uploads\/sites\/6\/2025\/01\/16.jpg 540w\" data-sizes=\"auto\" \/><\/div><\/div><\/div><div class=\"swiper-slide\"><div class=\"fusion-carousel-item-wrapper\"><div class=\"fusion-image-wrapper hover-type-none\"><img decoding=\"async\" width=\"540\" height=\"540\" src=\"https:\/\/enlite.de\/wp-content\/uploads\/sites\/6\/2025\/01\/17.jpg\" class=\"attachment-full size-full lazyload\" alt=\"Gruppenfoto der Baumpflanzaktion im Wald\" srcset=\"data:image\/svg+xml,%3Csvg%20xmlns%3D%27http%3A%2F%2Fwww.w3.org%2F2000%2Fsvg%27%20width%3D%27540%27%20height%3D%27540%27%20viewBox%3D%270%200%20540%20540%27%3E%3Crect%20width%3D%27540%27%20height%3D%27540%27%20fill-opacity%3D%220%22%2F%3E%3C%2Fsvg%3E\" data-orig-src=\"https:\/\/enlite.de\/wp-content\/uploads\/sites\/6\/2025\/01\/17.jpg\" data-srcset=\"https:\/\/enlite.de\/wp-content\/uploads\/sites\/6\/2025\/01\/17-200x200.jpg 200w, https:\/\/enlite.de\/wp-content\/uploads\/sites\/6\/2025\/01\/17-400x400.jpg 400w, https:\/\/enlite.de\/wp-content\/uploads\/sites\/6\/2025\/01\/17.jpg 540w\" data-sizes=\"auto\" \/><\/div><\/div><\/div><div class=\"swiper-slide\"><div class=\"fusion-carousel-item-wrapper\"><div class=\"fusion-image-wrapper hover-type-none\"><img decoding=\"async\" width=\"540\" height=\"540\" src=\"https:\/\/enlite.de\/wp-content\/uploads\/sites\/6\/2025\/01\/18.jpg\" class=\"attachment-full size-full lazyload\" alt=\"Gruppenfoto der Baumpflanzaktion im Wald\" srcset=\"data:image\/svg+xml,%3Csvg%20xmlns%3D%27http%3A%2F%2Fwww.w3.org%2F2000%2Fsvg%27%20width%3D%27540%27%20height%3D%27540%27%20viewBox%3D%270%200%20540%20540%27%3E%3Crect%20width%3D%27540%27%20height%3D%27540%27%20fill-opacity%3D%220%22%2F%3E%3C%2Fsvg%3E\" data-orig-src=\"https:\/\/enlite.de\/wp-content\/uploads\/sites\/6\/2025\/01\/18.jpg\" data-srcset=\"https:\/\/enlite.de\/wp-content\/uploads\/sites\/6\/2025\/01\/18-200x200.jpg 200w, https:\/\/enlite.de\/wp-content\/uploads\/sites\/6\/2025\/01\/18-400x400.jpg 400w, https:\/\/enlite.de\/wp-content\/uploads\/sites\/6\/2025\/01\/18.jpg 540w\" data-sizes=\"auto\" \/><\/div><\/div><\/div><div class=\"swiper-slide\"><div class=\"fusion-carousel-item-wrapper\"><div class=\"fusion-image-wrapper hover-type-none\"><img decoding=\"async\" width=\"540\" height=\"540\" src=\"https:\/\/enlite.de\/wp-content\/uploads\/sites\/6\/2025\/01\/19.jpg\" class=\"attachment-full size-full lazyload\" alt=\"Mitarbeitende graben L\u00f6cher f\u00fcr Setzlinge\" srcset=\"data:image\/svg+xml,%3Csvg%20xmlns%3D%27http%3A%2F%2Fwww.w3.org%2F2000%2Fsvg%27%20width%3D%27540%27%20height%3D%27540%27%20viewBox%3D%270%200%20540%20540%27%3E%3Crect%20width%3D%27540%27%20height%3D%27540%27%20fill-opacity%3D%220%22%2F%3E%3C%2Fsvg%3E\" data-orig-src=\"https:\/\/enlite.de\/wp-content\/uploads\/sites\/6\/2025\/01\/19.jpg\" data-srcset=\"https:\/\/enlite.de\/wp-content\/uploads\/sites\/6\/2025\/01\/19-200x200.jpg 200w, https:\/\/enlite.de\/wp-content\/uploads\/sites\/6\/2025\/01\/19-400x400.jpg 400w, https:\/\/enlite.de\/wp-content\/uploads\/sites\/6\/2025\/01\/19.jpg 540w\" data-sizes=\"auto\" \/><\/div><\/div><\/div><div class=\"swiper-slide\"><div class=\"fusion-carousel-item-wrapper\"><div class=\"fusion-image-wrapper hover-type-none\"><img decoding=\"async\" width=\"540\" height=\"540\" src=\"https:\/\/enlite.de\/wp-content\/uploads\/sites\/6\/2025\/01\/20.jpg\" class=\"attachment-full size-full lazyload\" alt=\"Mitarbeitende graben L\u00f6cher f\u00fcr Setzlinge\" srcset=\"data:image\/svg+xml,%3Csvg%20xmlns%3D%27http%3A%2F%2Fwww.w3.org%2F2000%2Fsvg%27%20width%3D%27540%27%20height%3D%27540%27%20viewBox%3D%270%200%20540%20540%27%3E%3Crect%20width%3D%27540%27%20height%3D%27540%27%20fill-opacity%3D%220%22%2F%3E%3C%2Fsvg%3E\" data-orig-src=\"https:\/\/enlite.de\/wp-content\/uploads\/sites\/6\/2025\/01\/20.jpg\" data-srcset=\"https:\/\/enlite.de\/wp-content\/uploads\/sites\/6\/2025\/01\/20-200x200.jpg 200w, https:\/\/enlite.de\/wp-content\/uploads\/sites\/6\/2025\/01\/20-400x400.jpg 400w, https:\/\/enlite.de\/wp-content\/uploads\/sites\/6\/2025\/01\/20.jpg 540w\" data-sizes=\"auto\" \/><\/div><\/div><\/div><div class=\"swiper-slide\"><div class=\"fusion-carousel-item-wrapper\"><div class=\"fusion-image-wrapper hover-type-none\"><img decoding=\"async\" width=\"540\" height=\"540\" src=\"https:\/\/enlite.de\/wp-content\/uploads\/sites\/6\/2025\/01\/21.jpg\" class=\"attachment-full size-full lazyload\" alt=\"Setzlinge werden in der Erde vergraben\" srcset=\"data:image\/svg+xml,%3Csvg%20xmlns%3D%27http%3A%2F%2Fwww.w3.org%2F2000%2Fsvg%27%20width%3D%27540%27%20height%3D%27540%27%20viewBox%3D%270%200%20540%20540%27%3E%3Crect%20width%3D%27540%27%20height%3D%27540%27%20fill-opacity%3D%220%22%2F%3E%3C%2Fsvg%3E\" data-orig-src=\"https:\/\/enlite.de\/wp-content\/uploads\/sites\/6\/2025\/01\/21.jpg\" data-srcset=\"https:\/\/enlite.de\/wp-content\/uploads\/sites\/6\/2025\/01\/21-200x200.jpg 200w, https:\/\/enlite.de\/wp-content\/uploads\/sites\/6\/2025\/01\/21-400x400.jpg 400w, https:\/\/enlite.de\/wp-content\/uploads\/sites\/6\/2025\/01\/21.jpg 540w\" data-sizes=\"auto\" \/><\/div><\/div><\/div><div class=\"swiper-slide\"><div class=\"fusion-carousel-item-wrapper\"><div class=\"fusion-image-wrapper hover-type-none\"><img decoding=\"async\" width=\"540\" height=\"540\" src=\"https:\/\/enlite.de\/wp-content\/uploads\/sites\/6\/2025\/01\/22.jpg\" class=\"attachment-full size-full lazyload\" alt=\"Mitarbeitende graben L\u00f6cher f\u00fcr Setzlinge\" srcset=\"data:image\/svg+xml,%3Csvg%20xmlns%3D%27http%3A%2F%2Fwww.w3.org%2F2000%2Fsvg%27%20width%3D%27540%27%20height%3D%27540%27%20viewBox%3D%270%200%20540%20540%27%3E%3Crect%20width%3D%27540%27%20height%3D%27540%27%20fill-opacity%3D%220%22%2F%3E%3C%2Fsvg%3E\" data-orig-src=\"https:\/\/enlite.de\/wp-content\/uploads\/sites\/6\/2025\/01\/22.jpg\" data-srcset=\"https:\/\/enlite.de\/wp-content\/uploads\/sites\/6\/2025\/01\/22-200x200.jpg 200w, https:\/\/enlite.de\/wp-content\/uploads\/sites\/6\/2025\/01\/22-400x400.jpg 400w, https:\/\/enlite.de\/wp-content\/uploads\/sites\/6\/2025\/01\/22.jpg 540w\" data-sizes=\"auto\" \/><\/div><\/div><\/div><div class=\"swiper-slide\"><div class=\"fusion-carousel-item-wrapper\"><div class=\"fusion-image-wrapper hover-type-none\"><img decoding=\"async\" width=\"540\" height=\"540\" src=\"https:\/\/enlite.de\/wp-content\/uploads\/sites\/6\/2025\/01\/23.jpg\" class=\"attachment-full size-full lazyload\" alt=\"Urkunde Klimapartner 2024\" srcset=\"data:image\/svg+xml,%3Csvg%20xmlns%3D%27http%3A%2F%2Fwww.w3.org%2F2000%2Fsvg%27%20width%3D%27540%27%20height%3D%27540%27%20viewBox%3D%270%200%20540%20540%27%3E%3Crect%20width%3D%27540%27%20height%3D%27540%27%20fill-opacity%3D%220%22%2F%3E%3C%2Fsvg%3E\" data-orig-src=\"https:\/\/enlite.de\/wp-content\/uploads\/sites\/6\/2025\/01\/23.jpg\" data-srcset=\"https:\/\/enlite.de\/wp-content\/uploads\/sites\/6\/2025\/01\/23-200x200.jpg 200w, https:\/\/enlite.de\/wp-content\/uploads\/sites\/6\/2025\/01\/23-400x400.jpg 400w, https:\/\/enlite.de\/wp-content\/uploads\/sites\/6\/2025\/01\/23.jpg 540w\" data-sizes=\"auto\" \/><\/div><\/div><\/div><\/div><div class=\"awb-swiper-button awb-swiper-button-prev\"><i class=\"awb-icon-angle-left\" aria-hidden=\"true\"><\/i><\/div><div class=\"awb-swiper-button awb-swiper-button-next\"><i class=\"awb-icon-angle-right\" aria-hidden=\"true\"><\/i><\/div><\/div><\/div><\/div><\/div><\/div><\/div>","protected":false},"excerpt":{"rendered":"","protected":false},"author":3,"featured_media":6078,"comment_status":"open","ping_status":"open","sticky":false,"template":"","format":"standard","meta":{"footnotes":""},"categories":[1],"tags":[],"class_list":["post-6092","post","type-post","status-publish","format-standard","has-post-thumbnail","hentry","category-allgemein"],"yoast_head":"<!-- This site is optimized with the Yoast SEO plugin v27.5 - https:\/\/yoast.com\/product\/yoast-seo-wordpress\/ -->\n<title>Gemeinsam f\u00fcr den Klimaschutz - ENLITE Management and Engineering<\/title>\n<meta name=\"description\" content=\"Wald statt B\u00fcro, Schaufel statt Tastatur: Die Kolleg:innen von ENLITE pflanzten im Rahmen der Aufforstungsprojekte der Stiftung PLANT-MY-TREE\u00ae 350 B\u00e4ume ein.\" \/>\n<meta name=\"robots\" content=\"index, follow, max-snippet:-1, max-image-preview:large, max-video-preview:-1\" \/>\n<link rel=\"canonical\" href=\"https:\/\/enlite.de\/en\/gemeinsam-fur-den-klimaschutz\/\" \/>\n<meta property=\"og:locale\" content=\"en_US\" \/>\n<meta property=\"og:type\" content=\"article\" \/>\n<meta property=\"og:title\" content=\"Gemeinsam f\u00fcr den Klimaschutz - ENLITE Management and Engineering\" \/>\n<meta property=\"og:description\" content=\"Wald statt B\u00fcro, Schaufel statt Tastatur: Die Kolleg:innen von ENLITE pflanzten im Rahmen der Aufforstungsprojekte der Stiftung PLANT-MY-TREE\u00ae 350 B\u00e4ume ein.\" \/>\n<meta property=\"og:url\" content=\"https:\/\/enlite.de\/en\/gemeinsam-fur-den-klimaschutz\/\" \/>\n<meta property=\"og:site_name\" content=\"ENLITE Management and Engineering\" \/>\n<meta property=\"article:published_time\" content=\"2024-12-03T08:18:59+00:00\" \/>\n<meta property=\"article:modified_time\" content=\"2025-02-03T12:42:02+00:00\" \/>\n<meta property=\"og:image\" content=\"https:\/\/enlite.de\/wp-content\/uploads\/sites\/6\/2025\/01\/Klimaschutz-web.jpg\" \/>\n\t<meta property=\"og:image:width\" content=\"671\" \/>\n\t<meta property=\"og:image:height\" content=\"460\" \/>\n\t<meta property=\"og:image:type\" content=\"image\/jpeg\" \/>\n<meta name=\"author\" content=\"Redaktion\" \/>\n<meta name=\"twitter:card\" content=\"summary_large_image\" \/>\n<meta name=\"twitter:label1\" content=\"Written by\" \/>\n\t<meta name=\"twitter:data1\" content=\"Redaktion\" \/>\n\t<meta name=\"twitter:label2\" content=\"Est. reading time\" \/>\n\t<meta name=\"twitter:data2\" content=\"6 minutes\" \/>\n<script type=\"application\/ld+json\" class=\"yoast-schema-graph\">{\"@context\":\"https:\\\/\\\/schema.org\",\"@graph\":[{\"@type\":\"Article\",\"@id\":\"https:\\\/\\\/enlite.de\\\/gemeinsam-fur-den-klimaschutz\\\/#article\",\"isPartOf\":{\"@id\":\"https:\\\/\\\/enlite.de\\\/gemeinsam-fur-den-klimaschutz\\\/\"},\"author\":{\"name\":\"Redaktion\",\"@id\":\"https:\\\/\\\/enlite.de\\\/#\\\/schema\\\/person\\\/52a79322edcd94cd0015dce06caefac1\"},\"headline\":\"Gemeinsam f\u00fcr den Klimaschutz\",\"datePublished\":\"2024-12-03T08:18:59+00:00\",\"dateModified\":\"2025-02-03T12:42:02+00:00\",\"mainEntityOfPage\":{\"@id\":\"https:\\\/\\\/enlite.de\\\/gemeinsam-fur-den-klimaschutz\\\/\"},\"wordCount\":1118,\"commentCount\":0,\"image\":{\"@id\":\"https:\\\/\\\/enlite.de\\\/gemeinsam-fur-den-klimaschutz\\\/#primaryimage\"},\"thumbnailUrl\":\"https:\\\/\\\/enlite.de\\\/wp-content\\\/uploads\\\/sites\\\/6\\\/2025\\\/01\\\/Klimaschutz-web.jpg\",\"articleSection\":[\"Allgemein\"],\"inLanguage\":\"en-US\",\"potentialAction\":[{\"@type\":\"CommentAction\",\"name\":\"Comment\",\"target\":[\"https:\\\/\\\/enlite.de\\\/gemeinsam-fur-den-klimaschutz\\\/#respond\"]}]},{\"@type\":\"WebPage\",\"@id\":\"https:\\\/\\\/enlite.de\\\/gemeinsam-fur-den-klimaschutz\\\/\",\"url\":\"https:\\\/\\\/enlite.de\\\/gemeinsam-fur-den-klimaschutz\\\/\",\"name\":\"Gemeinsam f\u00fcr den Klimaschutz - ENLITE Management and Engineering\",\"isPartOf\":{\"@id\":\"https:\\\/\\\/enlite.de\\\/#website\"},\"primaryImageOfPage\":{\"@id\":\"https:\\\/\\\/enlite.de\\\/gemeinsam-fur-den-klimaschutz\\\/#primaryimage\"},\"image\":{\"@id\":\"https:\\\/\\\/enlite.de\\\/gemeinsam-fur-den-klimaschutz\\\/#primaryimage\"},\"thumbnailUrl\":\"https:\\\/\\\/enlite.de\\\/wp-content\\\/uploads\\\/sites\\\/6\\\/2025\\\/01\\\/Klimaschutz-web.jpg\",\"datePublished\":\"2024-12-03T08:18:59+00:00\",\"dateModified\":\"2025-02-03T12:42:02+00:00\",\"author\":{\"@id\":\"https:\\\/\\\/enlite.de\\\/#\\\/schema\\\/person\\\/52a79322edcd94cd0015dce06caefac1\"},\"description\":\"Wald statt B\u00fcro, Schaufel statt Tastatur: Die Kolleg:innen von ENLITE pflanzten im Rahmen der Aufforstungsprojekte der Stiftung PLANT-MY-TREE\u00ae 350 B\u00e4ume ein.\",\"breadcrumb\":{\"@id\":\"https:\\\/\\\/enlite.de\\\/gemeinsam-fur-den-klimaschutz\\\/#breadcrumb\"},\"inLanguage\":\"en-US\",\"potentialAction\":[{\"@type\":\"ReadAction\",\"target\":[\"https:\\\/\\\/enlite.de\\\/gemeinsam-fur-den-klimaschutz\\\/\"]}]},{\"@type\":\"ImageObject\",\"inLanguage\":\"en-US\",\"@id\":\"https:\\\/\\\/enlite.de\\\/gemeinsam-fur-den-klimaschutz\\\/#primaryimage\",\"url\":\"https:\\\/\\\/enlite.de\\\/wp-content\\\/uploads\\\/sites\\\/6\\\/2025\\\/01\\\/Klimaschutz-web.jpg\",\"contentUrl\":\"https:\\\/\\\/enlite.de\\\/wp-content\\\/uploads\\\/sites\\\/6\\\/2025\\\/01\\\/Klimaschutz-web.jpg\",\"width\":671,\"height\":460,\"caption\":\"Urkunde Klimapartner 2024\"},{\"@type\":\"BreadcrumbList\",\"@id\":\"https:\\\/\\\/enlite.de\\\/gemeinsam-fur-den-klimaschutz\\\/#breadcrumb\",\"itemListElement\":[{\"@type\":\"ListItem\",\"position\":1,\"name\":\"Startseite\",\"item\":\"https:\\\/\\\/enlite.de\\\/\"},{\"@type\":\"ListItem\",\"position\":2,\"name\":\"Gemeinsam f\u00fcr den Klimaschutz\"}]},{\"@type\":\"WebSite\",\"@id\":\"https:\\\/\\\/enlite.de\\\/#website\",\"url\":\"https:\\\/\\\/enlite.de\\\/\",\"name\":\"ENLITE Management and Engineering\",\"description\":\"\",\"potentialAction\":[{\"@type\":\"SearchAction\",\"target\":{\"@type\":\"EntryPoint\",\"urlTemplate\":\"https:\\\/\\\/enlite.de\\\/?s={search_term_string}\"},\"query-input\":{\"@type\":\"PropertyValueSpecification\",\"valueRequired\":true,\"valueName\":\"search_term_string\"}}],\"inLanguage\":\"en-US\"},{\"@type\":\"Person\",\"@id\":\"https:\\\/\\\/enlite.de\\\/#\\\/schema\\\/person\\\/52a79322edcd94cd0015dce06caefac1\",\"name\":\"Redaktion\",\"image\":{\"@type\":\"ImageObject\",\"inLanguage\":\"en-US\",\"@id\":\"https:\\\/\\\/secure.gravatar.com\\\/avatar\\\/114afc5f9a8d6580738c5a81ff48185fbfb3142f7bbe3fc62429ffeb8b816b6a?s=96&d=mm&r=g\",\"url\":\"https:\\\/\\\/secure.gravatar.com\\\/avatar\\\/114afc5f9a8d6580738c5a81ff48185fbfb3142f7bbe3fc62429ffeb8b816b6a?s=96&d=mm&r=g\",\"contentUrl\":\"https:\\\/\\\/secure.gravatar.com\\\/avatar\\\/114afc5f9a8d6580738c5a81ff48185fbfb3142f7bbe3fc62429ffeb8b816b6a?s=96&d=mm&r=g\",\"caption\":\"Redaktion\"},\"url\":\"https:\\\/\\\/enlite.de\\\/en\\\/author\\\/redaktion\\\/\"}]}<\/script>\n<!-- \/ Yoast SEO plugin. -->","yoast_head_json":{"title":"Gemeinsam f\u00fcr den Klimaschutz - ENLITE Management and Engineering","description":"Wald statt B\u00fcro, Schaufel statt Tastatur: Die Kolleg:innen von ENLITE pflanzten im Rahmen der Aufforstungsprojekte der Stiftung PLANT-MY-TREE\u00ae 350 B\u00e4ume ein.","robots":{"index":"index","follow":"follow","max-snippet":"max-snippet:-1","max-image-preview":"max-image-preview:large","max-video-preview":"max-video-preview:-1"},"canonical":"https:\/\/enlite.de\/en\/gemeinsam-fur-den-klimaschutz\/","og_locale":"en_US","og_type":"article","og_title":"Gemeinsam f\u00fcr den Klimaschutz - ENLITE Management and Engineering","og_description":"Wald statt B\u00fcro, Schaufel statt Tastatur: Die Kolleg:innen von ENLITE pflanzten im Rahmen der Aufforstungsprojekte der Stiftung PLANT-MY-TREE\u00ae 350 B\u00e4ume ein.","og_url":"https:\/\/enlite.de\/en\/gemeinsam-fur-den-klimaschutz\/","og_site_name":"ENLITE Management and Engineering","article_published_time":"2024-12-03T08:18:59+00:00","article_modified_time":"2025-02-03T12:42:02+00:00","og_image":[{"width":671,"height":460,"url":"https:\/\/enlite.de\/wp-content\/uploads\/sites\/6\/2025\/01\/Klimaschutz-web.jpg","type":"image\/jpeg"}],"author":"Redaktion","twitter_card":"summary_large_image","twitter_misc":{"Written by":"Redaktion","Est. reading time":"6 minutes"},"schema":{"@context":"https:\/\/schema.org","@graph":[{"@type":"Article","@id":"https:\/\/enlite.de\/gemeinsam-fur-den-klimaschutz\/#article","isPartOf":{"@id":"https:\/\/enlite.de\/gemeinsam-fur-den-klimaschutz\/"},"author":{"name":"Redaktion","@id":"https:\/\/enlite.de\/#\/schema\/person\/52a79322edcd94cd0015dce06caefac1"},"headline":"Gemeinsam f\u00fcr den Klimaschutz","datePublished":"2024-12-03T08:18:59+00:00","dateModified":"2025-02-03T12:42:02+00:00","mainEntityOfPage":{"@id":"https:\/\/enlite.de\/gemeinsam-fur-den-klimaschutz\/"},"wordCount":1118,"commentCount":0,"image":{"@id":"https:\/\/enlite.de\/gemeinsam-fur-den-klimaschutz\/#primaryimage"},"thumbnailUrl":"https:\/\/enlite.de\/wp-content\/uploads\/sites\/6\/2025\/01\/Klimaschutz-web.jpg","articleSection":["Allgemein"],"inLanguage":"en-US","potentialAction":[{"@type":"CommentAction","name":"Comment","target":["https:\/\/enlite.de\/gemeinsam-fur-den-klimaschutz\/#respond"]}]},{"@type":"WebPage","@id":"https:\/\/enlite.de\/gemeinsam-fur-den-klimaschutz\/","url":"https:\/\/enlite.de\/gemeinsam-fur-den-klimaschutz\/","name":"Gemeinsam f\u00fcr den Klimaschutz - ENLITE Management and Engineering","isPartOf":{"@id":"https:\/\/enlite.de\/#website"},"primaryImageOfPage":{"@id":"https:\/\/enlite.de\/gemeinsam-fur-den-klimaschutz\/#primaryimage"},"image":{"@id":"https:\/\/enlite.de\/gemeinsam-fur-den-klimaschutz\/#primaryimage"},"thumbnailUrl":"https:\/\/enlite.de\/wp-content\/uploads\/sites\/6\/2025\/01\/Klimaschutz-web.jpg","datePublished":"2024-12-03T08:18:59+00:00","dateModified":"2025-02-03T12:42:02+00:00","author":{"@id":"https:\/\/enlite.de\/#\/schema\/person\/52a79322edcd94cd0015dce06caefac1"},"description":"Wald statt B\u00fcro, Schaufel statt Tastatur: Die Kolleg:innen von ENLITE pflanzten im Rahmen der Aufforstungsprojekte der Stiftung PLANT-MY-TREE\u00ae 350 B\u00e4ume ein.","breadcrumb":{"@id":"https:\/\/enlite.de\/gemeinsam-fur-den-klimaschutz\/#breadcrumb"},"inLanguage":"en-US","potentialAction":[{"@type":"ReadAction","target":["https:\/\/enlite.de\/gemeinsam-fur-den-klimaschutz\/"]}]},{"@type":"ImageObject","inLanguage":"en-US","@id":"https:\/\/enlite.de\/gemeinsam-fur-den-klimaschutz\/#primaryimage","url":"https:\/\/enlite.de\/wp-content\/uploads\/sites\/6\/2025\/01\/Klimaschutz-web.jpg","contentUrl":"https:\/\/enlite.de\/wp-content\/uploads\/sites\/6\/2025\/01\/Klimaschutz-web.jpg","width":671,"height":460,"caption":"Urkunde Klimapartner 2024"},{"@type":"BreadcrumbList","@id":"https:\/\/enlite.de\/gemeinsam-fur-den-klimaschutz\/#breadcrumb","itemListElement":[{"@type":"ListItem","position":1,"name":"Startseite","item":"https:\/\/enlite.de\/"},{"@type":"ListItem","position":2,"name":"Gemeinsam f\u00fcr den Klimaschutz"}]},{"@type":"WebSite","@id":"https:\/\/enlite.de\/#website","url":"https:\/\/enlite.de\/","name":"ENLITE Management and Engineering","description":"","potentialAction":[{"@type":"SearchAction","target":{"@type":"EntryPoint","urlTemplate":"https:\/\/enlite.de\/?s={search_term_string}"},"query-input":{"@type":"PropertyValueSpecification","valueRequired":true,"valueName":"search_term_string"}}],"inLanguage":"en-US"},{"@type":"Person","@id":"https:\/\/enlite.de\/#\/schema\/person\/52a79322edcd94cd0015dce06caefac1","name":"Redaktion","image":{"@type":"ImageObject","inLanguage":"en-US","@id":"https:\/\/secure.gravatar.com\/avatar\/114afc5f9a8d6580738c5a81ff48185fbfb3142f7bbe3fc62429ffeb8b816b6a?s=96&d=mm&r=g","url":"https:\/\/secure.gravatar.com\/avatar\/114afc5f9a8d6580738c5a81ff48185fbfb3142f7bbe3fc62429ffeb8b816b6a?s=96&d=mm&r=g","contentUrl":"https:\/\/secure.gravatar.com\/avatar\/114afc5f9a8d6580738c5a81ff48185fbfb3142f7bbe3fc62429ffeb8b816b6a?s=96&d=mm&r=g","caption":"Redaktion"},"url":"https:\/\/enlite.de\/en\/author\/redaktion\/"}]}},"_links":{"self":[{"href":"https:\/\/enlite.de\/en\/wp-json\/wp\/v2\/posts\/6092","targetHints":{"allow":["GET"]}}],"collection":[{"href":"https:\/\/enlite.de\/en\/wp-json\/wp\/v2\/posts"}],"about":[{"href":"https:\/\/enlite.de\/en\/wp-json\/wp\/v2\/types\/post"}],"author":[{"embeddable":true,"href":"https:\/\/enlite.de\/en\/wp-json\/wp\/v2\/users\/3"}],"replies":[{"embeddable":true,"href":"https:\/\/enlite.de\/en\/wp-json\/wp\/v2\/comments?post=6092"}],"version-history":[{"count":5,"href":"https:\/\/enlite.de\/en\/wp-json\/wp\/v2\/posts\/6092\/revisions"}],"predecessor-version":[{"id":6162,"href":"https:\/\/enlite.de\/en\/wp-json\/wp\/v2\/posts\/6092\/revisions\/6162"}],"wp:featuredmedia":[{"embeddable":true,"href":"https:\/\/enlite.de\/en\/wp-json\/wp\/v2\/media\/6078"}],"wp:attachment":[{"href":"https:\/\/enlite.de\/en\/wp-json\/wp\/v2\/media?parent=6092"}],"wp:term":[{"taxonomy":"category","embeddable":true,"href":"https:\/\/enlite.de\/en\/wp-json\/wp\/v2\/categories?post=6092"},{"taxonomy":"post_tag","embeddable":true,"href":"https:\/\/enlite.de\/en\/wp-json\/wp\/v2\/tags?post=6092"}],"curies":[{"name":"wp","href":"https:\/\/api.w.org\/{rel}","templated":true}]}}