{"id":5387,"date":"2024-11-18T10:27:52","date_gmt":"2024-11-18T09:27:52","guid":{"rendered":"https:\/\/enlite.testumgebung.vandesandt-stollner.de\/?p=5387"},"modified":"2025-01-31T15:46:23","modified_gmt":"2025-01-31T14:46:23","slug":"enlite-zu-gast-auf-der-jobaktiv-in-hamburg","status":"publish","type":"post","link":"https:\/\/enlite.de\/en\/enlite-zu-gast-auf-der-jobaktiv-in-hamburg\/","title":{"rendered":"ENLITE zu Gast auf der Jobaktiv in Hamburg"},"content":{"rendered":"<div class=\"fusion-fullwidth fullwidth-box fusion-builder-row-1 fusion-flex-container has-pattern-background has-mask-background nonhundred-percent-fullwidth non-hundred-percent-height-scrolling\" style=\"--awb-border-radius-top-left:0px;--awb-border-radius-top-right:0px;--awb-border-radius-bottom-right:0px;--awb-border-radius-bottom-left:0px;--awb-flex-wrap:wrap;\" ><div class=\"fusion-builder-row fusion-row fusion-flex-align-items-flex-start fusion-flex-content-wrap\" style=\"max-width:1331.2px;margin-left: calc(-4% \/ 2 );margin-right: calc(-4% \/ 2 );\"><div class=\"fusion-layout-column fusion_builder_column fusion-builder-column-0 fusion_builder_column_1_1 1_1 fusion-flex-column\" style=\"--awb-bg-size:cover;--awb-width-large:100%;--awb-margin-top-large:16px;--awb-spacing-right-large:1.92%;--awb-margin-bottom-large:16px;--awb-spacing-left-large:0%;--awb-width-medium:100%;--awb-order-medium:0;--awb-spacing-right-medium:1.92%;--awb-spacing-left-medium:0%;--awb-width-small:100%;--awb-order-small:0;--awb-spacing-right-small:1.92%;--awb-spacing-left-small:1.92%;\"><div class=\"fusion-column-wrapper fusion-column-has-shadow fusion-flex-justify-content-flex-start fusion-content-layout-column\"><div class=\"fusion-text fusion-text-1\"><section class=\"elementor-section elementor-top-section elementor-element elementor-element-21963bc elementor-section-stretched elementor-section-boxed elementor-section-height-default elementor-section-height-default animated fadeIn\" data-id=\"21963bc\" data-element_type=\"section\" data-settings=\"\">\n<div class=\"elementor-container elementor-column-gap-default\">\n<div class=\"elementor-column elementor-col-100 elementor-top-column elementor-element elementor-element-93e8257\" data-id=\"93e8257\" data-element_type=\"column\">\n<div class=\"elementor-widget-wrap elementor-element-populated\">\n<div class=\"elementor-element elementor-element-be5d4e3 elementor-widget elementor-widget-text-editor\" data-id=\"be5d4e3\" data-element_type=\"widget\" data-widget_type=\"text-editor.default\">\n<div class=\"elementor-widget-container\">\n<p>Du bist Hochschulabsolvent:in und\/oder auf der Suche nach neuen beruflichen Herausforderungen? Dann komm zur Fachkraft- und Akademikermesse Jobaktiv der Agentur f\u00fcr Arbeit in Hamburg! Besuche den Stand der ENLITE und erfahre mehr \u00fcber das Unternehmen und die Vakanzen.<\/p>\n<p><strong>Wann? <\/strong>21. November 2024 | 10-16 Uhr<\/p>\n<p><strong>Wo? <\/strong>Agentur f\u00fcr Arbeit Hamburg | Veranstaltungszentrum meerBiZ | Kurt-Schumacher-Allee 16 | 20097 Hamburg<\/p>\n<p><strong>Was dich und uns bewegt<br \/>\n<\/strong><\/p>\n<p><em>Innovative Projekte<\/em><br \/>\nWir begleiten F\u00fchrungskr\u00e4fte der Energiewirtschaft durch die Energiewende und bieten dir die M\u00f6glichkeit, an zukunftsweisenden Projekten mitzuwirken.<\/p>\n<p><em>Hohe Mitarbeiterzufriedenheit<\/em><br \/>\nUnsere Mitarbeitenden sch\u00e4tzen das vertrauensvolle und nachhaltige Arbeitsumfeld bei ENLITE. Wir legen gro\u00dfen Wert auf Qualit\u00e4t und Teamarbeit.<\/p>\n<p><em>Weiterbildung und Entwicklung<\/em><br \/>\nBei uns hast du die Chance, dich kontinuierlich weiterzubilden und deine Karriere voranzutreiben. Wir unterst\u00fctzen dich mit Schulungen, Coaching und Wissensmanagement.<\/p>\n<p><em>Zertifizierte Qualit\u00e4t<\/em><br \/>\nUnsere Beratungsleistungen sind nach ISO 9001, ISO 27001 und ISO 45001 zertifiziert, was unsere hohen Standards und unser Engagement f\u00fcr Qualit\u00e4t und Sicherheit unterstreicht.<\/p>\n<p>Nutze die Gelegenheit, uns pers\u00f6nlich kennenzulernen und mehr \u00fcber deine Karrierem\u00f6glichkeiten bei ENLITE zu erfahren. Wir freuen uns auf deinen Besuch!<\/p>\n<p>Mehr Infos zur Messe findest du <a href=\"https:\/\/www.arbeitsagentur.de\/vor-ort\/hamburg\/messen\/akademikermesse\" target=\"_blank\" rel=\"noopener\">hier<\/a>.<\/p>\n<\/div>\n<\/div>\n<\/div>\n<\/div>\n<\/div>\n<\/section>\n<\/div><\/div><\/div><\/div><\/div>","protected":false},"excerpt":{"rendered":"","protected":false},"author":3,"featured_media":5343,"comment_status":"open","ping_status":"open","sticky":false,"template":"","format":"standard","meta":{"footnotes":""},"categories":[1],"tags":[],"class_list":["post-5387","post","type-post","status-publish","format-standard","has-post-thumbnail","hentry","category-allgemein"],"yoast_head":"<!-- This site is optimized with the Yoast SEO plugin v27.5 - https:\/\/yoast.com\/product\/yoast-seo-wordpress\/ -->\n<title>ENLITE zu Gast auf der Jobaktiv in Hamburg - ENLITE Management and Engineering<\/title>\n<meta name=\"description\" content=\"ENLITE ist zu Gast auf der Jobaktiv Hamburg und zeigt dir die Karrierem\u00f6glichkeiten im Projektmanagement auf.\" \/>\n<meta name=\"robots\" content=\"index, follow, max-snippet:-1, max-image-preview:large, max-video-preview:-1\" \/>\n<link rel=\"canonical\" href=\"https:\/\/enlite.de\/en\/enlite-zu-gast-auf-der-jobaktiv-in-hamburg\/\" \/>\n<meta property=\"og:locale\" content=\"en_US\" \/>\n<meta property=\"og:type\" content=\"article\" \/>\n<meta property=\"og:title\" content=\"ENLITE zu Gast auf der Jobaktiv in Hamburg - ENLITE Management and Engineering\" \/>\n<meta property=\"og:description\" content=\"ENLITE ist zu Gast auf der Jobaktiv Hamburg und zeigt dir die Karrierem\u00f6glichkeiten im Projektmanagement auf.\" \/>\n<meta property=\"og:url\" content=\"https:\/\/enlite.de\/en\/enlite-zu-gast-auf-der-jobaktiv-in-hamburg\/\" \/>\n<meta property=\"og:site_name\" content=\"ENLITE Management and Engineering\" \/>\n<meta property=\"article:published_time\" content=\"2024-11-18T09:27:52+00:00\" \/>\n<meta property=\"article:modified_time\" content=\"2025-01-31T14:46:23+00:00\" \/>\n<meta property=\"og:image\" content=\"https:\/\/enlite.de\/wp-content\/uploads\/sites\/6\/2024\/11\/Web-Jobaktiv.jpg\" \/>\n\t<meta property=\"og:image:width\" content=\"900\" \/>\n\t<meta property=\"og:image:height\" content=\"500\" \/>\n\t<meta property=\"og:image:type\" content=\"image\/jpeg\" \/>\n<meta name=\"author\" content=\"Redaktion\" \/>\n<meta name=\"twitter:card\" content=\"summary_large_image\" \/>\n<meta name=\"twitter:label1\" content=\"Written by\" \/>\n\t<meta name=\"twitter:data1\" content=\"Redaktion\" \/>\n\t<meta name=\"twitter:label2\" content=\"Est. reading time\" \/>\n\t<meta name=\"twitter:data2\" content=\"2 minutes\" \/>\n<script type=\"application\/ld+json\" class=\"yoast-schema-graph\">{\"@context\":\"https:\\\/\\\/schema.org\",\"@graph\":[{\"@type\":\"Article\",\"@id\":\"https:\\\/\\\/enlite.de\\\/enlite-zu-gast-auf-der-jobaktiv-in-hamburg\\\/#article\",\"isPartOf\":{\"@id\":\"https:\\\/\\\/enlite.de\\\/enlite-zu-gast-auf-der-jobaktiv-in-hamburg\\\/\"},\"author\":{\"name\":\"Redaktion\",\"@id\":\"https:\\\/\\\/enlite.de\\\/#\\\/schema\\\/person\\\/52a79322edcd94cd0015dce06caefac1\"},\"headline\":\"ENLITE zu Gast auf der Jobaktiv in Hamburg\",\"datePublished\":\"2024-11-18T09:27:52+00:00\",\"dateModified\":\"2025-01-31T14:46:23+00:00\",\"mainEntityOfPage\":{\"@id\":\"https:\\\/\\\/enlite.de\\\/enlite-zu-gast-auf-der-jobaktiv-in-hamburg\\\/\"},\"wordCount\":730,\"commentCount\":0,\"image\":{\"@id\":\"https:\\\/\\\/enlite.de\\\/enlite-zu-gast-auf-der-jobaktiv-in-hamburg\\\/#primaryimage\"},\"thumbnailUrl\":\"https:\\\/\\\/enlite.de\\\/wp-content\\\/uploads\\\/sites\\\/6\\\/2024\\\/11\\\/Web-Jobaktiv.jpg\",\"articleSection\":[\"Allgemein\"],\"inLanguage\":\"en-US\",\"potentialAction\":[{\"@type\":\"CommentAction\",\"name\":\"Comment\",\"target\":[\"https:\\\/\\\/enlite.de\\\/enlite-zu-gast-auf-der-jobaktiv-in-hamburg\\\/#respond\"]}]},{\"@type\":\"WebPage\",\"@id\":\"https:\\\/\\\/enlite.de\\\/enlite-zu-gast-auf-der-jobaktiv-in-hamburg\\\/\",\"url\":\"https:\\\/\\\/enlite.de\\\/enlite-zu-gast-auf-der-jobaktiv-in-hamburg\\\/\",\"name\":\"ENLITE zu Gast auf der Jobaktiv in Hamburg - ENLITE Management and Engineering\",\"isPartOf\":{\"@id\":\"https:\\\/\\\/enlite.de\\\/#website\"},\"primaryImageOfPage\":{\"@id\":\"https:\\\/\\\/enlite.de\\\/enlite-zu-gast-auf-der-jobaktiv-in-hamburg\\\/#primaryimage\"},\"image\":{\"@id\":\"https:\\\/\\\/enlite.de\\\/enlite-zu-gast-auf-der-jobaktiv-in-hamburg\\\/#primaryimage\"},\"thumbnailUrl\":\"https:\\\/\\\/enlite.de\\\/wp-content\\\/uploads\\\/sites\\\/6\\\/2024\\\/11\\\/Web-Jobaktiv.jpg\",\"datePublished\":\"2024-11-18T09:27:52+00:00\",\"dateModified\":\"2025-01-31T14:46:23+00:00\",\"author\":{\"@id\":\"https:\\\/\\\/enlite.de\\\/#\\\/schema\\\/person\\\/52a79322edcd94cd0015dce06caefac1\"},\"description\":\"ENLITE ist zu Gast auf der Jobaktiv Hamburg und zeigt dir die Karrierem\u00f6glichkeiten im Projektmanagement auf.\",\"breadcrumb\":{\"@id\":\"https:\\\/\\\/enlite.de\\\/enlite-zu-gast-auf-der-jobaktiv-in-hamburg\\\/#breadcrumb\"},\"inLanguage\":\"en-US\",\"potentialAction\":[{\"@type\":\"ReadAction\",\"target\":[\"https:\\\/\\\/enlite.de\\\/enlite-zu-gast-auf-der-jobaktiv-in-hamburg\\\/\"]}]},{\"@type\":\"ImageObject\",\"inLanguage\":\"en-US\",\"@id\":\"https:\\\/\\\/enlite.de\\\/enlite-zu-gast-auf-der-jobaktiv-in-hamburg\\\/#primaryimage\",\"url\":\"https:\\\/\\\/enlite.de\\\/wp-content\\\/uploads\\\/sites\\\/6\\\/2024\\\/11\\\/Web-Jobaktiv.jpg\",\"contentUrl\":\"https:\\\/\\\/enlite.de\\\/wp-content\\\/uploads\\\/sites\\\/6\\\/2024\\\/11\\\/Web-Jobaktiv.jpg\",\"width\":900,\"height\":500,\"caption\":\"Teaserbild ENLITE zu Gast auf der Jobaktiv in Hamburg\"},{\"@type\":\"BreadcrumbList\",\"@id\":\"https:\\\/\\\/enlite.de\\\/enlite-zu-gast-auf-der-jobaktiv-in-hamburg\\\/#breadcrumb\",\"itemListElement\":[{\"@type\":\"ListItem\",\"position\":1,\"name\":\"Startseite\",\"item\":\"https:\\\/\\\/enlite.de\\\/\"},{\"@type\":\"ListItem\",\"position\":2,\"name\":\"ENLITE zu Gast auf der Jobaktiv in Hamburg\"}]},{\"@type\":\"WebSite\",\"@id\":\"https:\\\/\\\/enlite.de\\\/#website\",\"url\":\"https:\\\/\\\/enlite.de\\\/\",\"name\":\"ENLITE Management and Engineering\",\"description\":\"\",\"potentialAction\":[{\"@type\":\"SearchAction\",\"target\":{\"@type\":\"EntryPoint\",\"urlTemplate\":\"https:\\\/\\\/enlite.de\\\/?s={search_term_string}\"},\"query-input\":{\"@type\":\"PropertyValueSpecification\",\"valueRequired\":true,\"valueName\":\"search_term_string\"}}],\"inLanguage\":\"en-US\"},{\"@type\":\"Person\",\"@id\":\"https:\\\/\\\/enlite.de\\\/#\\\/schema\\\/person\\\/52a79322edcd94cd0015dce06caefac1\",\"name\":\"Redaktion\",\"image\":{\"@type\":\"ImageObject\",\"inLanguage\":\"en-US\",\"@id\":\"https:\\\/\\\/secure.gravatar.com\\\/avatar\\\/114afc5f9a8d6580738c5a81ff48185fbfb3142f7bbe3fc62429ffeb8b816b6a?s=96&d=mm&r=g\",\"url\":\"https:\\\/\\\/secure.gravatar.com\\\/avatar\\\/114afc5f9a8d6580738c5a81ff48185fbfb3142f7bbe3fc62429ffeb8b816b6a?s=96&d=mm&r=g\",\"contentUrl\":\"https:\\\/\\\/secure.gravatar.com\\\/avatar\\\/114afc5f9a8d6580738c5a81ff48185fbfb3142f7bbe3fc62429ffeb8b816b6a?s=96&d=mm&r=g\",\"caption\":\"Redaktion\"},\"url\":\"https:\\\/\\\/enlite.de\\\/en\\\/author\\\/redaktion\\\/\"}]}<\/script>\n<!-- \/ Yoast SEO plugin. -->","yoast_head_json":{"title":"ENLITE zu Gast auf der Jobaktiv in Hamburg - ENLITE Management and Engineering","description":"ENLITE ist zu Gast auf der Jobaktiv Hamburg und zeigt dir die Karrierem\u00f6glichkeiten im Projektmanagement auf.","robots":{"index":"index","follow":"follow","max-snippet":"max-snippet:-1","max-image-preview":"max-image-preview:large","max-video-preview":"max-video-preview:-1"},"canonical":"https:\/\/enlite.de\/en\/enlite-zu-gast-auf-der-jobaktiv-in-hamburg\/","og_locale":"en_US","og_type":"article","og_title":"ENLITE zu Gast auf der Jobaktiv in Hamburg - ENLITE Management and Engineering","og_description":"ENLITE ist zu Gast auf der Jobaktiv Hamburg und zeigt dir die Karrierem\u00f6glichkeiten im Projektmanagement auf.","og_url":"https:\/\/enlite.de\/en\/enlite-zu-gast-auf-der-jobaktiv-in-hamburg\/","og_site_name":"ENLITE Management and Engineering","article_published_time":"2024-11-18T09:27:52+00:00","article_modified_time":"2025-01-31T14:46:23+00:00","og_image":[{"width":900,"height":500,"url":"https:\/\/enlite.de\/wp-content\/uploads\/sites\/6\/2024\/11\/Web-Jobaktiv.jpg","type":"image\/jpeg"}],"author":"Redaktion","twitter_card":"summary_large_image","twitter_misc":{"Written by":"Redaktion","Est. reading time":"2 minutes"},"schema":{"@context":"https:\/\/schema.org","@graph":[{"@type":"Article","@id":"https:\/\/enlite.de\/enlite-zu-gast-auf-der-jobaktiv-in-hamburg\/#article","isPartOf":{"@id":"https:\/\/enlite.de\/enlite-zu-gast-auf-der-jobaktiv-in-hamburg\/"},"author":{"name":"Redaktion","@id":"https:\/\/enlite.de\/#\/schema\/person\/52a79322edcd94cd0015dce06caefac1"},"headline":"ENLITE zu Gast auf der Jobaktiv in Hamburg","datePublished":"2024-11-18T09:27:52+00:00","dateModified":"2025-01-31T14:46:23+00:00","mainEntityOfPage":{"@id":"https:\/\/enlite.de\/enlite-zu-gast-auf-der-jobaktiv-in-hamburg\/"},"wordCount":730,"commentCount":0,"image":{"@id":"https:\/\/enlite.de\/enlite-zu-gast-auf-der-jobaktiv-in-hamburg\/#primaryimage"},"thumbnailUrl":"https:\/\/enlite.de\/wp-content\/uploads\/sites\/6\/2024\/11\/Web-Jobaktiv.jpg","articleSection":["Allgemein"],"inLanguage":"en-US","potentialAction":[{"@type":"CommentAction","name":"Comment","target":["https:\/\/enlite.de\/enlite-zu-gast-auf-der-jobaktiv-in-hamburg\/#respond"]}]},{"@type":"WebPage","@id":"https:\/\/enlite.de\/enlite-zu-gast-auf-der-jobaktiv-in-hamburg\/","url":"https:\/\/enlite.de\/enlite-zu-gast-auf-der-jobaktiv-in-hamburg\/","name":"ENLITE zu Gast auf der Jobaktiv in Hamburg - ENLITE Management and Engineering","isPartOf":{"@id":"https:\/\/enlite.de\/#website"},"primaryImageOfPage":{"@id":"https:\/\/enlite.de\/enlite-zu-gast-auf-der-jobaktiv-in-hamburg\/#primaryimage"},"image":{"@id":"https:\/\/enlite.de\/enlite-zu-gast-auf-der-jobaktiv-in-hamburg\/#primaryimage"},"thumbnailUrl":"https:\/\/enlite.de\/wp-content\/uploads\/sites\/6\/2024\/11\/Web-Jobaktiv.jpg","datePublished":"2024-11-18T09:27:52+00:00","dateModified":"2025-01-31T14:46:23+00:00","author":{"@id":"https:\/\/enlite.de\/#\/schema\/person\/52a79322edcd94cd0015dce06caefac1"},"description":"ENLITE ist zu Gast auf der Jobaktiv Hamburg und zeigt dir die Karrierem\u00f6glichkeiten im Projektmanagement auf.","breadcrumb":{"@id":"https:\/\/enlite.de\/enlite-zu-gast-auf-der-jobaktiv-in-hamburg\/#breadcrumb"},"inLanguage":"en-US","potentialAction":[{"@type":"ReadAction","target":["https:\/\/enlite.de\/enlite-zu-gast-auf-der-jobaktiv-in-hamburg\/"]}]},{"@type":"ImageObject","inLanguage":"en-US","@id":"https:\/\/enlite.de\/enlite-zu-gast-auf-der-jobaktiv-in-hamburg\/#primaryimage","url":"https:\/\/enlite.de\/wp-content\/uploads\/sites\/6\/2024\/11\/Web-Jobaktiv.jpg","contentUrl":"https:\/\/enlite.de\/wp-content\/uploads\/sites\/6\/2024\/11\/Web-Jobaktiv.jpg","width":900,"height":500,"caption":"Teaserbild ENLITE zu Gast auf der Jobaktiv in Hamburg"},{"@type":"BreadcrumbList","@id":"https:\/\/enlite.de\/enlite-zu-gast-auf-der-jobaktiv-in-hamburg\/#breadcrumb","itemListElement":[{"@type":"ListItem","position":1,"name":"Startseite","item":"https:\/\/enlite.de\/"},{"@type":"ListItem","position":2,"name":"ENLITE zu Gast auf der Jobaktiv in Hamburg"}]},{"@type":"WebSite","@id":"https:\/\/enlite.de\/#website","url":"https:\/\/enlite.de\/","name":"ENLITE Management and Engineering","description":"","potentialAction":[{"@type":"SearchAction","target":{"@type":"EntryPoint","urlTemplate":"https:\/\/enlite.de\/?s={search_term_string}"},"query-input":{"@type":"PropertyValueSpecification","valueRequired":true,"valueName":"search_term_string"}}],"inLanguage":"en-US"},{"@type":"Person","@id":"https:\/\/enlite.de\/#\/schema\/person\/52a79322edcd94cd0015dce06caefac1","name":"Redaktion","image":{"@type":"ImageObject","inLanguage":"en-US","@id":"https:\/\/secure.gravatar.com\/avatar\/114afc5f9a8d6580738c5a81ff48185fbfb3142f7bbe3fc62429ffeb8b816b6a?s=96&d=mm&r=g","url":"https:\/\/secure.gravatar.com\/avatar\/114afc5f9a8d6580738c5a81ff48185fbfb3142f7bbe3fc62429ffeb8b816b6a?s=96&d=mm&r=g","contentUrl":"https:\/\/secure.gravatar.com\/avatar\/114afc5f9a8d6580738c5a81ff48185fbfb3142f7bbe3fc62429ffeb8b816b6a?s=96&d=mm&r=g","caption":"Redaktion"},"url":"https:\/\/enlite.de\/en\/author\/redaktion\/"}]}},"_links":{"self":[{"href":"https:\/\/enlite.de\/en\/wp-json\/wp\/v2\/posts\/5387","targetHints":{"allow":["GET"]}}],"collection":[{"href":"https:\/\/enlite.de\/en\/wp-json\/wp\/v2\/posts"}],"about":[{"href":"https:\/\/enlite.de\/en\/wp-json\/wp\/v2\/types\/post"}],"author":[{"embeddable":true,"href":"https:\/\/enlite.de\/en\/wp-json\/wp\/v2\/users\/3"}],"replies":[{"embeddable":true,"href":"https:\/\/enlite.de\/en\/wp-json\/wp\/v2\/comments?post=5387"}],"version-history":[{"count":3,"href":"https:\/\/enlite.de\/en\/wp-json\/wp\/v2\/posts\/5387\/revisions"}],"predecessor-version":[{"id":6153,"href":"https:\/\/enlite.de\/en\/wp-json\/wp\/v2\/posts\/5387\/revisions\/6153"}],"wp:featuredmedia":[{"embeddable":true,"href":"https:\/\/enlite.de\/en\/wp-json\/wp\/v2\/media\/5343"}],"wp:attachment":[{"href":"https:\/\/enlite.de\/en\/wp-json\/wp\/v2\/media?parent=5387"}],"wp:term":[{"taxonomy":"category","embeddable":true,"href":"https:\/\/enlite.de\/en\/wp-json\/wp\/v2\/categories?post=5387"},{"taxonomy":"post_tag","embeddable":true,"href":"https:\/\/enlite.de\/en\/wp-json\/wp\/v2\/tags?post=5387"}],"curies":[{"name":"wp","href":"https:\/\/api.w.org\/{rel}","templated":true}]}}