{"id":5375,"date":"2024-09-16T10:23:54","date_gmt":"2024-09-16T08:23:54","guid":{"rendered":"https:\/\/enlite.testumgebung.vandesandt-stollner.de\/?p=5375"},"modified":"2025-02-03T14:18:12","modified_gmt":"2025-02-03T13:18:12","slug":"1-projektmanagement-summit-der-region-rhein-ruhr-der-gpm","status":"publish","type":"post","link":"https:\/\/enlite.de\/en\/1-projektmanagement-summit-der-region-rhein-ruhr-der-gpm\/","title":{"rendered":"1. Projektmanagement-Summit der Region Rhein\/Ruhr der GPM"},"content":{"rendered":"<div class=\"fusion-fullwidth fullwidth-box fusion-builder-row-1 fusion-flex-container has-pattern-background has-mask-background nonhundred-percent-fullwidth non-hundred-percent-height-scrolling\" style=\"--awb-border-radius-top-left:0px;--awb-border-radius-top-right:0px;--awb-border-radius-bottom-right:0px;--awb-border-radius-bottom-left:0px;--awb-flex-wrap:wrap;\" ><div class=\"fusion-builder-row fusion-row fusion-flex-align-items-flex-start fusion-flex-content-wrap\" style=\"max-width:1331.2px;margin-left: calc(-4% \/ 2 );margin-right: calc(-4% \/ 2 );\"><div class=\"fusion-layout-column fusion_builder_column fusion-builder-column-0 fusion_builder_column_1_1 1_1 fusion-flex-column\" style=\"--awb-bg-size:cover;--awb-width-large:100%;--awb-margin-top-large:16px;--awb-spacing-right-large:1.92%;--awb-margin-bottom-large:16px;--awb-spacing-left-large:0%;--awb-width-medium:100%;--awb-order-medium:0;--awb-spacing-right-medium:1.92%;--awb-spacing-left-medium:0%;--awb-width-small:100%;--awb-order-small:0;--awb-spacing-right-small:1.92%;--awb-spacing-left-small:1.92%;\"><div class=\"fusion-column-wrapper fusion-column-has-shadow fusion-flex-justify-content-flex-start fusion-content-layout-column\"><div class=\"fusion-text fusion-text-1\"><section class=\"elementor-section elementor-top-section elementor-element elementor-element-21963bc elementor-section-stretched elementor-section-boxed elementor-section-height-default elementor-section-height-default animated fadeIn\" data-id=\"21963bc\" data-element_type=\"section\" data-settings=\"\">\n<div class=\"elementor-container elementor-column-gap-default\">\n<div class=\"elementor-column elementor-col-100 elementor-top-column elementor-element elementor-element-93e8257\" data-id=\"93e8257\" data-element_type=\"column\">\n<div class=\"elementor-widget-wrap elementor-element-populated\">\n<div class=\"elementor-element elementor-element-be5d4e3 elementor-widget elementor-widget-text-editor\" data-id=\"be5d4e3\" data-element_type=\"widget\" data-widget_type=\"text-editor.default\">\n<div class=\"elementor-widget-container\">\n<p><span data-contrast=\"auto\">Anfang September fand das 1. Projektmanagement-Summit der Region Rhein\/Ruhr der GPM in der Akademie der Ruhr-Universit\u00e4t Bochum statt, das durch Christian Rupprecht begleitet wurde. Unter dem Motto \u201eWandel und Struktur\" bot die Veranstaltung eine Plattform f\u00fcr praxisnahe Impulse und den Austausch von Ideen und Best Practice-Beispielen im Projektmanagement.<\/span><span data-ccp-props=\"\">\u00a0<\/span><\/p>\n<p><span data-contrast=\"auto\">Das Gel\u00e4nde der heutigen Akademie der Ruhr-Universit\u00e4t Bochum dient dabei als eindrucksvolles und vor Ort erlebbares Beispiel f\u00fcr das Motto \u201eStruktur und Wandel\". <\/span><span data-contrast=\"auto\">Der Standort erlebte in den 1960er Jahren eine Transformation vom Bergbau- zum Industriestandort. Opel \u00fcbernahm in den 1960er das Gel\u00e4nde der Zeche Dannenbaum und baute es zu einem der gr\u00f6\u00dften Automobilwerke in Deutschland aus. Seit der Schlie\u00dfung des Werks im Jahr 2014 durchl\u00e4uft das Gel\u00e4nde eine Transformation zu einem modernen Bildungs- und Forschungszentrum. Heute steht das Gel\u00e4nde symbolisch f\u00fcr den erfolgreichen Strukturwandel im Ruhrgebiet.<\/span><\/p>\n<p><span data-contrast=\"auto\">Folgende Themen standen im Fokus der Veranstaltung:<\/span><\/p>\n<ul>\n<li data-leveltext=\"\uf0b7\" data-font=\"Symbol\" data-listid=\"2\" data-list-defn-props=\"\" data-aria-posinset=\"1\" data-aria-level=\"1\"><span data-contrast=\"auto\">Strukturwandel erfordert Projektmanagement<\/span><\/li>\n<li data-leveltext=\"\uf0b7\" data-font=\"Symbol\" data-listid=\"2\" data-list-defn-props=\"\" data-aria-posinset=\"1\" data-aria-level=\"1\"><span data-contrast=\"auto\">Zukunft gestalten: Innovative Stadtentwicklung durch die Bochum Strategie am (Best Practice-)Beispiel von MARK 51\u00b07<\/span><\/li>\n<li data-leveltext=\"\uf0b7\" data-font=\"Symbol\" data-listid=\"2\" data-list-defn-props=\"\" data-aria-posinset=\"1\" data-aria-level=\"1\"><span data-contrast=\"auto\">Das kann die auch? KI als Mitarbeiterin im Projekt erfolgreich nutzen<\/span><\/li>\n<li data-leveltext=\"\uf0b7\" data-font=\"Symbol\" data-listid=\"2\" data-list-defn-props=\"\" data-aria-posinset=\"1\" data-aria-level=\"1\"><span data-contrast=\"auto\">Hierarchie, Agilit\u00e4t und Joint-Venture: Drei Grundzutaten f\u00fcr ein erfolgreiches Projektmanagement<\/span><span data-ccp-props=\"\">\u00a0<\/span><\/li>\n<li data-leveltext=\"\uf0b7\" data-font=\"Symbol\" data-listid=\"2\" data-list-defn-props=\"\" data-aria-posinset=\"1\" data-aria-level=\"1\"><span data-contrast=\"auto\">Grundpfeiler des PMs \u2013 IT Security<\/span><span data-ccp-props=\"\">\u00a0<\/span><\/li>\n<li data-leveltext=\"\uf0b7\" data-font=\"Symbol\" data-listid=\"2\" data-list-defn-props=\"\" data-aria-posinset=\"1\" data-aria-level=\"1\"><span data-contrast=\"auto\">Nachhaltiges Projektmanagement ver\u00e4ndert den Dialog zwischen Kunden, Lieferanten und Projektteams<\/span><span data-ccp-props=\"\">\u00a0<\/span><\/li>\n<li data-leveltext=\"\uf0b7\" data-font=\"Symbol\" data-listid=\"2\" data-list-defn-props=\"\" data-aria-posinset=\"1\" data-aria-level=\"1\"><span data-contrast=\"auto\">Die Zukunft beginnt mit der Gegenwart \u2013 Lessons Learned und Innovation im Projektmanagement<\/span><span data-ccp-props=\"\">\u00a0<\/span><\/li>\n<li data-leveltext=\"\uf0b7\" data-font=\"Symbol\" data-listid=\"2\" data-list-defn-props=\"\" data-aria-posinset=\"1\" data-aria-level=\"1\"><span data-contrast=\"auto\">Alles wird anders \u2013 Wie ver\u00e4ndert KI das Profil des Projektmanagers<\/span><span data-ccp-props=\"\">\u00a0<\/span><\/li>\n<li data-leveltext=\"\uf0b7\" data-font=\"Symbol\" data-listid=\"2\" data-list-defn-props=\"\" data-aria-posinset=\"1\" data-aria-level=\"1\"><span data-contrast=\"auto\">50.000 Paketen pro Stunde den richtigen Weg weisen \u2013 Exkursion ins DHL Mega-Paketzentrum in Bochum<\/span><span data-ccp-props=\"\">\u00a0<\/span><\/li>\n<li data-leveltext=\"\uf0b7\" data-font=\"Symbol\" data-listid=\"2\" data-list-defn-props=\"\" data-aria-posinset=\"1\" data-aria-level=\"1\"><span data-contrast=\"auto\">Projektmanagement mit der richtigen W\u00fcrze \u2013 wer noch nicht genug hat, wird hier \u201esatt\"<\/span><span data-ccp-props=\"\">\u00a0<\/span><\/li>\n<\/ul>\n<\/div>\n<\/div>\n<\/div>\n<\/div>\n<\/div>\n<\/section>\n<\/div><\/div><\/div><\/div><\/div>","protected":false},"excerpt":{"rendered":"","protected":false},"author":3,"featured_media":5351,"comment_status":"open","ping_status":"open","sticky":false,"template":"","format":"standard","meta":{"footnotes":""},"categories":[1],"tags":[],"class_list":["post-5375","post","type-post","status-publish","format-standard","has-post-thumbnail","hentry","category-allgemein"],"yoast_head":"<!-- This site is optimized with the Yoast SEO plugin v27.5 - https:\/\/yoast.com\/product\/yoast-seo-wordpress\/ -->\n<title>1. Projektmanagement-Summit der Region Rhein\/Ruhr der GPM - ENLITE Management and Engineering<\/title>\n<meta name=\"robots\" content=\"index, follow, max-snippet:-1, max-image-preview:large, max-video-preview:-1\" \/>\n<link rel=\"canonical\" href=\"https:\/\/enlite.de\/en\/1-projektmanagement-summit-der-region-rhein-ruhr-der-gpm\/\" \/>\n<meta property=\"og:locale\" content=\"en_US\" \/>\n<meta property=\"og:type\" content=\"article\" \/>\n<meta property=\"og:title\" content=\"1. Projektmanagement-Summit der Region Rhein\/Ruhr der GPM - ENLITE Management and Engineering\" \/>\n<meta property=\"og:url\" content=\"https:\/\/enlite.de\/en\/1-projektmanagement-summit-der-region-rhein-ruhr-der-gpm\/\" \/>\n<meta property=\"og:site_name\" content=\"ENLITE Management and Engineering\" \/>\n<meta property=\"article:published_time\" content=\"2024-09-16T08:23:54+00:00\" \/>\n<meta property=\"article:modified_time\" content=\"2025-02-03T13:18:12+00:00\" \/>\n<meta property=\"og:image\" content=\"https:\/\/enlite.de\/wp-content\/uploads\/sites\/6\/2024\/11\/project-management-concept-komp.jpg\" \/>\n\t<meta property=\"og:image:width\" content=\"1344\" \/>\n\t<meta property=\"og:image:height\" content=\"896\" \/>\n\t<meta property=\"og:image:type\" content=\"image\/jpeg\" \/>\n<meta name=\"author\" content=\"Redaktion\" \/>\n<meta name=\"twitter:card\" content=\"summary_large_image\" \/>\n<meta name=\"twitter:label1\" content=\"Written by\" \/>\n\t<meta name=\"twitter:data1\" content=\"Redaktion\" \/>\n\t<meta name=\"twitter:label2\" content=\"Est. reading time\" \/>\n\t<meta name=\"twitter:data2\" content=\"4 minutes\" \/>\n<script type=\"application\/ld+json\" class=\"yoast-schema-graph\">{\"@context\":\"https:\\\/\\\/schema.org\",\"@graph\":[{\"@type\":\"Article\",\"@id\":\"https:\\\/\\\/enlite.de\\\/1-projektmanagement-summit-der-region-rhein-ruhr-der-gpm\\\/#article\",\"isPartOf\":{\"@id\":\"https:\\\/\\\/enlite.de\\\/1-projektmanagement-summit-der-region-rhein-ruhr-der-gpm\\\/\"},\"author\":{\"name\":\"Redaktion\",\"@id\":\"https:\\\/\\\/enlite.de\\\/#\\\/schema\\\/person\\\/52a79322edcd94cd0015dce06caefac1\"},\"headline\":\"1. Projektmanagement-Summit der Region Rhein\\\/Ruhr der GPM\",\"datePublished\":\"2024-09-16T08:23:54+00:00\",\"dateModified\":\"2025-02-03T13:18:12+00:00\",\"mainEntityOfPage\":{\"@id\":\"https:\\\/\\\/enlite.de\\\/1-projektmanagement-summit-der-region-rhein-ruhr-der-gpm\\\/\"},\"wordCount\":807,\"commentCount\":0,\"image\":{\"@id\":\"https:\\\/\\\/enlite.de\\\/1-projektmanagement-summit-der-region-rhein-ruhr-der-gpm\\\/#primaryimage\"},\"thumbnailUrl\":\"https:\\\/\\\/enlite.de\\\/wp-content\\\/uploads\\\/sites\\\/6\\\/2024\\\/11\\\/project-management-concept-komp.jpg\",\"articleSection\":[\"Allgemein\"],\"inLanguage\":\"en-US\",\"potentialAction\":[{\"@type\":\"CommentAction\",\"name\":\"Comment\",\"target\":[\"https:\\\/\\\/enlite.de\\\/1-projektmanagement-summit-der-region-rhein-ruhr-der-gpm\\\/#respond\"]}]},{\"@type\":\"WebPage\",\"@id\":\"https:\\\/\\\/enlite.de\\\/1-projektmanagement-summit-der-region-rhein-ruhr-der-gpm\\\/\",\"url\":\"https:\\\/\\\/enlite.de\\\/1-projektmanagement-summit-der-region-rhein-ruhr-der-gpm\\\/\",\"name\":\"1. Projektmanagement-Summit der Region Rhein\\\/Ruhr der GPM - ENLITE Management and Engineering\",\"isPartOf\":{\"@id\":\"https:\\\/\\\/enlite.de\\\/#website\"},\"primaryImageOfPage\":{\"@id\":\"https:\\\/\\\/enlite.de\\\/1-projektmanagement-summit-der-region-rhein-ruhr-der-gpm\\\/#primaryimage\"},\"image\":{\"@id\":\"https:\\\/\\\/enlite.de\\\/1-projektmanagement-summit-der-region-rhein-ruhr-der-gpm\\\/#primaryimage\"},\"thumbnailUrl\":\"https:\\\/\\\/enlite.de\\\/wp-content\\\/uploads\\\/sites\\\/6\\\/2024\\\/11\\\/project-management-concept-komp.jpg\",\"datePublished\":\"2024-09-16T08:23:54+00:00\",\"dateModified\":\"2025-02-03T13:18:12+00:00\",\"author\":{\"@id\":\"https:\\\/\\\/enlite.de\\\/#\\\/schema\\\/person\\\/52a79322edcd94cd0015dce06caefac1\"},\"breadcrumb\":{\"@id\":\"https:\\\/\\\/enlite.de\\\/1-projektmanagement-summit-der-region-rhein-ruhr-der-gpm\\\/#breadcrumb\"},\"inLanguage\":\"en-US\",\"potentialAction\":[{\"@type\":\"ReadAction\",\"target\":[\"https:\\\/\\\/enlite.de\\\/1-projektmanagement-summit-der-region-rhein-ruhr-der-gpm\\\/\"]}]},{\"@type\":\"ImageObject\",\"inLanguage\":\"en-US\",\"@id\":\"https:\\\/\\\/enlite.de\\\/1-projektmanagement-summit-der-region-rhein-ruhr-der-gpm\\\/#primaryimage\",\"url\":\"https:\\\/\\\/enlite.de\\\/wp-content\\\/uploads\\\/sites\\\/6\\\/2024\\\/11\\\/project-management-concept-komp.jpg\",\"contentUrl\":\"https:\\\/\\\/enlite.de\\\/wp-content\\\/uploads\\\/sites\\\/6\\\/2024\\\/11\\\/project-management-concept-komp.jpg\",\"width\":1344,\"height\":896,\"caption\":\"Skizze zu Projektmanagement\"},{\"@type\":\"BreadcrumbList\",\"@id\":\"https:\\\/\\\/enlite.de\\\/1-projektmanagement-summit-der-region-rhein-ruhr-der-gpm\\\/#breadcrumb\",\"itemListElement\":[{\"@type\":\"ListItem\",\"position\":1,\"name\":\"Startseite\",\"item\":\"https:\\\/\\\/enlite.de\\\/\"},{\"@type\":\"ListItem\",\"position\":2,\"name\":\"1. Projektmanagement-Summit der Region Rhein\\\/Ruhr der GPM\"}]},{\"@type\":\"WebSite\",\"@id\":\"https:\\\/\\\/enlite.de\\\/#website\",\"url\":\"https:\\\/\\\/enlite.de\\\/\",\"name\":\"ENLITE Management and Engineering\",\"description\":\"\",\"potentialAction\":[{\"@type\":\"SearchAction\",\"target\":{\"@type\":\"EntryPoint\",\"urlTemplate\":\"https:\\\/\\\/enlite.de\\\/?s={search_term_string}\"},\"query-input\":{\"@type\":\"PropertyValueSpecification\",\"valueRequired\":true,\"valueName\":\"search_term_string\"}}],\"inLanguage\":\"en-US\"},{\"@type\":\"Person\",\"@id\":\"https:\\\/\\\/enlite.de\\\/#\\\/schema\\\/person\\\/52a79322edcd94cd0015dce06caefac1\",\"name\":\"Redaktion\",\"image\":{\"@type\":\"ImageObject\",\"inLanguage\":\"en-US\",\"@id\":\"https:\\\/\\\/secure.gravatar.com\\\/avatar\\\/114afc5f9a8d6580738c5a81ff48185fbfb3142f7bbe3fc62429ffeb8b816b6a?s=96&d=mm&r=g\",\"url\":\"https:\\\/\\\/secure.gravatar.com\\\/avatar\\\/114afc5f9a8d6580738c5a81ff48185fbfb3142f7bbe3fc62429ffeb8b816b6a?s=96&d=mm&r=g\",\"contentUrl\":\"https:\\\/\\\/secure.gravatar.com\\\/avatar\\\/114afc5f9a8d6580738c5a81ff48185fbfb3142f7bbe3fc62429ffeb8b816b6a?s=96&d=mm&r=g\",\"caption\":\"Redaktion\"},\"url\":\"https:\\\/\\\/enlite.de\\\/en\\\/author\\\/redaktion\\\/\"}]}<\/script>\n<!-- \/ Yoast SEO plugin. -->","yoast_head_json":{"title":"1. Projektmanagement-Summit der Region Rhein\/Ruhr der GPM - ENLITE Management and Engineering","robots":{"index":"index","follow":"follow","max-snippet":"max-snippet:-1","max-image-preview":"max-image-preview:large","max-video-preview":"max-video-preview:-1"},"canonical":"https:\/\/enlite.de\/en\/1-projektmanagement-summit-der-region-rhein-ruhr-der-gpm\/","og_locale":"en_US","og_type":"article","og_title":"1. Projektmanagement-Summit der Region Rhein\/Ruhr der GPM - ENLITE Management and Engineering","og_url":"https:\/\/enlite.de\/en\/1-projektmanagement-summit-der-region-rhein-ruhr-der-gpm\/","og_site_name":"ENLITE Management and Engineering","article_published_time":"2024-09-16T08:23:54+00:00","article_modified_time":"2025-02-03T13:18:12+00:00","og_image":[{"width":1344,"height":896,"url":"https:\/\/enlite.de\/wp-content\/uploads\/sites\/6\/2024\/11\/project-management-concept-komp.jpg","type":"image\/jpeg"}],"author":"Redaktion","twitter_card":"summary_large_image","twitter_misc":{"Written by":"Redaktion","Est. reading time":"4 minutes"},"schema":{"@context":"https:\/\/schema.org","@graph":[{"@type":"Article","@id":"https:\/\/enlite.de\/1-projektmanagement-summit-der-region-rhein-ruhr-der-gpm\/#article","isPartOf":{"@id":"https:\/\/enlite.de\/1-projektmanagement-summit-der-region-rhein-ruhr-der-gpm\/"},"author":{"name":"Redaktion","@id":"https:\/\/enlite.de\/#\/schema\/person\/52a79322edcd94cd0015dce06caefac1"},"headline":"1. Projektmanagement-Summit der Region Rhein\/Ruhr der GPM","datePublished":"2024-09-16T08:23:54+00:00","dateModified":"2025-02-03T13:18:12+00:00","mainEntityOfPage":{"@id":"https:\/\/enlite.de\/1-projektmanagement-summit-der-region-rhein-ruhr-der-gpm\/"},"wordCount":807,"commentCount":0,"image":{"@id":"https:\/\/enlite.de\/1-projektmanagement-summit-der-region-rhein-ruhr-der-gpm\/#primaryimage"},"thumbnailUrl":"https:\/\/enlite.de\/wp-content\/uploads\/sites\/6\/2024\/11\/project-management-concept-komp.jpg","articleSection":["Allgemein"],"inLanguage":"en-US","potentialAction":[{"@type":"CommentAction","name":"Comment","target":["https:\/\/enlite.de\/1-projektmanagement-summit-der-region-rhein-ruhr-der-gpm\/#respond"]}]},{"@type":"WebPage","@id":"https:\/\/enlite.de\/1-projektmanagement-summit-der-region-rhein-ruhr-der-gpm\/","url":"https:\/\/enlite.de\/1-projektmanagement-summit-der-region-rhein-ruhr-der-gpm\/","name":"1. Projektmanagement-Summit der Region Rhein\/Ruhr der GPM - ENLITE Management and Engineering","isPartOf":{"@id":"https:\/\/enlite.de\/#website"},"primaryImageOfPage":{"@id":"https:\/\/enlite.de\/1-projektmanagement-summit-der-region-rhein-ruhr-der-gpm\/#primaryimage"},"image":{"@id":"https:\/\/enlite.de\/1-projektmanagement-summit-der-region-rhein-ruhr-der-gpm\/#primaryimage"},"thumbnailUrl":"https:\/\/enlite.de\/wp-content\/uploads\/sites\/6\/2024\/11\/project-management-concept-komp.jpg","datePublished":"2024-09-16T08:23:54+00:00","dateModified":"2025-02-03T13:18:12+00:00","author":{"@id":"https:\/\/enlite.de\/#\/schema\/person\/52a79322edcd94cd0015dce06caefac1"},"breadcrumb":{"@id":"https:\/\/enlite.de\/1-projektmanagement-summit-der-region-rhein-ruhr-der-gpm\/#breadcrumb"},"inLanguage":"en-US","potentialAction":[{"@type":"ReadAction","target":["https:\/\/enlite.de\/1-projektmanagement-summit-der-region-rhein-ruhr-der-gpm\/"]}]},{"@type":"ImageObject","inLanguage":"en-US","@id":"https:\/\/enlite.de\/1-projektmanagement-summit-der-region-rhein-ruhr-der-gpm\/#primaryimage","url":"https:\/\/enlite.de\/wp-content\/uploads\/sites\/6\/2024\/11\/project-management-concept-komp.jpg","contentUrl":"https:\/\/enlite.de\/wp-content\/uploads\/sites\/6\/2024\/11\/project-management-concept-komp.jpg","width":1344,"height":896,"caption":"Skizze zu Projektmanagement"},{"@type":"BreadcrumbList","@id":"https:\/\/enlite.de\/1-projektmanagement-summit-der-region-rhein-ruhr-der-gpm\/#breadcrumb","itemListElement":[{"@type":"ListItem","position":1,"name":"Startseite","item":"https:\/\/enlite.de\/"},{"@type":"ListItem","position":2,"name":"1. Projektmanagement-Summit der Region Rhein\/Ruhr der GPM"}]},{"@type":"WebSite","@id":"https:\/\/enlite.de\/#website","url":"https:\/\/enlite.de\/","name":"ENLITE Management and Engineering","description":"","potentialAction":[{"@type":"SearchAction","target":{"@type":"EntryPoint","urlTemplate":"https:\/\/enlite.de\/?s={search_term_string}"},"query-input":{"@type":"PropertyValueSpecification","valueRequired":true,"valueName":"search_term_string"}}],"inLanguage":"en-US"},{"@type":"Person","@id":"https:\/\/enlite.de\/#\/schema\/person\/52a79322edcd94cd0015dce06caefac1","name":"Redaktion","image":{"@type":"ImageObject","inLanguage":"en-US","@id":"https:\/\/secure.gravatar.com\/avatar\/114afc5f9a8d6580738c5a81ff48185fbfb3142f7bbe3fc62429ffeb8b816b6a?s=96&d=mm&r=g","url":"https:\/\/secure.gravatar.com\/avatar\/114afc5f9a8d6580738c5a81ff48185fbfb3142f7bbe3fc62429ffeb8b816b6a?s=96&d=mm&r=g","contentUrl":"https:\/\/secure.gravatar.com\/avatar\/114afc5f9a8d6580738c5a81ff48185fbfb3142f7bbe3fc62429ffeb8b816b6a?s=96&d=mm&r=g","caption":"Redaktion"},"url":"https:\/\/enlite.de\/en\/author\/redaktion\/"}]}},"_links":{"self":[{"href":"https:\/\/enlite.de\/en\/wp-json\/wp\/v2\/posts\/5375","targetHints":{"allow":["GET"]}}],"collection":[{"href":"https:\/\/enlite.de\/en\/wp-json\/wp\/v2\/posts"}],"about":[{"href":"https:\/\/enlite.de\/en\/wp-json\/wp\/v2\/types\/post"}],"author":[{"embeddable":true,"href":"https:\/\/enlite.de\/en\/wp-json\/wp\/v2\/users\/3"}],"replies":[{"embeddable":true,"href":"https:\/\/enlite.de\/en\/wp-json\/wp\/v2\/comments?post=5375"}],"version-history":[{"count":2,"href":"https:\/\/enlite.de\/en\/wp-json\/wp\/v2\/posts\/5375\/revisions"}],"predecessor-version":[{"id":6164,"href":"https:\/\/enlite.de\/en\/wp-json\/wp\/v2\/posts\/5375\/revisions\/6164"}],"wp:featuredmedia":[{"embeddable":true,"href":"https:\/\/enlite.de\/en\/wp-json\/wp\/v2\/media\/5351"}],"wp:attachment":[{"href":"https:\/\/enlite.de\/en\/wp-json\/wp\/v2\/media?parent=5375"}],"wp:term":[{"taxonomy":"category","embeddable":true,"href":"https:\/\/enlite.de\/en\/wp-json\/wp\/v2\/categories?post=5375"},{"taxonomy":"post_tag","embeddable":true,"href":"https:\/\/enlite.de\/en\/wp-json\/wp\/v2\/tags?post=5375"}],"curies":[{"name":"wp","href":"https:\/\/api.w.org\/{rel}","templated":true}]}}