{"id":4468,"date":"2024-07-08T09:45:02","date_gmt":"2024-07-08T07:45:02","guid":{"rendered":"https:\/\/www.enlite.de\/?p=4468"},"modified":"2025-02-03T14:37:52","modified_gmt":"2025-02-03T13:37:52","slug":"absolventenkongress-frankfurt-am-11-juli","status":"publish","type":"post","link":"https:\/\/enlite.de\/en\/absolventenkongress-frankfurt-am-11-juli\/","title":{"rendered":"Absolventenkongress Frankfurt am 11. Juli"},"content":{"rendered":"<div class=\"fusion-fullwidth fullwidth-box fusion-builder-row-1 fusion-flex-container nonhundred-percent-fullwidth non-hundred-percent-height-scrolling\" style=\"--awb-border-radius-top-left:0px;--awb-border-radius-top-right:0px;--awb-border-radius-bottom-right:0px;--awb-border-radius-bottom-left:0px;--awb-flex-wrap:wrap;\" ><div class=\"fusion-builder-row fusion-row fusion-flex-align-items-flex-start fusion-flex-content-wrap\" style=\"max-width:1331.2px;margin-left: calc(-4% \/ 2 );margin-right: calc(-4% \/ 2 );\"><div class=\"fusion-layout-column fusion_builder_column fusion-builder-column-0 fusion_builder_column_1_1 1_1 fusion-flex-column\" style=\"--awb-bg-size:cover;--awb-width-large:100%;--awb-margin-top-large:0px;--awb-spacing-right-large:1.92%;--awb-margin-bottom-large:0px;--awb-spacing-left-large:0%;--awb-width-medium:100%;--awb-spacing-right-medium:1.92%;--awb-spacing-left-medium:0%;--awb-width-small:100%;--awb-spacing-right-small:1.92%;--awb-spacing-left-small:1.92%;\"><div class=\"fusion-column-wrapper fusion-flex-justify-content-flex-start fusion-content-layout-column\"><div class=\"fusion-text fusion-text-1\"><p>Am Donnerstag, 11. Juli, findet der Absolventenkongress in Frankfurt Forum Messe statt, und ENLITE ist zusammen mit der Schwestergesellschaft LHR GmbH und Co. KG dabei. Diese Veranstaltung bietet die ideale Gelegenheit, m\u00f6gliche Karrierewege in der Energiewirtschaft kennenzulernen.<\/p>\n<p>Der Absolventenkongress in Frankfurt bringt \u00fcber 50 Top-Unternehmen aus verschiedenen Branchen zusammen. Eine ausgezeichnete Plattform f\u00fcr Absolventen und Jobsuchende, um wertvolle Kontakte zu kn\u00fcpfen und vielf\u00e4ltige Karrierem\u00f6glichkeiten zu entdecken.<\/p>\n<p>Hier geht es zu den vakanten Stellen f\u00fcr Jobinteressierte: <a href=\"https:\/\/enlite.de\/en\/bewerben\/#stellen\">Arbeiten bei ENLITE \u2013 ENLITE<\/a><\/p>\n<\/div><\/div><\/div><\/div><\/div>","protected":false},"excerpt":{"rendered":"<p>F\u00fcr Jobinteressierte bietet sich wieder die Gelegenheit mehr \u00fcber die spannenden Projekte bei ENLITE zu erfahren.<\/p>","protected":false},"author":3,"featured_media":4829,"comment_status":"closed","ping_status":"open","sticky":false,"template":"","format":"standard","meta":{"footnotes":""},"categories":[1],"tags":[],"class_list":["post-4468","post","type-post","status-publish","format-standard","has-post-thumbnail","hentry","category-allgemein"],"yoast_head":"<!-- This site is optimized with the Yoast SEO plugin v27.5 - https:\/\/yoast.com\/product\/yoast-seo-wordpress\/ -->\n<title>Absolventenkongress Frankfurt am 11. Juli - ENLITE Management and Engineering<\/title>\n<meta name=\"robots\" content=\"index, follow, max-snippet:-1, max-image-preview:large, max-video-preview:-1\" \/>\n<link rel=\"canonical\" href=\"https:\/\/enlite.de\/en\/absolventenkongress-frankfurt-am-11-juli\/\" \/>\n<meta property=\"og:locale\" content=\"en_US\" \/>\n<meta property=\"og:type\" content=\"article\" \/>\n<meta property=\"og:title\" content=\"Absolventenkongress Frankfurt am 11. Juli - ENLITE Management and Engineering\" \/>\n<meta property=\"og:description\" content=\"F\u00fcr Jobinteressierte bietet sich wieder die Gelegenheit mehr \u00fcber die spannenden Projekte bei ENLITE zu erfahren.\" \/>\n<meta property=\"og:url\" content=\"https:\/\/enlite.de\/en\/absolventenkongress-frankfurt-am-11-juli\/\" \/>\n<meta property=\"og:site_name\" content=\"ENLITE Management and Engineering\" \/>\n<meta property=\"article:published_time\" content=\"2024-07-08T07:45:02+00:00\" \/>\n<meta property=\"article:modified_time\" content=\"2025-02-03T13:37:52+00:00\" \/>\n<meta property=\"og:image\" content=\"https:\/\/enlite.de\/wp-content\/uploads\/sites\/6\/2024\/07\/FFM_Feed-Format_Karriere-bei-uns_ENLITE.jpg\" \/>\n\t<meta property=\"og:image:width\" content=\"540\" \/>\n\t<meta property=\"og:image:height\" content=\"540\" \/>\n\t<meta property=\"og:image:type\" content=\"image\/jpeg\" \/>\n<meta name=\"author\" content=\"Redaktion\" \/>\n<meta name=\"twitter:card\" content=\"summary_large_image\" \/>\n<meta name=\"twitter:label1\" content=\"Written by\" \/>\n\t<meta name=\"twitter:data1\" content=\"Redaktion\" \/>\n\t<meta name=\"twitter:label2\" content=\"Est. reading time\" \/>\n\t<meta name=\"twitter:data2\" content=\"1 minute\" \/>\n<script type=\"application\/ld+json\" class=\"yoast-schema-graph\">{\"@context\":\"https:\\\/\\\/schema.org\",\"@graph\":[{\"@type\":\"Article\",\"@id\":\"https:\\\/\\\/enlite.de\\\/absolventenkongress-frankfurt-am-11-juli\\\/#article\",\"isPartOf\":{\"@id\":\"https:\\\/\\\/enlite.de\\\/absolventenkongress-frankfurt-am-11-juli\\\/\"},\"author\":{\"name\":\"Redaktion\",\"@id\":\"https:\\\/\\\/enlite.de\\\/#\\\/schema\\\/person\\\/52a79322edcd94cd0015dce06caefac1\"},\"headline\":\"Absolventenkongress Frankfurt am 11. Juli\",\"datePublished\":\"2024-07-08T07:45:02+00:00\",\"dateModified\":\"2025-02-03T13:37:52+00:00\",\"mainEntityOfPage\":{\"@id\":\"https:\\\/\\\/enlite.de\\\/absolventenkongress-frankfurt-am-11-juli\\\/\"},\"wordCount\":197,\"image\":{\"@id\":\"https:\\\/\\\/enlite.de\\\/absolventenkongress-frankfurt-am-11-juli\\\/#primaryimage\"},\"thumbnailUrl\":\"https:\\\/\\\/enlite.de\\\/wp-content\\\/uploads\\\/sites\\\/6\\\/2024\\\/07\\\/FFM_Feed-Format_Karriere-bei-uns_ENLITE.jpg\",\"articleSection\":[\"Allgemein\"],\"inLanguage\":\"en-US\"},{\"@type\":\"WebPage\",\"@id\":\"https:\\\/\\\/enlite.de\\\/absolventenkongress-frankfurt-am-11-juli\\\/\",\"url\":\"https:\\\/\\\/enlite.de\\\/absolventenkongress-frankfurt-am-11-juli\\\/\",\"name\":\"Absolventenkongress Frankfurt am 11. Juli - ENLITE Management and Engineering\",\"isPartOf\":{\"@id\":\"https:\\\/\\\/enlite.de\\\/#website\"},\"primaryImageOfPage\":{\"@id\":\"https:\\\/\\\/enlite.de\\\/absolventenkongress-frankfurt-am-11-juli\\\/#primaryimage\"},\"image\":{\"@id\":\"https:\\\/\\\/enlite.de\\\/absolventenkongress-frankfurt-am-11-juli\\\/#primaryimage\"},\"thumbnailUrl\":\"https:\\\/\\\/enlite.de\\\/wp-content\\\/uploads\\\/sites\\\/6\\\/2024\\\/07\\\/FFM_Feed-Format_Karriere-bei-uns_ENLITE.jpg\",\"datePublished\":\"2024-07-08T07:45:02+00:00\",\"dateModified\":\"2025-02-03T13:37:52+00:00\",\"author\":{\"@id\":\"https:\\\/\\\/enlite.de\\\/#\\\/schema\\\/person\\\/52a79322edcd94cd0015dce06caefac1\"},\"breadcrumb\":{\"@id\":\"https:\\\/\\\/enlite.de\\\/absolventenkongress-frankfurt-am-11-juli\\\/#breadcrumb\"},\"inLanguage\":\"en-US\",\"potentialAction\":[{\"@type\":\"ReadAction\",\"target\":[\"https:\\\/\\\/enlite.de\\\/absolventenkongress-frankfurt-am-11-juli\\\/\"]}]},{\"@type\":\"ImageObject\",\"inLanguage\":\"en-US\",\"@id\":\"https:\\\/\\\/enlite.de\\\/absolventenkongress-frankfurt-am-11-juli\\\/#primaryimage\",\"url\":\"https:\\\/\\\/enlite.de\\\/wp-content\\\/uploads\\\/sites\\\/6\\\/2024\\\/07\\\/FFM_Feed-Format_Karriere-bei-uns_ENLITE.jpg\",\"contentUrl\":\"https:\\\/\\\/enlite.de\\\/wp-content\\\/uploads\\\/sites\\\/6\\\/2024\\\/07\\\/FFM_Feed-Format_Karriere-bei-uns_ENLITE.jpg\",\"width\":540,\"height\":540,\"caption\":\"Messebanner des Absolventenkongress Frankfurt\"},{\"@type\":\"BreadcrumbList\",\"@id\":\"https:\\\/\\\/enlite.de\\\/absolventenkongress-frankfurt-am-11-juli\\\/#breadcrumb\",\"itemListElement\":[{\"@type\":\"ListItem\",\"position\":1,\"name\":\"Startseite\",\"item\":\"https:\\\/\\\/enlite.de\\\/\"},{\"@type\":\"ListItem\",\"position\":2,\"name\":\"Absolventenkongress Frankfurt am 11. Juli\"}]},{\"@type\":\"WebSite\",\"@id\":\"https:\\\/\\\/enlite.de\\\/#website\",\"url\":\"https:\\\/\\\/enlite.de\\\/\",\"name\":\"ENLITE Management and Engineering\",\"description\":\"\",\"potentialAction\":[{\"@type\":\"SearchAction\",\"target\":{\"@type\":\"EntryPoint\",\"urlTemplate\":\"https:\\\/\\\/enlite.de\\\/?s={search_term_string}\"},\"query-input\":{\"@type\":\"PropertyValueSpecification\",\"valueRequired\":true,\"valueName\":\"search_term_string\"}}],\"inLanguage\":\"en-US\"},{\"@type\":\"Person\",\"@id\":\"https:\\\/\\\/enlite.de\\\/#\\\/schema\\\/person\\\/52a79322edcd94cd0015dce06caefac1\",\"name\":\"Redaktion\",\"image\":{\"@type\":\"ImageObject\",\"inLanguage\":\"en-US\",\"@id\":\"https:\\\/\\\/secure.gravatar.com\\\/avatar\\\/114afc5f9a8d6580738c5a81ff48185fbfb3142f7bbe3fc62429ffeb8b816b6a?s=96&d=mm&r=g\",\"url\":\"https:\\\/\\\/secure.gravatar.com\\\/avatar\\\/114afc5f9a8d6580738c5a81ff48185fbfb3142f7bbe3fc62429ffeb8b816b6a?s=96&d=mm&r=g\",\"contentUrl\":\"https:\\\/\\\/secure.gravatar.com\\\/avatar\\\/114afc5f9a8d6580738c5a81ff48185fbfb3142f7bbe3fc62429ffeb8b816b6a?s=96&d=mm&r=g\",\"caption\":\"Redaktion\"},\"url\":\"https:\\\/\\\/enlite.de\\\/en\\\/author\\\/redaktion\\\/\"}]}<\/script>\n<!-- \/ Yoast SEO plugin. -->","yoast_head_json":{"title":"Absolventenkongress Frankfurt am 11. Juli - ENLITE Management and Engineering","robots":{"index":"index","follow":"follow","max-snippet":"max-snippet:-1","max-image-preview":"max-image-preview:large","max-video-preview":"max-video-preview:-1"},"canonical":"https:\/\/enlite.de\/en\/absolventenkongress-frankfurt-am-11-juli\/","og_locale":"en_US","og_type":"article","og_title":"Absolventenkongress Frankfurt am 11. Juli - ENLITE Management and Engineering","og_description":"F\u00fcr Jobinteressierte bietet sich wieder die Gelegenheit mehr \u00fcber die spannenden Projekte bei ENLITE zu erfahren.","og_url":"https:\/\/enlite.de\/en\/absolventenkongress-frankfurt-am-11-juli\/","og_site_name":"ENLITE Management and Engineering","article_published_time":"2024-07-08T07:45:02+00:00","article_modified_time":"2025-02-03T13:37:52+00:00","og_image":[{"width":540,"height":540,"url":"https:\/\/enlite.de\/wp-content\/uploads\/sites\/6\/2024\/07\/FFM_Feed-Format_Karriere-bei-uns_ENLITE.jpg","type":"image\/jpeg"}],"author":"Redaktion","twitter_card":"summary_large_image","twitter_misc":{"Written by":"Redaktion","Est. reading time":"1 minute"},"schema":{"@context":"https:\/\/schema.org","@graph":[{"@type":"Article","@id":"https:\/\/enlite.de\/absolventenkongress-frankfurt-am-11-juli\/#article","isPartOf":{"@id":"https:\/\/enlite.de\/absolventenkongress-frankfurt-am-11-juli\/"},"author":{"name":"Redaktion","@id":"https:\/\/enlite.de\/#\/schema\/person\/52a79322edcd94cd0015dce06caefac1"},"headline":"Absolventenkongress Frankfurt am 11. Juli","datePublished":"2024-07-08T07:45:02+00:00","dateModified":"2025-02-03T13:37:52+00:00","mainEntityOfPage":{"@id":"https:\/\/enlite.de\/absolventenkongress-frankfurt-am-11-juli\/"},"wordCount":197,"image":{"@id":"https:\/\/enlite.de\/absolventenkongress-frankfurt-am-11-juli\/#primaryimage"},"thumbnailUrl":"https:\/\/enlite.de\/wp-content\/uploads\/sites\/6\/2024\/07\/FFM_Feed-Format_Karriere-bei-uns_ENLITE.jpg","articleSection":["Allgemein"],"inLanguage":"en-US"},{"@type":"WebPage","@id":"https:\/\/enlite.de\/absolventenkongress-frankfurt-am-11-juli\/","url":"https:\/\/enlite.de\/absolventenkongress-frankfurt-am-11-juli\/","name":"Absolventenkongress Frankfurt am 11. Juli - ENLITE Management and Engineering","isPartOf":{"@id":"https:\/\/enlite.de\/#website"},"primaryImageOfPage":{"@id":"https:\/\/enlite.de\/absolventenkongress-frankfurt-am-11-juli\/#primaryimage"},"image":{"@id":"https:\/\/enlite.de\/absolventenkongress-frankfurt-am-11-juli\/#primaryimage"},"thumbnailUrl":"https:\/\/enlite.de\/wp-content\/uploads\/sites\/6\/2024\/07\/FFM_Feed-Format_Karriere-bei-uns_ENLITE.jpg","datePublished":"2024-07-08T07:45:02+00:00","dateModified":"2025-02-03T13:37:52+00:00","author":{"@id":"https:\/\/enlite.de\/#\/schema\/person\/52a79322edcd94cd0015dce06caefac1"},"breadcrumb":{"@id":"https:\/\/enlite.de\/absolventenkongress-frankfurt-am-11-juli\/#breadcrumb"},"inLanguage":"en-US","potentialAction":[{"@type":"ReadAction","target":["https:\/\/enlite.de\/absolventenkongress-frankfurt-am-11-juli\/"]}]},{"@type":"ImageObject","inLanguage":"en-US","@id":"https:\/\/enlite.de\/absolventenkongress-frankfurt-am-11-juli\/#primaryimage","url":"https:\/\/enlite.de\/wp-content\/uploads\/sites\/6\/2024\/07\/FFM_Feed-Format_Karriere-bei-uns_ENLITE.jpg","contentUrl":"https:\/\/enlite.de\/wp-content\/uploads\/sites\/6\/2024\/07\/FFM_Feed-Format_Karriere-bei-uns_ENLITE.jpg","width":540,"height":540,"caption":"Messebanner des Absolventenkongress Frankfurt"},{"@type":"BreadcrumbList","@id":"https:\/\/enlite.de\/absolventenkongress-frankfurt-am-11-juli\/#breadcrumb","itemListElement":[{"@type":"ListItem","position":1,"name":"Startseite","item":"https:\/\/enlite.de\/"},{"@type":"ListItem","position":2,"name":"Absolventenkongress Frankfurt am 11. Juli"}]},{"@type":"WebSite","@id":"https:\/\/enlite.de\/#website","url":"https:\/\/enlite.de\/","name":"ENLITE Management and Engineering","description":"","potentialAction":[{"@type":"SearchAction","target":{"@type":"EntryPoint","urlTemplate":"https:\/\/enlite.de\/?s={search_term_string}"},"query-input":{"@type":"PropertyValueSpecification","valueRequired":true,"valueName":"search_term_string"}}],"inLanguage":"en-US"},{"@type":"Person","@id":"https:\/\/enlite.de\/#\/schema\/person\/52a79322edcd94cd0015dce06caefac1","name":"Redaktion","image":{"@type":"ImageObject","inLanguage":"en-US","@id":"https:\/\/secure.gravatar.com\/avatar\/114afc5f9a8d6580738c5a81ff48185fbfb3142f7bbe3fc62429ffeb8b816b6a?s=96&d=mm&r=g","url":"https:\/\/secure.gravatar.com\/avatar\/114afc5f9a8d6580738c5a81ff48185fbfb3142f7bbe3fc62429ffeb8b816b6a?s=96&d=mm&r=g","contentUrl":"https:\/\/secure.gravatar.com\/avatar\/114afc5f9a8d6580738c5a81ff48185fbfb3142f7bbe3fc62429ffeb8b816b6a?s=96&d=mm&r=g","caption":"Redaktion"},"url":"https:\/\/enlite.de\/en\/author\/redaktion\/"}]}},"_links":{"self":[{"href":"https:\/\/enlite.de\/en\/wp-json\/wp\/v2\/posts\/4468","targetHints":{"allow":["GET"]}}],"collection":[{"href":"https:\/\/enlite.de\/en\/wp-json\/wp\/v2\/posts"}],"about":[{"href":"https:\/\/enlite.de\/en\/wp-json\/wp\/v2\/types\/post"}],"author":[{"embeddable":true,"href":"https:\/\/enlite.de\/en\/wp-json\/wp\/v2\/users\/3"}],"replies":[{"embeddable":true,"href":"https:\/\/enlite.de\/en\/wp-json\/wp\/v2\/comments?post=4468"}],"version-history":[{"count":3,"href":"https:\/\/enlite.de\/en\/wp-json\/wp\/v2\/posts\/4468\/revisions"}],"predecessor-version":[{"id":6172,"href":"https:\/\/enlite.de\/en\/wp-json\/wp\/v2\/posts\/4468\/revisions\/6172"}],"wp:featuredmedia":[{"embeddable":true,"href":"https:\/\/enlite.de\/en\/wp-json\/wp\/v2\/media\/4829"}],"wp:attachment":[{"href":"https:\/\/enlite.de\/en\/wp-json\/wp\/v2\/media?parent=4468"}],"wp:term":[{"taxonomy":"category","embeddable":true,"href":"https:\/\/enlite.de\/en\/wp-json\/wp\/v2\/categories?post=4468"},{"taxonomy":"post_tag","embeddable":true,"href":"https:\/\/enlite.de\/en\/wp-json\/wp\/v2\/tags?post=4468"}],"curies":[{"name":"wp","href":"https:\/\/api.w.org\/{rel}","templated":true}]}}