{"id":4371,"date":"2024-06-18T09:25:02","date_gmt":"2024-06-18T07:25:02","guid":{"rendered":"https:\/\/www.enlite.de\/?p=4371"},"modified":"2025-02-03T14:50:17","modified_gmt":"2025-02-03T13:50:17","slug":"enlite-auf-dem-absolventenkongress-am-27-juni-in-hamburg","status":"publish","type":"post","link":"https:\/\/enlite.de\/en\/enlite-auf-dem-absolventenkongress-am-27-juni-in-hamburg\/","title":{"rendered":"ENLITE auf dem Absolventenkongress am 27. Juni in Hamburg\u00a0"},"content":{"rendered":"<div class=\"fusion-fullwidth fullwidth-box fusion-builder-row-1 fusion-flex-container nonhundred-percent-fullwidth non-hundred-percent-height-scrolling\" style=\"--awb-border-radius-top-left:0px;--awb-border-radius-top-right:0px;--awb-border-radius-bottom-right:0px;--awb-border-radius-bottom-left:0px;--awb-flex-wrap:wrap;\" ><div class=\"fusion-builder-row fusion-row fusion-flex-align-items-flex-start fusion-flex-content-wrap\" style=\"max-width:1331.2px;margin-left: calc(-4% \/ 2 );margin-right: calc(-4% \/ 2 );\"><div class=\"fusion-layout-column fusion_builder_column fusion-builder-column-0 fusion_builder_column_1_1 1_1 fusion-flex-column\" style=\"--awb-bg-size:cover;--awb-width-large:100%;--awb-margin-top-large:0px;--awb-spacing-right-large:1.92%;--awb-margin-bottom-large:0px;--awb-spacing-left-large:0%;--awb-width-medium:100%;--awb-spacing-right-medium:1.92%;--awb-spacing-left-medium:0%;--awb-width-small:100%;--awb-spacing-right-small:1.92%;--awb-spacing-left-small:1.92%;\"><div class=\"fusion-column-wrapper fusion-flex-justify-content-flex-start fusion-content-layout-column\"><div class=\"fusion-text fusion-text-1\"><p>Hier ist deine Chance, ENLITE und unser Team direkt kennenzulernen: Am 26.06. findet der diesj\u00e4hrige Absolventenkongress statt, und wir sind wieder dabei! Das Event bringt \u00fcber 50 Top-Unternehmen aus allen Branchen zusammen und bietet eine ideale Plattform f\u00fcr deinen Karrierestart.\u00a0<\/p>\n<p>Auf dem Absolventenkongress erwarten dich \u00fcber 50 f\u00fchrende Unternehmen aus verschiedenen Branchen, die dir zahlreiche Karrierem\u00f6glichkeiten bieten. Nutze die Chance, um direkt mit unserem Team ins Gespr\u00e4ch zu kommen und deine beruflichen Ambitionen zu besprechen. Der Kongress bietet zudem einen umfassenden Rundum-Service: Lass deinen Lebenslauf checken, mache professionelle Bewerbungsfotos und nehme an spannenden Vortr\u00e4gen, Workshops und Coachings teil.\u00a0<\/p>\n<p>Bei ENLITE kannst du dich auf eine zukunftsorientierte Energiewirtschaft freuen. Als <a href=\"https:\/\/enlite.de\/en\/hohe-zufriedenheit-der-mitarbeiterinnen-und-mitarbeiter-bei-enlite\/\">Kununu Top Company 2024<\/a> legen wir gro\u00dfen Wert auf die Zufriedenheit unserer Mitarbeitenden. Bei uns leistest du einen aktiven Beitrag zur Energiewende und profitierst von attraktiven Zusatzangeboten wie einem Mentoringprogramm, zahlreichen Sport- und Gesundheitsangeboten sowie einem modernen B\u00fcro direkt in der Hamburger Innenstadt und vielem mehr!\u00a0<\/p>\n<p>Neugierig geworden? Dann schaue Dir unsere <a href=\"https:\/\/enlite.jobs.personio.de\/job\/858259?_pc=1949183\">aktuelle Junior-Stelle<\/a> an.<\/p>\n<p>Wir freuen uns darauf, dich an unserem Stand zu begr\u00fc\u00dfen und gemeinsam deine Karriere zu starten!\u00a0<\/p>\n<p><i>Follow\u00a0us\u00a0on LinkedIn #ENLITE #Energiewende<\/i><\/p>\n<\/div><\/div><\/div><\/div><\/div>","protected":false},"excerpt":{"rendered":"<p>Die ideale Plattform f\u00fcr deinen Karrierestart nach der Uni.<\/p>","protected":false},"author":3,"featured_media":4638,"comment_status":"closed","ping_status":"open","sticky":false,"template":"","format":"standard","meta":{"footnotes":""},"categories":[1],"tags":[],"class_list":["post-4371","post","type-post","status-publish","format-standard","has-post-thumbnail","hentry","category-allgemein"],"yoast_head":"<!-- This site is optimized with the Yoast SEO plugin v27.5 - https:\/\/yoast.com\/product\/yoast-seo-wordpress\/ -->\n<title>ENLITE auf dem Absolventenkongress am 27. Juni in Hamburg\u00a0 - ENLITE Management and Engineering<\/title>\n<meta name=\"robots\" content=\"index, follow, max-snippet:-1, max-image-preview:large, max-video-preview:-1\" \/>\n<link rel=\"canonical\" href=\"https:\/\/enlite.de\/en\/enlite-auf-dem-absolventenkongress-am-27-juni-in-hamburg\/\" \/>\n<meta property=\"og:locale\" content=\"en_US\" \/>\n<meta property=\"og:type\" content=\"article\" \/>\n<meta property=\"og:title\" content=\"ENLITE auf dem Absolventenkongress am 27. Juni in Hamburg\u00a0 - ENLITE Management and Engineering\" \/>\n<meta property=\"og:description\" content=\"Die ideale Plattform f\u00fcr deinen Karrierestart nach der Uni.\" \/>\n<meta property=\"og:url\" content=\"https:\/\/enlite.de\/en\/enlite-auf-dem-absolventenkongress-am-27-juni-in-hamburg\/\" \/>\n<meta property=\"og:site_name\" content=\"ENLITE Management and Engineering\" \/>\n<meta property=\"article:published_time\" content=\"2024-06-18T07:25:02+00:00\" \/>\n<meta property=\"article:modified_time\" content=\"2025-02-03T13:50:17+00:00\" \/>\n<meta property=\"og:image\" content=\"https:\/\/enlite.de\/wp-content\/uploads\/sites\/6\/2024\/07\/HH_Feed-Format_Wir-suchen-dich-540x540-1.jpg\" \/>\n\t<meta property=\"og:image:width\" content=\"648\" \/>\n\t<meta property=\"og:image:height\" content=\"648\" \/>\n\t<meta property=\"og:image:type\" content=\"image\/jpeg\" \/>\n<meta name=\"author\" content=\"Redaktion\" \/>\n<meta name=\"twitter:card\" content=\"summary_large_image\" \/>\n<meta name=\"twitter:label1\" content=\"Written by\" \/>\n\t<meta name=\"twitter:data1\" content=\"Redaktion\" \/>\n\t<meta name=\"twitter:label2\" content=\"Est. reading time\" \/>\n\t<meta name=\"twitter:data2\" content=\"2 minutes\" \/>\n<script type=\"application\/ld+json\" class=\"yoast-schema-graph\">{\"@context\":\"https:\\\/\\\/schema.org\",\"@graph\":[{\"@type\":\"Article\",\"@id\":\"https:\\\/\\\/enlite.de\\\/enlite-auf-dem-absolventenkongress-am-27-juni-in-hamburg\\\/#article\",\"isPartOf\":{\"@id\":\"https:\\\/\\\/enlite.de\\\/enlite-auf-dem-absolventenkongress-am-27-juni-in-hamburg\\\/\"},\"author\":{\"name\":\"Redaktion\",\"@id\":\"https:\\\/\\\/enlite.de\\\/#\\\/schema\\\/person\\\/52a79322edcd94cd0015dce06caefac1\"},\"headline\":\"ENLITE auf dem Absolventenkongress am 27. Juni in Hamburg\u00a0\",\"datePublished\":\"2024-06-18T07:25:02+00:00\",\"dateModified\":\"2025-02-03T13:50:17+00:00\",\"mainEntityOfPage\":{\"@id\":\"https:\\\/\\\/enlite.de\\\/enlite-auf-dem-absolventenkongress-am-27-juni-in-hamburg\\\/\"},\"wordCount\":309,\"image\":{\"@id\":\"https:\\\/\\\/enlite.de\\\/enlite-auf-dem-absolventenkongress-am-27-juni-in-hamburg\\\/#primaryimage\"},\"thumbnailUrl\":\"https:\\\/\\\/enlite.de\\\/wp-content\\\/uploads\\\/sites\\\/6\\\/2024\\\/07\\\/HH_Feed-Format_Wir-suchen-dich-540x540-1.jpg\",\"articleSection\":[\"Allgemein\"],\"inLanguage\":\"en-US\"},{\"@type\":\"WebPage\",\"@id\":\"https:\\\/\\\/enlite.de\\\/enlite-auf-dem-absolventenkongress-am-27-juni-in-hamburg\\\/\",\"url\":\"https:\\\/\\\/enlite.de\\\/enlite-auf-dem-absolventenkongress-am-27-juni-in-hamburg\\\/\",\"name\":\"ENLITE auf dem Absolventenkongress am 27. Juni in Hamburg\u00a0 - ENLITE Management and Engineering\",\"isPartOf\":{\"@id\":\"https:\\\/\\\/enlite.de\\\/#website\"},\"primaryImageOfPage\":{\"@id\":\"https:\\\/\\\/enlite.de\\\/enlite-auf-dem-absolventenkongress-am-27-juni-in-hamburg\\\/#primaryimage\"},\"image\":{\"@id\":\"https:\\\/\\\/enlite.de\\\/enlite-auf-dem-absolventenkongress-am-27-juni-in-hamburg\\\/#primaryimage\"},\"thumbnailUrl\":\"https:\\\/\\\/enlite.de\\\/wp-content\\\/uploads\\\/sites\\\/6\\\/2024\\\/07\\\/HH_Feed-Format_Wir-suchen-dich-540x540-1.jpg\",\"datePublished\":\"2024-06-18T07:25:02+00:00\",\"dateModified\":\"2025-02-03T13:50:17+00:00\",\"author\":{\"@id\":\"https:\\\/\\\/enlite.de\\\/#\\\/schema\\\/person\\\/52a79322edcd94cd0015dce06caefac1\"},\"breadcrumb\":{\"@id\":\"https:\\\/\\\/enlite.de\\\/enlite-auf-dem-absolventenkongress-am-27-juni-in-hamburg\\\/#breadcrumb\"},\"inLanguage\":\"en-US\",\"potentialAction\":[{\"@type\":\"ReadAction\",\"target\":[\"https:\\\/\\\/enlite.de\\\/enlite-auf-dem-absolventenkongress-am-27-juni-in-hamburg\\\/\"]}]},{\"@type\":\"ImageObject\",\"inLanguage\":\"en-US\",\"@id\":\"https:\\\/\\\/enlite.de\\\/enlite-auf-dem-absolventenkongress-am-27-juni-in-hamburg\\\/#primaryimage\",\"url\":\"https:\\\/\\\/enlite.de\\\/wp-content\\\/uploads\\\/sites\\\/6\\\/2024\\\/07\\\/HH_Feed-Format_Wir-suchen-dich-540x540-1.jpg\",\"contentUrl\":\"https:\\\/\\\/enlite.de\\\/wp-content\\\/uploads\\\/sites\\\/6\\\/2024\\\/07\\\/HH_Feed-Format_Wir-suchen-dich-540x540-1.jpg\",\"width\":648,\"height\":648,\"caption\":\"Messebanner f\u00fcr den Absolventenkongress in Hamburg\"},{\"@type\":\"BreadcrumbList\",\"@id\":\"https:\\\/\\\/enlite.de\\\/enlite-auf-dem-absolventenkongress-am-27-juni-in-hamburg\\\/#breadcrumb\",\"itemListElement\":[{\"@type\":\"ListItem\",\"position\":1,\"name\":\"Startseite\",\"item\":\"https:\\\/\\\/enlite.de\\\/\"},{\"@type\":\"ListItem\",\"position\":2,\"name\":\"ENLITE auf dem Absolventenkongress am 27. Juni in Hamburg\u00a0\"}]},{\"@type\":\"WebSite\",\"@id\":\"https:\\\/\\\/enlite.de\\\/#website\",\"url\":\"https:\\\/\\\/enlite.de\\\/\",\"name\":\"ENLITE Management and Engineering\",\"description\":\"\",\"potentialAction\":[{\"@type\":\"SearchAction\",\"target\":{\"@type\":\"EntryPoint\",\"urlTemplate\":\"https:\\\/\\\/enlite.de\\\/?s={search_term_string}\"},\"query-input\":{\"@type\":\"PropertyValueSpecification\",\"valueRequired\":true,\"valueName\":\"search_term_string\"}}],\"inLanguage\":\"en-US\"},{\"@type\":\"Person\",\"@id\":\"https:\\\/\\\/enlite.de\\\/#\\\/schema\\\/person\\\/52a79322edcd94cd0015dce06caefac1\",\"name\":\"Redaktion\",\"image\":{\"@type\":\"ImageObject\",\"inLanguage\":\"en-US\",\"@id\":\"https:\\\/\\\/secure.gravatar.com\\\/avatar\\\/114afc5f9a8d6580738c5a81ff48185fbfb3142f7bbe3fc62429ffeb8b816b6a?s=96&d=mm&r=g\",\"url\":\"https:\\\/\\\/secure.gravatar.com\\\/avatar\\\/114afc5f9a8d6580738c5a81ff48185fbfb3142f7bbe3fc62429ffeb8b816b6a?s=96&d=mm&r=g\",\"contentUrl\":\"https:\\\/\\\/secure.gravatar.com\\\/avatar\\\/114afc5f9a8d6580738c5a81ff48185fbfb3142f7bbe3fc62429ffeb8b816b6a?s=96&d=mm&r=g\",\"caption\":\"Redaktion\"},\"url\":\"https:\\\/\\\/enlite.de\\\/en\\\/author\\\/redaktion\\\/\"}]}<\/script>\n<!-- \/ Yoast SEO plugin. -->","yoast_head_json":{"title":"ENLITE auf dem Absolventenkongress am 27. Juni in Hamburg\u00a0 - ENLITE Management and Engineering","robots":{"index":"index","follow":"follow","max-snippet":"max-snippet:-1","max-image-preview":"max-image-preview:large","max-video-preview":"max-video-preview:-1"},"canonical":"https:\/\/enlite.de\/en\/enlite-auf-dem-absolventenkongress-am-27-juni-in-hamburg\/","og_locale":"en_US","og_type":"article","og_title":"ENLITE auf dem Absolventenkongress am 27. Juni in Hamburg\u00a0 - ENLITE Management and Engineering","og_description":"Die ideale Plattform f\u00fcr deinen Karrierestart nach der Uni.","og_url":"https:\/\/enlite.de\/en\/enlite-auf-dem-absolventenkongress-am-27-juni-in-hamburg\/","og_site_name":"ENLITE Management and Engineering","article_published_time":"2024-06-18T07:25:02+00:00","article_modified_time":"2025-02-03T13:50:17+00:00","og_image":[{"width":648,"height":648,"url":"https:\/\/enlite.de\/wp-content\/uploads\/sites\/6\/2024\/07\/HH_Feed-Format_Wir-suchen-dich-540x540-1.jpg","type":"image\/jpeg"}],"author":"Redaktion","twitter_card":"summary_large_image","twitter_misc":{"Written by":"Redaktion","Est. reading time":"2 minutes"},"schema":{"@context":"https:\/\/schema.org","@graph":[{"@type":"Article","@id":"https:\/\/enlite.de\/enlite-auf-dem-absolventenkongress-am-27-juni-in-hamburg\/#article","isPartOf":{"@id":"https:\/\/enlite.de\/enlite-auf-dem-absolventenkongress-am-27-juni-in-hamburg\/"},"author":{"name":"Redaktion","@id":"https:\/\/enlite.de\/#\/schema\/person\/52a79322edcd94cd0015dce06caefac1"},"headline":"ENLITE auf dem Absolventenkongress am 27. Juni in Hamburg\u00a0","datePublished":"2024-06-18T07:25:02+00:00","dateModified":"2025-02-03T13:50:17+00:00","mainEntityOfPage":{"@id":"https:\/\/enlite.de\/enlite-auf-dem-absolventenkongress-am-27-juni-in-hamburg\/"},"wordCount":309,"image":{"@id":"https:\/\/enlite.de\/enlite-auf-dem-absolventenkongress-am-27-juni-in-hamburg\/#primaryimage"},"thumbnailUrl":"https:\/\/enlite.de\/wp-content\/uploads\/sites\/6\/2024\/07\/HH_Feed-Format_Wir-suchen-dich-540x540-1.jpg","articleSection":["Allgemein"],"inLanguage":"en-US"},{"@type":"WebPage","@id":"https:\/\/enlite.de\/enlite-auf-dem-absolventenkongress-am-27-juni-in-hamburg\/","url":"https:\/\/enlite.de\/enlite-auf-dem-absolventenkongress-am-27-juni-in-hamburg\/","name":"ENLITE auf dem Absolventenkongress am 27. Juni in Hamburg\u00a0 - ENLITE Management and Engineering","isPartOf":{"@id":"https:\/\/enlite.de\/#website"},"primaryImageOfPage":{"@id":"https:\/\/enlite.de\/enlite-auf-dem-absolventenkongress-am-27-juni-in-hamburg\/#primaryimage"},"image":{"@id":"https:\/\/enlite.de\/enlite-auf-dem-absolventenkongress-am-27-juni-in-hamburg\/#primaryimage"},"thumbnailUrl":"https:\/\/enlite.de\/wp-content\/uploads\/sites\/6\/2024\/07\/HH_Feed-Format_Wir-suchen-dich-540x540-1.jpg","datePublished":"2024-06-18T07:25:02+00:00","dateModified":"2025-02-03T13:50:17+00:00","author":{"@id":"https:\/\/enlite.de\/#\/schema\/person\/52a79322edcd94cd0015dce06caefac1"},"breadcrumb":{"@id":"https:\/\/enlite.de\/enlite-auf-dem-absolventenkongress-am-27-juni-in-hamburg\/#breadcrumb"},"inLanguage":"en-US","potentialAction":[{"@type":"ReadAction","target":["https:\/\/enlite.de\/enlite-auf-dem-absolventenkongress-am-27-juni-in-hamburg\/"]}]},{"@type":"ImageObject","inLanguage":"en-US","@id":"https:\/\/enlite.de\/enlite-auf-dem-absolventenkongress-am-27-juni-in-hamburg\/#primaryimage","url":"https:\/\/enlite.de\/wp-content\/uploads\/sites\/6\/2024\/07\/HH_Feed-Format_Wir-suchen-dich-540x540-1.jpg","contentUrl":"https:\/\/enlite.de\/wp-content\/uploads\/sites\/6\/2024\/07\/HH_Feed-Format_Wir-suchen-dich-540x540-1.jpg","width":648,"height":648,"caption":"Messebanner f\u00fcr den Absolventenkongress in Hamburg"},{"@type":"BreadcrumbList","@id":"https:\/\/enlite.de\/enlite-auf-dem-absolventenkongress-am-27-juni-in-hamburg\/#breadcrumb","itemListElement":[{"@type":"ListItem","position":1,"name":"Startseite","item":"https:\/\/enlite.de\/"},{"@type":"ListItem","position":2,"name":"ENLITE auf dem Absolventenkongress am 27. Juni in Hamburg\u00a0"}]},{"@type":"WebSite","@id":"https:\/\/enlite.de\/#website","url":"https:\/\/enlite.de\/","name":"ENLITE Management and Engineering","description":"","potentialAction":[{"@type":"SearchAction","target":{"@type":"EntryPoint","urlTemplate":"https:\/\/enlite.de\/?s={search_term_string}"},"query-input":{"@type":"PropertyValueSpecification","valueRequired":true,"valueName":"search_term_string"}}],"inLanguage":"en-US"},{"@type":"Person","@id":"https:\/\/enlite.de\/#\/schema\/person\/52a79322edcd94cd0015dce06caefac1","name":"Redaktion","image":{"@type":"ImageObject","inLanguage":"en-US","@id":"https:\/\/secure.gravatar.com\/avatar\/114afc5f9a8d6580738c5a81ff48185fbfb3142f7bbe3fc62429ffeb8b816b6a?s=96&d=mm&r=g","url":"https:\/\/secure.gravatar.com\/avatar\/114afc5f9a8d6580738c5a81ff48185fbfb3142f7bbe3fc62429ffeb8b816b6a?s=96&d=mm&r=g","contentUrl":"https:\/\/secure.gravatar.com\/avatar\/114afc5f9a8d6580738c5a81ff48185fbfb3142f7bbe3fc62429ffeb8b816b6a?s=96&d=mm&r=g","caption":"Redaktion"},"url":"https:\/\/enlite.de\/en\/author\/redaktion\/"}]}},"_links":{"self":[{"href":"https:\/\/enlite.de\/en\/wp-json\/wp\/v2\/posts\/4371","targetHints":{"allow":["GET"]}}],"collection":[{"href":"https:\/\/enlite.de\/en\/wp-json\/wp\/v2\/posts"}],"about":[{"href":"https:\/\/enlite.de\/en\/wp-json\/wp\/v2\/types\/post"}],"author":[{"embeddable":true,"href":"https:\/\/enlite.de\/en\/wp-json\/wp\/v2\/users\/3"}],"replies":[{"embeddable":true,"href":"https:\/\/enlite.de\/en\/wp-json\/wp\/v2\/comments?post=4371"}],"version-history":[{"count":3,"href":"https:\/\/enlite.de\/en\/wp-json\/wp\/v2\/posts\/4371\/revisions"}],"predecessor-version":[{"id":6178,"href":"https:\/\/enlite.de\/en\/wp-json\/wp\/v2\/posts\/4371\/revisions\/6178"}],"wp:featuredmedia":[{"embeddable":true,"href":"https:\/\/enlite.de\/en\/wp-json\/wp\/v2\/media\/4638"}],"wp:attachment":[{"href":"https:\/\/enlite.de\/en\/wp-json\/wp\/v2\/media?parent=4371"}],"wp:term":[{"taxonomy":"category","embeddable":true,"href":"https:\/\/enlite.de\/en\/wp-json\/wp\/v2\/categories?post=4371"},{"taxonomy":"post_tag","embeddable":true,"href":"https:\/\/enlite.de\/en\/wp-json\/wp\/v2\/tags?post=4371"}],"curies":[{"name":"wp","href":"https:\/\/api.w.org\/{rel}","templated":true}]}}