{"id":4299,"date":"2024-05-28T08:00:00","date_gmt":"2024-05-28T06:00:00","guid":{"rendered":"https:\/\/www.enlite.de\/?p=4299"},"modified":"2025-02-03T14:51:25","modified_gmt":"2025-02-03T13:51:25","slug":"bdew-kongress-am-5-und-6-juni-2024-in-berlin","status":"publish","type":"post","link":"https:\/\/enlite.de\/en\/bdew-kongress-am-5-und-6-juni-2024-in-berlin\/","title":{"rendered":"BDEW Kongress am 5. und 6. Juni 2024 in Berlin"},"content":{"rendered":"<div class=\"fusion-fullwidth fullwidth-box fusion-builder-row-1 fusion-flex-container nonhundred-percent-fullwidth non-hundred-percent-height-scrolling\" style=\"--awb-border-radius-top-left:0px;--awb-border-radius-top-right:0px;--awb-border-radius-bottom-right:0px;--awb-border-radius-bottom-left:0px;--awb-flex-wrap:wrap;\" ><div class=\"fusion-builder-row fusion-row fusion-flex-align-items-flex-start fusion-flex-justify-content-center fusion-flex-content-wrap\" style=\"max-width:1331.2px;margin-left: calc(-4% \/ 2 );margin-right: calc(-4% \/ 2 );\"><div class=\"fusion-layout-column fusion_builder_column fusion-builder-column-0 fusion_builder_column_1_1 1_1 fusion-flex-column\" style=\"--awb-bg-size:cover;--awb-width-large:100%;--awb-margin-top-large:0px;--awb-spacing-right-large:1.92%;--awb-margin-bottom-large:0px;--awb-spacing-left-large:0%;--awb-width-medium:100%;--awb-spacing-right-medium:1.92%;--awb-spacing-left-medium:0%;--awb-width-small:100%;--awb-spacing-right-small:1.92%;--awb-spacing-left-small:1.92%;\"><div class=\"fusion-column-wrapper fusion-flex-justify-content-flex-start fusion-content-layout-column\"><div class=\"fusion-text fusion-text-1\"><p>ENLITE ist in diesem Jahr wieder als Aussteller beim BDEW Kongress vertreten, um Perspektiven f\u00fcr die Zukunft der Energiewirtschaft zu teilen. Der Kongress, der am 5. und 6. Juni 2024 in der STATION-Berlin stattfindet, ist der gr\u00f6\u00dfte Branchentreffpunkt der Energie- und Wasserwirtschaft.<\/p>\n<p>Unsere Experten Dr. Robert van de Sandt (Gesch\u00e4ftsf\u00fchrer) und Per Kr\u00f6ger (Senior Project Consultant) freuen sich, mit interessierten Kunden, Partnern und Besucher:innen pers\u00f6nlich in Austausch zu treten und einen Einblick in die neuesten Entwicklungen und Innovationen zu geben.<\/p>\n<\/div><\/div><\/div><div class=\"fusion-layout-column fusion_builder_column fusion-builder-column-1 fusion_builder_column_1_4 1_4 fusion-flex-column\" style=\"--awb-bg-size:cover;--awb-width-large:25%;--awb-margin-top-large:16px;--awb-spacing-right-large:7.68%;--awb-margin-bottom-large:16px;--awb-spacing-left-large:7.68%;--awb-width-medium:25%;--awb-order-medium:0;--awb-spacing-right-medium:7.68%;--awb-spacing-left-medium:7.68%;--awb-width-small:100%;--awb-order-small:0;--awb-spacing-right-small:1.92%;--awb-spacing-left-small:1.92%;\"><div class=\"fusion-column-wrapper fusion-column-has-shadow fusion-flex-justify-content-flex-start fusion-content-layout-column\"><div class=\"fusion-image-element\" style=\"--awb-margin-bottom:10px;--awb-caption-title-font-family:var(--h2_typography-font-family);--awb-caption-title-font-weight:var(--h2_typography-font-weight);--awb-caption-title-font-style:var(--h2_typography-font-style);--awb-caption-title-size:var(--h2_typography-font-size);--awb-caption-title-transform:var(--h2_typography-text-transform);--awb-caption-title-line-height:var(--h2_typography-line-height);--awb-caption-title-letter-spacing:var(--h2_typography-letter-spacing);\"><span class=\"fusion-imageframe imageframe-none imageframe-1 hover-type-none\"><img decoding=\"async\" width=\"1080\" height=\"1080\" title=\"Robert-BDEW-2\" src=\"https:\/\/enlite.de\/wp-content\/uploads\/sites\/6\/2024\/07\/Robert-BDEW-2.jpg\" data-orig-src=\"https:\/\/enlite.testumgebung.vandesandt-stollner.de\/wp-content\/uploads\/sites\/6\/2024\/07\/Robert-BDEW-2.jpg\" alt class=\"lazyload img-responsive wp-image-4640\" srcset=\"data:image\/svg+xml,%3Csvg%20xmlns%3D%27http%3A%2F%2Fwww.w3.org%2F2000%2Fsvg%27%20width%3D%271080%27%20height%3D%271080%27%20viewBox%3D%270%200%201080%201080%27%3E%3Crect%20width%3D%271080%27%20height%3D%271080%27%20fill-opacity%3D%220%22%2F%3E%3C%2Fsvg%3E\" data-srcset=\"https:\/\/enlite.de\/wp-content\/uploads\/sites\/6\/2024\/07\/Robert-BDEW-2-200x200.jpg 200w, https:\/\/enlite.de\/wp-content\/uploads\/sites\/6\/2024\/07\/Robert-BDEW-2-400x400.jpg 400w, https:\/\/enlite.de\/wp-content\/uploads\/sites\/6\/2024\/07\/Robert-BDEW-2-600x600.jpg 600w, https:\/\/enlite.de\/wp-content\/uploads\/sites\/6\/2024\/07\/Robert-BDEW-2-800x800.jpg 800w, https:\/\/enlite.de\/wp-content\/uploads\/sites\/6\/2024\/07\/Robert-BDEW-2.jpg 1080w\" data-sizes=\"auto\" data-orig-sizes=\"(max-width: 640px) 100vw, 400px\" \/><\/span><\/div><div class=\"fusion-text fusion-text-2\" style=\"--awb-content-alignment:center;--awb-font-size:14px;--awb-text-font-family:&quot;Inter&quot;;--awb-text-font-style:normal;--awb-text-font-weight:300;\"><p>Dr. Robert van de Sandt<\/p>\n<\/div><\/div><\/div><div class=\"fusion-layout-column fusion_builder_column fusion-builder-column-2 fusion_builder_column_1_4 1_4 fusion-flex-column\" style=\"--awb-bg-size:cover;--awb-width-large:25%;--awb-margin-top-large:16px;--awb-spacing-right-large:7.68%;--awb-margin-bottom-large:16px;--awb-spacing-left-large:7.68%;--awb-width-medium:25%;--awb-order-medium:0;--awb-spacing-right-medium:7.68%;--awb-spacing-left-medium:7.68%;--awb-width-small:100%;--awb-order-small:0;--awb-spacing-right-small:1.92%;--awb-spacing-left-small:1.92%;\"><div class=\"fusion-column-wrapper fusion-column-has-shadow fusion-flex-justify-content-flex-start fusion-content-layout-column\"><div class=\"fusion-image-element\" style=\"--awb-margin-bottom:10px;--awb-caption-title-font-family:var(--h2_typography-font-family);--awb-caption-title-font-weight:var(--h2_typography-font-weight);--awb-caption-title-font-style:var(--h2_typography-font-style);--awb-caption-title-size:var(--h2_typography-font-size);--awb-caption-title-transform:var(--h2_typography-text-transform);--awb-caption-title-line-height:var(--h2_typography-line-height);--awb-caption-title-letter-spacing:var(--h2_typography-letter-spacing);\"><span class=\"fusion-imageframe imageframe-none imageframe-2 hover-type-none\"><img decoding=\"async\" width=\"1080\" height=\"1080\" title=\"Per-BDEW\" src=\"https:\/\/enlite.de\/wp-content\/uploads\/sites\/6\/2024\/07\/Per-BDEW.jpg\" data-orig-src=\"https:\/\/enlite.testumgebung.vandesandt-stollner.de\/wp-content\/uploads\/sites\/6\/2024\/07\/Per-BDEW.jpg\" alt class=\"lazyload img-responsive wp-image-4639\" srcset=\"data:image\/svg+xml,%3Csvg%20xmlns%3D%27http%3A%2F%2Fwww.w3.org%2F2000%2Fsvg%27%20width%3D%271080%27%20height%3D%271080%27%20viewBox%3D%270%200%201080%201080%27%3E%3Crect%20width%3D%271080%27%20height%3D%271080%27%20fill-opacity%3D%220%22%2F%3E%3C%2Fsvg%3E\" data-srcset=\"https:\/\/enlite.de\/wp-content\/uploads\/sites\/6\/2024\/07\/Per-BDEW-200x200.jpg 200w, https:\/\/enlite.de\/wp-content\/uploads\/sites\/6\/2024\/07\/Per-BDEW-400x400.jpg 400w, https:\/\/enlite.de\/wp-content\/uploads\/sites\/6\/2024\/07\/Per-BDEW-600x600.jpg 600w, https:\/\/enlite.de\/wp-content\/uploads\/sites\/6\/2024\/07\/Per-BDEW-800x800.jpg 800w, https:\/\/enlite.de\/wp-content\/uploads\/sites\/6\/2024\/07\/Per-BDEW.jpg 1080w\" data-sizes=\"auto\" data-orig-sizes=\"(max-width: 640px) 100vw, 400px\" \/><\/span><\/div><div class=\"fusion-text fusion-text-3\" style=\"--awb-content-alignment:center;--awb-font-size:14px;--awb-text-font-family:&quot;Inter&quot;;--awb-text-font-style:normal;--awb-text-font-weight:300;\"><p>Per Kr\u00f6ger<\/p>\n<\/div><\/div><\/div><div class=\"fusion-layout-column fusion_builder_column fusion-builder-column-3 fusion_builder_column_1_1 1_1 fusion-flex-column\" style=\"--awb-bg-size:cover;--awb-width-large:100%;--awb-margin-top-large:0px;--awb-spacing-right-large:1.92%;--awb-margin-bottom-large:0px;--awb-spacing-left-large:0%;--awb-width-medium:100%;--awb-spacing-right-medium:1.92%;--awb-spacing-left-medium:0%;--awb-width-small:100%;--awb-spacing-right-small:1.92%;--awb-spacing-left-small:1.92%;\"><div class=\"fusion-column-wrapper fusion-flex-justify-content-flex-start fusion-content-layout-column\"><div class=\"fusion-text fusion-text-4\"><p>Der BDEW Kongress bietet unter dem Motto &#8222;Gemeinsam einfach machen&#8220; wieder ein spannendes Programm an vier verschiedenen B\u00fchnen, auf denen sich Speaker aus Politik, Wissenschaft und der Energiebranche aktuellen Themen, wie die Herausforderungen der Energiewende, Klimaschutz und Energiepolitik, widmen.<\/p>\n<p>Die Netzwerkveranstaltung bietet eine besondere Gelegenheit die Vision f\u00fcr die Zukunft der Energiewirtschaft von ENLITE, einer der st\u00e4rksten Umsetzungsberatungen f\u00fcr die Energiewirtschaft, kennenzulernen. Seien Sie also dabei, erleben Sie packende Diskussionen und lassen Sie sich mit rund 1500 weiteren Teilnehmenden auf der 12.000 qm gro\u00dfen Hallenfl\u00e4che inspirieren.<\/p>\n<\/div><\/div><\/div><\/div><\/div>","protected":false},"excerpt":{"rendered":"<p>Einblicke in die neuesten Entwicklungen und Innovationen der Energiewirtschaft.<\/p>","protected":false},"author":3,"featured_media":4641,"comment_status":"closed","ping_status":"open","sticky":false,"template":"","format":"standard","meta":{"footnotes":""},"categories":[1],"tags":[],"class_list":["post-4299","post","type-post","status-publish","format-standard","has-post-thumbnail","hentry","category-allgemein"],"yoast_head":"<!-- This site is optimized with the Yoast SEO plugin v27.5 - https:\/\/yoast.com\/product\/yoast-seo-wordpress\/ -->\n<title>BDEW Kongress am 5. und 6. Juni 2024 in Berlin - ENLITE Management and Engineering<\/title>\n<meta name=\"robots\" content=\"index, follow, max-snippet:-1, max-image-preview:large, max-video-preview:-1\" \/>\n<link rel=\"canonical\" href=\"https:\/\/enlite.de\/en\/bdew-kongress-am-5-und-6-juni-2024-in-berlin\/\" \/>\n<meta property=\"og:locale\" content=\"en_US\" \/>\n<meta property=\"og:type\" content=\"article\" \/>\n<meta property=\"og:title\" content=\"BDEW Kongress am 5. und 6. Juni 2024 in Berlin - ENLITE Management and Engineering\" \/>\n<meta property=\"og:description\" content=\"Einblicke in die neuesten Entwicklungen und Innovationen der Energiewirtschaft.\" \/>\n<meta property=\"og:url\" content=\"https:\/\/enlite.de\/en\/bdew-kongress-am-5-und-6-juni-2024-in-berlin\/\" \/>\n<meta property=\"og:site_name\" content=\"ENLITE Management and Engineering\" \/>\n<meta property=\"article:published_time\" content=\"2024-05-28T06:00:00+00:00\" \/>\n<meta property=\"article:modified_time\" content=\"2025-02-03T13:51:25+00:00\" \/>\n<meta property=\"og:image\" content=\"https:\/\/enlite.de\/wp-content\/uploads\/sites\/6\/2024\/07\/bdewk24_social-media-grafik_komp.jpg\" \/>\n\t<meta property=\"og:image:width\" content=\"1536\" \/>\n\t<meta property=\"og:image:height\" content=\"768\" \/>\n\t<meta property=\"og:image:type\" content=\"image\/jpeg\" \/>\n<meta name=\"author\" content=\"Redaktion\" \/>\n<meta name=\"twitter:card\" content=\"summary_large_image\" \/>\n<meta name=\"twitter:label1\" content=\"Written by\" \/>\n\t<meta name=\"twitter:data1\" content=\"Redaktion\" \/>\n\t<meta name=\"twitter:label2\" content=\"Est. reading time\" \/>\n\t<meta name=\"twitter:data2\" content=\"6 minutes\" \/>\n<script type=\"application\/ld+json\" class=\"yoast-schema-graph\">{\"@context\":\"https:\\\/\\\/schema.org\",\"@graph\":[{\"@type\":\"Article\",\"@id\":\"https:\\\/\\\/enlite.de\\\/bdew-kongress-am-5-und-6-juni-2024-in-berlin\\\/#article\",\"isPartOf\":{\"@id\":\"https:\\\/\\\/enlite.de\\\/bdew-kongress-am-5-und-6-juni-2024-in-berlin\\\/\"},\"author\":{\"name\":\"Redaktion\",\"@id\":\"https:\\\/\\\/enlite.de\\\/#\\\/schema\\\/person\\\/52a79322edcd94cd0015dce06caefac1\"},\"headline\":\"BDEW Kongress am 5. und 6. Juni 2024 in Berlin\",\"datePublished\":\"2024-05-28T06:00:00+00:00\",\"dateModified\":\"2025-02-03T13:51:25+00:00\",\"mainEntityOfPage\":{\"@id\":\"https:\\\/\\\/enlite.de\\\/bdew-kongress-am-5-und-6-juni-2024-in-berlin\\\/\"},\"wordCount\":1196,\"image\":{\"@id\":\"https:\\\/\\\/enlite.de\\\/bdew-kongress-am-5-und-6-juni-2024-in-berlin\\\/#primaryimage\"},\"thumbnailUrl\":\"https:\\\/\\\/enlite.de\\\/wp-content\\\/uploads\\\/sites\\\/6\\\/2024\\\/07\\\/bdewk24_social-media-grafik_komp.jpg\",\"articleSection\":[\"Allgemein\"],\"inLanguage\":\"en-US\"},{\"@type\":\"WebPage\",\"@id\":\"https:\\\/\\\/enlite.de\\\/bdew-kongress-am-5-und-6-juni-2024-in-berlin\\\/\",\"url\":\"https:\\\/\\\/enlite.de\\\/bdew-kongress-am-5-und-6-juni-2024-in-berlin\\\/\",\"name\":\"BDEW Kongress am 5. und 6. Juni 2024 in Berlin - ENLITE Management and Engineering\",\"isPartOf\":{\"@id\":\"https:\\\/\\\/enlite.de\\\/#website\"},\"primaryImageOfPage\":{\"@id\":\"https:\\\/\\\/enlite.de\\\/bdew-kongress-am-5-und-6-juni-2024-in-berlin\\\/#primaryimage\"},\"image\":{\"@id\":\"https:\\\/\\\/enlite.de\\\/bdew-kongress-am-5-und-6-juni-2024-in-berlin\\\/#primaryimage\"},\"thumbnailUrl\":\"https:\\\/\\\/enlite.de\\\/wp-content\\\/uploads\\\/sites\\\/6\\\/2024\\\/07\\\/bdewk24_social-media-grafik_komp.jpg\",\"datePublished\":\"2024-05-28T06:00:00+00:00\",\"dateModified\":\"2025-02-03T13:51:25+00:00\",\"author\":{\"@id\":\"https:\\\/\\\/enlite.de\\\/#\\\/schema\\\/person\\\/52a79322edcd94cd0015dce06caefac1\"},\"breadcrumb\":{\"@id\":\"https:\\\/\\\/enlite.de\\\/bdew-kongress-am-5-und-6-juni-2024-in-berlin\\\/#breadcrumb\"},\"inLanguage\":\"en-US\",\"potentialAction\":[{\"@type\":\"ReadAction\",\"target\":[\"https:\\\/\\\/enlite.de\\\/bdew-kongress-am-5-und-6-juni-2024-in-berlin\\\/\"]}]},{\"@type\":\"ImageObject\",\"inLanguage\":\"en-US\",\"@id\":\"https:\\\/\\\/enlite.de\\\/bdew-kongress-am-5-und-6-juni-2024-in-berlin\\\/#primaryimage\",\"url\":\"https:\\\/\\\/enlite.de\\\/wp-content\\\/uploads\\\/sites\\\/6\\\/2024\\\/07\\\/bdewk24_social-media-grafik_komp.jpg\",\"contentUrl\":\"https:\\\/\\\/enlite.de\\\/wp-content\\\/uploads\\\/sites\\\/6\\\/2024\\\/07\\\/bdewk24_social-media-grafik_komp.jpg\",\"width\":1536,\"height\":768,\"caption\":\"Messebanner f\u00fcr den BDEW Kongress 2024\"},{\"@type\":\"BreadcrumbList\",\"@id\":\"https:\\\/\\\/enlite.de\\\/bdew-kongress-am-5-und-6-juni-2024-in-berlin\\\/#breadcrumb\",\"itemListElement\":[{\"@type\":\"ListItem\",\"position\":1,\"name\":\"Startseite\",\"item\":\"https:\\\/\\\/enlite.de\\\/\"},{\"@type\":\"ListItem\",\"position\":2,\"name\":\"BDEW Kongress am 5. und 6. Juni 2024 in Berlin\"}]},{\"@type\":\"WebSite\",\"@id\":\"https:\\\/\\\/enlite.de\\\/#website\",\"url\":\"https:\\\/\\\/enlite.de\\\/\",\"name\":\"ENLITE Management and Engineering\",\"description\":\"\",\"potentialAction\":[{\"@type\":\"SearchAction\",\"target\":{\"@type\":\"EntryPoint\",\"urlTemplate\":\"https:\\\/\\\/enlite.de\\\/?s={search_term_string}\"},\"query-input\":{\"@type\":\"PropertyValueSpecification\",\"valueRequired\":true,\"valueName\":\"search_term_string\"}}],\"inLanguage\":\"en-US\"},{\"@type\":\"Person\",\"@id\":\"https:\\\/\\\/enlite.de\\\/#\\\/schema\\\/person\\\/52a79322edcd94cd0015dce06caefac1\",\"name\":\"Redaktion\",\"image\":{\"@type\":\"ImageObject\",\"inLanguage\":\"en-US\",\"@id\":\"https:\\\/\\\/secure.gravatar.com\\\/avatar\\\/114afc5f9a8d6580738c5a81ff48185fbfb3142f7bbe3fc62429ffeb8b816b6a?s=96&d=mm&r=g\",\"url\":\"https:\\\/\\\/secure.gravatar.com\\\/avatar\\\/114afc5f9a8d6580738c5a81ff48185fbfb3142f7bbe3fc62429ffeb8b816b6a?s=96&d=mm&r=g\",\"contentUrl\":\"https:\\\/\\\/secure.gravatar.com\\\/avatar\\\/114afc5f9a8d6580738c5a81ff48185fbfb3142f7bbe3fc62429ffeb8b816b6a?s=96&d=mm&r=g\",\"caption\":\"Redaktion\"},\"url\":\"https:\\\/\\\/enlite.de\\\/en\\\/author\\\/redaktion\\\/\"}]}<\/script>\n<!-- \/ Yoast SEO plugin. -->","yoast_head_json":{"title":"BDEW Kongress am 5. und 6. Juni 2024 in Berlin - ENLITE Management and Engineering","robots":{"index":"index","follow":"follow","max-snippet":"max-snippet:-1","max-image-preview":"max-image-preview:large","max-video-preview":"max-video-preview:-1"},"canonical":"https:\/\/enlite.de\/en\/bdew-kongress-am-5-und-6-juni-2024-in-berlin\/","og_locale":"en_US","og_type":"article","og_title":"BDEW Kongress am 5. und 6. Juni 2024 in Berlin - ENLITE Management and Engineering","og_description":"Einblicke in die neuesten Entwicklungen und Innovationen der Energiewirtschaft.","og_url":"https:\/\/enlite.de\/en\/bdew-kongress-am-5-und-6-juni-2024-in-berlin\/","og_site_name":"ENLITE Management and Engineering","article_published_time":"2024-05-28T06:00:00+00:00","article_modified_time":"2025-02-03T13:51:25+00:00","og_image":[{"width":1536,"height":768,"url":"https:\/\/enlite.de\/wp-content\/uploads\/sites\/6\/2024\/07\/bdewk24_social-media-grafik_komp.jpg","type":"image\/jpeg"}],"author":"Redaktion","twitter_card":"summary_large_image","twitter_misc":{"Written by":"Redaktion","Est. reading time":"6 minutes"},"schema":{"@context":"https:\/\/schema.org","@graph":[{"@type":"Article","@id":"https:\/\/enlite.de\/bdew-kongress-am-5-und-6-juni-2024-in-berlin\/#article","isPartOf":{"@id":"https:\/\/enlite.de\/bdew-kongress-am-5-und-6-juni-2024-in-berlin\/"},"author":{"name":"Redaktion","@id":"https:\/\/enlite.de\/#\/schema\/person\/52a79322edcd94cd0015dce06caefac1"},"headline":"BDEW Kongress am 5. und 6. Juni 2024 in Berlin","datePublished":"2024-05-28T06:00:00+00:00","dateModified":"2025-02-03T13:51:25+00:00","mainEntityOfPage":{"@id":"https:\/\/enlite.de\/bdew-kongress-am-5-und-6-juni-2024-in-berlin\/"},"wordCount":1196,"image":{"@id":"https:\/\/enlite.de\/bdew-kongress-am-5-und-6-juni-2024-in-berlin\/#primaryimage"},"thumbnailUrl":"https:\/\/enlite.de\/wp-content\/uploads\/sites\/6\/2024\/07\/bdewk24_social-media-grafik_komp.jpg","articleSection":["Allgemein"],"inLanguage":"en-US"},{"@type":"WebPage","@id":"https:\/\/enlite.de\/bdew-kongress-am-5-und-6-juni-2024-in-berlin\/","url":"https:\/\/enlite.de\/bdew-kongress-am-5-und-6-juni-2024-in-berlin\/","name":"BDEW Kongress am 5. und 6. Juni 2024 in Berlin - ENLITE Management and Engineering","isPartOf":{"@id":"https:\/\/enlite.de\/#website"},"primaryImageOfPage":{"@id":"https:\/\/enlite.de\/bdew-kongress-am-5-und-6-juni-2024-in-berlin\/#primaryimage"},"image":{"@id":"https:\/\/enlite.de\/bdew-kongress-am-5-und-6-juni-2024-in-berlin\/#primaryimage"},"thumbnailUrl":"https:\/\/enlite.de\/wp-content\/uploads\/sites\/6\/2024\/07\/bdewk24_social-media-grafik_komp.jpg","datePublished":"2024-05-28T06:00:00+00:00","dateModified":"2025-02-03T13:51:25+00:00","author":{"@id":"https:\/\/enlite.de\/#\/schema\/person\/52a79322edcd94cd0015dce06caefac1"},"breadcrumb":{"@id":"https:\/\/enlite.de\/bdew-kongress-am-5-und-6-juni-2024-in-berlin\/#breadcrumb"},"inLanguage":"en-US","potentialAction":[{"@type":"ReadAction","target":["https:\/\/enlite.de\/bdew-kongress-am-5-und-6-juni-2024-in-berlin\/"]}]},{"@type":"ImageObject","inLanguage":"en-US","@id":"https:\/\/enlite.de\/bdew-kongress-am-5-und-6-juni-2024-in-berlin\/#primaryimage","url":"https:\/\/enlite.de\/wp-content\/uploads\/sites\/6\/2024\/07\/bdewk24_social-media-grafik_komp.jpg","contentUrl":"https:\/\/enlite.de\/wp-content\/uploads\/sites\/6\/2024\/07\/bdewk24_social-media-grafik_komp.jpg","width":1536,"height":768,"caption":"Messebanner f\u00fcr den BDEW Kongress 2024"},{"@type":"BreadcrumbList","@id":"https:\/\/enlite.de\/bdew-kongress-am-5-und-6-juni-2024-in-berlin\/#breadcrumb","itemListElement":[{"@type":"ListItem","position":1,"name":"Startseite","item":"https:\/\/enlite.de\/"},{"@type":"ListItem","position":2,"name":"BDEW Kongress am 5. und 6. Juni 2024 in Berlin"}]},{"@type":"WebSite","@id":"https:\/\/enlite.de\/#website","url":"https:\/\/enlite.de\/","name":"ENLITE Management and Engineering","description":"","potentialAction":[{"@type":"SearchAction","target":{"@type":"EntryPoint","urlTemplate":"https:\/\/enlite.de\/?s={search_term_string}"},"query-input":{"@type":"PropertyValueSpecification","valueRequired":true,"valueName":"search_term_string"}}],"inLanguage":"en-US"},{"@type":"Person","@id":"https:\/\/enlite.de\/#\/schema\/person\/52a79322edcd94cd0015dce06caefac1","name":"Redaktion","image":{"@type":"ImageObject","inLanguage":"en-US","@id":"https:\/\/secure.gravatar.com\/avatar\/114afc5f9a8d6580738c5a81ff48185fbfb3142f7bbe3fc62429ffeb8b816b6a?s=96&d=mm&r=g","url":"https:\/\/secure.gravatar.com\/avatar\/114afc5f9a8d6580738c5a81ff48185fbfb3142f7bbe3fc62429ffeb8b816b6a?s=96&d=mm&r=g","contentUrl":"https:\/\/secure.gravatar.com\/avatar\/114afc5f9a8d6580738c5a81ff48185fbfb3142f7bbe3fc62429ffeb8b816b6a?s=96&d=mm&r=g","caption":"Redaktion"},"url":"https:\/\/enlite.de\/en\/author\/redaktion\/"}]}},"_links":{"self":[{"href":"https:\/\/enlite.de\/en\/wp-json\/wp\/v2\/posts\/4299","targetHints":{"allow":["GET"]}}],"collection":[{"href":"https:\/\/enlite.de\/en\/wp-json\/wp\/v2\/posts"}],"about":[{"href":"https:\/\/enlite.de\/en\/wp-json\/wp\/v2\/types\/post"}],"author":[{"embeddable":true,"href":"https:\/\/enlite.de\/en\/wp-json\/wp\/v2\/users\/3"}],"replies":[{"embeddable":true,"href":"https:\/\/enlite.de\/en\/wp-json\/wp\/v2\/comments?post=4299"}],"version-history":[{"count":4,"href":"https:\/\/enlite.de\/en\/wp-json\/wp\/v2\/posts\/4299\/revisions"}],"predecessor-version":[{"id":6180,"href":"https:\/\/enlite.de\/en\/wp-json\/wp\/v2\/posts\/4299\/revisions\/6180"}],"wp:featuredmedia":[{"embeddable":true,"href":"https:\/\/enlite.de\/en\/wp-json\/wp\/v2\/media\/4641"}],"wp:attachment":[{"href":"https:\/\/enlite.de\/en\/wp-json\/wp\/v2\/media?parent=4299"}],"wp:term":[{"taxonomy":"category","embeddable":true,"href":"https:\/\/enlite.de\/en\/wp-json\/wp\/v2\/categories?post=4299"},{"taxonomy":"post_tag","embeddable":true,"href":"https:\/\/enlite.de\/en\/wp-json\/wp\/v2\/tags?post=4299"}],"curies":[{"name":"wp","href":"https:\/\/api.w.org\/{rel}","templated":true}]}}