{"id":2397,"date":"2021-06-16T16:02:37","date_gmt":"2021-06-16T14:02:37","guid":{"rendered":"https:\/\/www.enlite.de\/?p=2397"},"modified":"2024-07-30T10:52:32","modified_gmt":"2024-07-30T08:52:32","slug":"entwicklungen-und-aussichten-fuer-den-energiespeichermarkt-bericht-von-der-konferenz-energy-storage-systems-2021","status":"publish","type":"post","link":"https:\/\/enlite.de\/en\/entwicklungen-und-aussichten-fuer-den-energiespeichermarkt-bericht-von-der-konferenz-energy-storage-systems-2021\/","title":{"rendered":"Bericht von der Konferenz \u201eEnergy Storage Systems 2021\u201c"},"content":{"rendered":"<div class=\"fusion-fullwidth fullwidth-box fusion-builder-row-1 fusion-flex-container nonhundred-percent-fullwidth non-hundred-percent-height-scrolling\" style=\"--awb-border-radius-top-left:0px;--awb-border-radius-top-right:0px;--awb-border-radius-bottom-right:0px;--awb-border-radius-bottom-left:0px;--awb-flex-wrap:wrap;\" ><div class=\"fusion-builder-row fusion-row fusion-flex-align-items-flex-start fusion-flex-content-wrap\" style=\"max-width:1331.2px;margin-left: calc(-4% \/ 2 );margin-right: calc(-4% \/ 2 );\"><div class=\"fusion-layout-column fusion_builder_column fusion-builder-column-0 fusion_builder_column_1_1 1_1 fusion-flex-column\" style=\"--awb-bg-size:cover;--awb-width-large:100%;--awb-margin-top-large:0px;--awb-spacing-right-large:1.92%;--awb-margin-bottom-large:0px;--awb-spacing-left-large:1.92%;--awb-width-medium:100%;--awb-spacing-right-medium:1.92%;--awb-spacing-left-medium:1.92%;--awb-width-small:100%;--awb-spacing-right-small:1.92%;--awb-spacing-left-small:1.92%;\"><div class=\"fusion-column-wrapper fusion-flex-justify-content-flex-start fusion-content-layout-column\"><div class=\"fusion-text fusion-text-1\"><h3>Entwicklungen und Aussichten f\u00fcr den Energiespeichermarkt &#8211; Bericht von der Konferenz &#8222;Energy Storage Systems 2021&#8220;<\/h3>\n<p>Energiespeicher sind ein fundamentaler Teil f\u00fcr eine erfolgreiche Energiewende und leisten schon heute einen zentralen Beitrag zur Versorgungssicherheit.<\/p>\n<p>Seit 2020 ist ENLITE Mitglied beim Bundesverband Energiespeicher (BVES). Der Verband mit Sitz in Berlin-Mitte existiert seit 2012 und engagiert sich in der Landes-, Bundes- und Europapolitik f\u00fcr politische und rechtliche Rahmenbedingungen, die ein Wachstum des Energiespeichermarktes m\u00f6glich machen. Das Themenspektrum des Verbands umfasst alle neuen Technologien und Anwendungen f\u00fcr Energiespeicher (darunter Batterien und Wasserstoff).<\/p>\n<p>Im Rahmen der Mitgliedschaft beim BVES hat ENLITE Zugang zu einem  hochqualifizierten und engagierten Netzwerk, das sich dem Ziel verschrieben hat, den regulatorischen Rahmen und die Marktbedingungen f\u00fcr Energiespeicher zu verbessern und so die Energiewende voranzutreiben.<\/p>\n<p>ENLITE unterst\u00fctzt und ber\u00e4t diverse Projekte, die im Kontext mit der Energiewende und der Sektorenkopplung stehen. So unterst\u00fctzen wir beispielsweise seit 2020 einen f\u00fchrenden europaweit t\u00e4tigen Energieversorger beim Bau eines Elektrolyseurs in der Gr\u00f6\u00dfenordnung 17,5 MW.<\/p>\n<p>Als BVES-Mitglied hatte ENLITE die M\u00f6glichkeit, an der diesj\u00e4hrigen Konferenz \u201eEnergy Storage Systems\u201c 2021 teilzunehmen. Hier wurden verschiedene Aspekte des Energiespeichermarktes beleuchtet, darunter aktuelle Technologien und Trends, wirtschaftliche Aspekte, Gesch\u00e4ftsmodelle, der regulatorische Rahmen sowie relevante Entwicklungen in der Energiepolitik. Unter anderem wurden die folgenden Auswirkungen der Pandemie auf den Energiespeichermarkt vorgestellt und diskutiert:<\/p>\n<p>Der Markt f\u00fcr Energiespeicher in Deutschland w\u00e4chst trotz der pandemiebedingten Einschr\u00e4nkungen weiterhin stetig. Dieses Wachstum findet jedoch nicht in allen Sektoren statt: W\u00e4hrend der Bereich \u201eUtility\u201c in 2020 auf einem hohen Niveau verweilt, musste vor allem der Bereich \u201eCommercial and Industry\u201c einen R\u00fcckschlag aufgrund der Coronapandemie hinnehmen. Die Verk\u00e4ufe gingen hier aufgrund verschobener oder abgebrochener Projekte um rund 20% zur\u00fcck. F\u00fcr ein starkes Wachstum sorgte 2020 hingegen der Bereich \u201eResidental\u201c und hier der Markt f\u00fcr Heimbatteriespeicher. Da durch die Pandemie Themen wie Resilienz, Autarkie und Sicherheit st\u00e4rker in den Fokus der \u00d6ffentlichkeit ger\u00fcckt sind, konnten Batterieheimspeicher ein Umsatzwachstum von 60% zwischen 2019 und 2020 verzeichnen. F\u00fcr 2021 und 2022 werden vor allem aufgrund des anziehenden Marktes f\u00fcr E-Mobilit\u00e4t sowie steigender CO<sub>2<\/sub>-Preise und der Einf\u00fchrung der deutschen Wasserstoffstrategie weitere Wachstumssteigerungen bei Energiespeichern erwartet.<\/p>\n<p>Bisher haben Speicherm\u00f6glichkeiten mittels Wasserstoff M\u00e4rkte in allen Sektoren erreicht, so dass sich zunehmend neue Einsatzszenarien entwickeln. Auch wenn es sich in der Regel noch um Leuchtturmprojekte handelt, blickt die Branche gespannt auf eventuelle Wachstumsm\u00f6glichkeiten, die in den kommenden Jahren m\u00f6glich sind.<\/p>\n<p>Besondere H\u00fcrden f\u00fcr das weitere Wachstum des Speichermarkts werden im rechtlichen und regulatorischen Rahmen gesehen. Sorge bereitet au\u00dferdem die Definition von Elektrospeichern, die Dauer von Genehmigungsverfahren oder die Einbindung ins Netz.<\/p>\n<p>Betrachtet man den globalen Markt, steht auch hier das Jahr 2021 im besonderen Fokus. So ist zu erwarten, dass sich der Markt f\u00fcr Energiespeicher weltweit (ohne Pumpspeicherkraftwerke) in nur einem Jahr, auf ca. 10 GW, mehr als verdoppelt. Vor allem \u201eFront-of-the-meter\u201c-Installationen spielen hierbei mit einem Plus von 160% eine wichtige Rolle. Den gr\u00f6\u00dften Beitrag liefern demnach die USA und China mit besonderem Anteil der USA, wo \u00fcber alle Sektoren hinweg alleine im Jahr 2020 ca. 3,5 GWh installiert wurden und damit mehr als die bisherigen 3,1 GWh in den vorigen sechs Jahren (2013 bis 2019). In 2021 soll sich dieser Wert noch einmal verdreifachen, und ein Ende dieser Entwicklung ist derzeit nicht in Sicht.<\/p>\n<p style=\"color: #000000;text-align: start;font-size: 0px\">Bei Fragen rund um den Energiespeichermarkt sprechen Sie uns gerne jederzeit an.<\/p>\n<p>Bei Fragen rund um den Energiespeichermarkt sprechen Sie uns gerne jederzeit an.<\/p>\n<p style=\"color: #000000;font-style: normal;text-align: start\">\n<\/div><\/div><\/div><\/div><\/div>","protected":false},"excerpt":{"rendered":"<p>Berlin: Seit 2020 ist ENLITE Mitglied beim Bundesverband Energiespeicher (BVES). Der Verband mit Sitz in Berlin-Mitte existiert seit 2012 und engagiert sich in der Landes-, Bundes- und Europapolitik f\u00fcr politische und rechtliche Rahmenbedingungen, die ein Wachstum des Energiespeichermarktes m\u00f6glich machen.<\/p>","protected":false},"author":3,"featured_media":4803,"comment_status":"closed","ping_status":"open","sticky":false,"template":"","format":"standard","meta":{"footnotes":""},"categories":[1],"tags":[],"class_list":["post-2397","post","type-post","status-publish","format-standard","has-post-thumbnail","hentry","category-allgemein"],"yoast_head":"<!-- This site is optimized with the Yoast SEO plugin v27.5 - https:\/\/yoast.com\/product\/yoast-seo-wordpress\/ -->\n<title>Bericht von der Konferenz \u201eEnergy Storage Systems 2021\u201c - ENLITE Management and Engineering<\/title>\n<meta name=\"robots\" content=\"index, follow, max-snippet:-1, max-image-preview:large, max-video-preview:-1\" \/>\n<link rel=\"canonical\" href=\"https:\/\/enlite.de\/en\/entwicklungen-und-aussichten-fuer-den-energiespeichermarkt-bericht-von-der-konferenz-energy-storage-systems-2021\/\" \/>\n<meta property=\"og:locale\" content=\"en_US\" \/>\n<meta property=\"og:type\" content=\"article\" \/>\n<meta property=\"og:title\" content=\"Bericht von der Konferenz \u201eEnergy Storage Systems 2021\u201c - ENLITE Management and Engineering\" \/>\n<meta property=\"og:description\" content=\"Berlin: Seit 2020 ist ENLITE Mitglied beim Bundesverband Energiespeicher (BVES). Der Verband mit Sitz in Berlin-Mitte existiert seit 2012 und engagiert sich in der Landes-, Bundes- und Europapolitik f\u00fcr politische und rechtliche Rahmenbedingungen, die ein Wachstum des Energiespeichermarktes m\u00f6glich machen.\" \/>\n<meta property=\"og:url\" content=\"https:\/\/enlite.de\/en\/entwicklungen-und-aussichten-fuer-den-energiespeichermarkt-bericht-von-der-konferenz-energy-storage-systems-2021\/\" \/>\n<meta property=\"og:site_name\" content=\"ENLITE Management and Engineering\" \/>\n<meta property=\"article:published_time\" content=\"2021-06-16T14:02:37+00:00\" \/>\n<meta property=\"article:modified_time\" content=\"2024-07-30T08:52:32+00:00\" \/>\n<meta property=\"og:image\" content=\"https:\/\/enlite.de\/wp-content\/uploads\/sites\/6\/2024\/07\/Post_2.png\" \/>\n\t<meta property=\"og:image:width\" content=\"1248\" \/>\n\t<meta property=\"og:image:height\" content=\"298\" \/>\n\t<meta property=\"og:image:type\" content=\"image\/png\" \/>\n<meta name=\"author\" content=\"Redaktion\" \/>\n<meta name=\"twitter:card\" content=\"summary_large_image\" \/>\n<meta name=\"twitter:label1\" content=\"Written by\" \/>\n\t<meta name=\"twitter:data1\" content=\"Redaktion\" \/>\n\t<meta name=\"twitter:label2\" content=\"Est. reading time\" \/>\n\t<meta name=\"twitter:data2\" content=\"3 minutes\" \/>\n<script type=\"application\/ld+json\" class=\"yoast-schema-graph\">{\"@context\":\"https:\\\/\\\/schema.org\",\"@graph\":[{\"@type\":\"Article\",\"@id\":\"https:\\\/\\\/enlite.de\\\/entwicklungen-und-aussichten-fuer-den-energiespeichermarkt-bericht-von-der-konferenz-energy-storage-systems-2021\\\/#article\",\"isPartOf\":{\"@id\":\"https:\\\/\\\/enlite.de\\\/entwicklungen-und-aussichten-fuer-den-energiespeichermarkt-bericht-von-der-konferenz-energy-storage-systems-2021\\\/\"},\"author\":{\"name\":\"Redaktion\",\"@id\":\"https:\\\/\\\/enlite.de\\\/#\\\/schema\\\/person\\\/52a79322edcd94cd0015dce06caefac1\"},\"headline\":\"Bericht von der Konferenz \u201eEnergy Storage Systems 2021\u201c\",\"datePublished\":\"2021-06-16T14:02:37+00:00\",\"dateModified\":\"2024-07-30T08:52:32+00:00\",\"mainEntityOfPage\":{\"@id\":\"https:\\\/\\\/enlite.de\\\/entwicklungen-und-aussichten-fuer-den-energiespeichermarkt-bericht-von-der-konferenz-energy-storage-systems-2021\\\/\"},\"wordCount\":689,\"image\":{\"@id\":\"https:\\\/\\\/enlite.de\\\/entwicklungen-und-aussichten-fuer-den-energiespeichermarkt-bericht-von-der-konferenz-energy-storage-systems-2021\\\/#primaryimage\"},\"thumbnailUrl\":\"https:\\\/\\\/enlite.de\\\/wp-content\\\/uploads\\\/sites\\\/6\\\/2024\\\/07\\\/Post_2.png\",\"articleSection\":[\"Allgemein\"],\"inLanguage\":\"en-US\"},{\"@type\":\"WebPage\",\"@id\":\"https:\\\/\\\/enlite.de\\\/entwicklungen-und-aussichten-fuer-den-energiespeichermarkt-bericht-von-der-konferenz-energy-storage-systems-2021\\\/\",\"url\":\"https:\\\/\\\/enlite.de\\\/entwicklungen-und-aussichten-fuer-den-energiespeichermarkt-bericht-von-der-konferenz-energy-storage-systems-2021\\\/\",\"name\":\"Bericht von der Konferenz \u201eEnergy Storage Systems 2021\u201c - ENLITE Management and Engineering\",\"isPartOf\":{\"@id\":\"https:\\\/\\\/enlite.de\\\/#website\"},\"primaryImageOfPage\":{\"@id\":\"https:\\\/\\\/enlite.de\\\/entwicklungen-und-aussichten-fuer-den-energiespeichermarkt-bericht-von-der-konferenz-energy-storage-systems-2021\\\/#primaryimage\"},\"image\":{\"@id\":\"https:\\\/\\\/enlite.de\\\/entwicklungen-und-aussichten-fuer-den-energiespeichermarkt-bericht-von-der-konferenz-energy-storage-systems-2021\\\/#primaryimage\"},\"thumbnailUrl\":\"https:\\\/\\\/enlite.de\\\/wp-content\\\/uploads\\\/sites\\\/6\\\/2024\\\/07\\\/Post_2.png\",\"datePublished\":\"2021-06-16T14:02:37+00:00\",\"dateModified\":\"2024-07-30T08:52:32+00:00\",\"author\":{\"@id\":\"https:\\\/\\\/enlite.de\\\/#\\\/schema\\\/person\\\/52a79322edcd94cd0015dce06caefac1\"},\"breadcrumb\":{\"@id\":\"https:\\\/\\\/enlite.de\\\/entwicklungen-und-aussichten-fuer-den-energiespeichermarkt-bericht-von-der-konferenz-energy-storage-systems-2021\\\/#breadcrumb\"},\"inLanguage\":\"en-US\",\"potentialAction\":[{\"@type\":\"ReadAction\",\"target\":[\"https:\\\/\\\/enlite.de\\\/entwicklungen-und-aussichten-fuer-den-energiespeichermarkt-bericht-von-der-konferenz-energy-storage-systems-2021\\\/\"]}]},{\"@type\":\"ImageObject\",\"inLanguage\":\"en-US\",\"@id\":\"https:\\\/\\\/enlite.de\\\/entwicklungen-und-aussichten-fuer-den-energiespeichermarkt-bericht-von-der-konferenz-energy-storage-systems-2021\\\/#primaryimage\",\"url\":\"https:\\\/\\\/enlite.de\\\/wp-content\\\/uploads\\\/sites\\\/6\\\/2024\\\/07\\\/Post_2.png\",\"contentUrl\":\"https:\\\/\\\/enlite.de\\\/wp-content\\\/uploads\\\/sites\\\/6\\\/2024\\\/07\\\/Post_2.png\",\"width\":1248,\"height\":298,\"caption\":\"Logo der \\\"Energy Storage Systems 2021\\\" Konferenz\"},{\"@type\":\"BreadcrumbList\",\"@id\":\"https:\\\/\\\/enlite.de\\\/entwicklungen-und-aussichten-fuer-den-energiespeichermarkt-bericht-von-der-konferenz-energy-storage-systems-2021\\\/#breadcrumb\",\"itemListElement\":[{\"@type\":\"ListItem\",\"position\":1,\"name\":\"Startseite\",\"item\":\"https:\\\/\\\/enlite.de\\\/\"},{\"@type\":\"ListItem\",\"position\":2,\"name\":\"Bericht von der Konferenz \u201eEnergy Storage Systems 2021\u201c\"}]},{\"@type\":\"WebSite\",\"@id\":\"https:\\\/\\\/enlite.de\\\/#website\",\"url\":\"https:\\\/\\\/enlite.de\\\/\",\"name\":\"ENLITE Management and Engineering\",\"description\":\"\",\"potentialAction\":[{\"@type\":\"SearchAction\",\"target\":{\"@type\":\"EntryPoint\",\"urlTemplate\":\"https:\\\/\\\/enlite.de\\\/?s={search_term_string}\"},\"query-input\":{\"@type\":\"PropertyValueSpecification\",\"valueRequired\":true,\"valueName\":\"search_term_string\"}}],\"inLanguage\":\"en-US\"},{\"@type\":\"Person\",\"@id\":\"https:\\\/\\\/enlite.de\\\/#\\\/schema\\\/person\\\/52a79322edcd94cd0015dce06caefac1\",\"name\":\"Redaktion\",\"image\":{\"@type\":\"ImageObject\",\"inLanguage\":\"en-US\",\"@id\":\"https:\\\/\\\/secure.gravatar.com\\\/avatar\\\/114afc5f9a8d6580738c5a81ff48185fbfb3142f7bbe3fc62429ffeb8b816b6a?s=96&d=mm&r=g\",\"url\":\"https:\\\/\\\/secure.gravatar.com\\\/avatar\\\/114afc5f9a8d6580738c5a81ff48185fbfb3142f7bbe3fc62429ffeb8b816b6a?s=96&d=mm&r=g\",\"contentUrl\":\"https:\\\/\\\/secure.gravatar.com\\\/avatar\\\/114afc5f9a8d6580738c5a81ff48185fbfb3142f7bbe3fc62429ffeb8b816b6a?s=96&d=mm&r=g\",\"caption\":\"Redaktion\"},\"url\":\"https:\\\/\\\/enlite.de\\\/en\\\/author\\\/redaktion\\\/\"}]}<\/script>\n<!-- \/ Yoast SEO plugin. -->","yoast_head_json":{"title":"Bericht von der Konferenz \u201eEnergy Storage Systems 2021\u201c - ENLITE Management and Engineering","robots":{"index":"index","follow":"follow","max-snippet":"max-snippet:-1","max-image-preview":"max-image-preview:large","max-video-preview":"max-video-preview:-1"},"canonical":"https:\/\/enlite.de\/en\/entwicklungen-und-aussichten-fuer-den-energiespeichermarkt-bericht-von-der-konferenz-energy-storage-systems-2021\/","og_locale":"en_US","og_type":"article","og_title":"Bericht von der Konferenz \u201eEnergy Storage Systems 2021\u201c - ENLITE Management and Engineering","og_description":"Berlin: Seit 2020 ist ENLITE Mitglied beim Bundesverband Energiespeicher (BVES). Der Verband mit Sitz in Berlin-Mitte existiert seit 2012 und engagiert sich in der Landes-, Bundes- und Europapolitik f\u00fcr politische und rechtliche Rahmenbedingungen, die ein Wachstum des Energiespeichermarktes m\u00f6glich machen.","og_url":"https:\/\/enlite.de\/en\/entwicklungen-und-aussichten-fuer-den-energiespeichermarkt-bericht-von-der-konferenz-energy-storage-systems-2021\/","og_site_name":"ENLITE Management and Engineering","article_published_time":"2021-06-16T14:02:37+00:00","article_modified_time":"2024-07-30T08:52:32+00:00","og_image":[{"width":1248,"height":298,"url":"https:\/\/enlite.de\/wp-content\/uploads\/sites\/6\/2024\/07\/Post_2.png","type":"image\/png"}],"author":"Redaktion","twitter_card":"summary_large_image","twitter_misc":{"Written by":"Redaktion","Est. reading time":"3 minutes"},"schema":{"@context":"https:\/\/schema.org","@graph":[{"@type":"Article","@id":"https:\/\/enlite.de\/entwicklungen-und-aussichten-fuer-den-energiespeichermarkt-bericht-von-der-konferenz-energy-storage-systems-2021\/#article","isPartOf":{"@id":"https:\/\/enlite.de\/entwicklungen-und-aussichten-fuer-den-energiespeichermarkt-bericht-von-der-konferenz-energy-storage-systems-2021\/"},"author":{"name":"Redaktion","@id":"https:\/\/enlite.de\/#\/schema\/person\/52a79322edcd94cd0015dce06caefac1"},"headline":"Bericht von der Konferenz \u201eEnergy Storage Systems 2021\u201c","datePublished":"2021-06-16T14:02:37+00:00","dateModified":"2024-07-30T08:52:32+00:00","mainEntityOfPage":{"@id":"https:\/\/enlite.de\/entwicklungen-und-aussichten-fuer-den-energiespeichermarkt-bericht-von-der-konferenz-energy-storage-systems-2021\/"},"wordCount":689,"image":{"@id":"https:\/\/enlite.de\/entwicklungen-und-aussichten-fuer-den-energiespeichermarkt-bericht-von-der-konferenz-energy-storage-systems-2021\/#primaryimage"},"thumbnailUrl":"https:\/\/enlite.de\/wp-content\/uploads\/sites\/6\/2024\/07\/Post_2.png","articleSection":["Allgemein"],"inLanguage":"en-US"},{"@type":"WebPage","@id":"https:\/\/enlite.de\/entwicklungen-und-aussichten-fuer-den-energiespeichermarkt-bericht-von-der-konferenz-energy-storage-systems-2021\/","url":"https:\/\/enlite.de\/entwicklungen-und-aussichten-fuer-den-energiespeichermarkt-bericht-von-der-konferenz-energy-storage-systems-2021\/","name":"Bericht von der Konferenz \u201eEnergy Storage Systems 2021\u201c - ENLITE Management and Engineering","isPartOf":{"@id":"https:\/\/enlite.de\/#website"},"primaryImageOfPage":{"@id":"https:\/\/enlite.de\/entwicklungen-und-aussichten-fuer-den-energiespeichermarkt-bericht-von-der-konferenz-energy-storage-systems-2021\/#primaryimage"},"image":{"@id":"https:\/\/enlite.de\/entwicklungen-und-aussichten-fuer-den-energiespeichermarkt-bericht-von-der-konferenz-energy-storage-systems-2021\/#primaryimage"},"thumbnailUrl":"https:\/\/enlite.de\/wp-content\/uploads\/sites\/6\/2024\/07\/Post_2.png","datePublished":"2021-06-16T14:02:37+00:00","dateModified":"2024-07-30T08:52:32+00:00","author":{"@id":"https:\/\/enlite.de\/#\/schema\/person\/52a79322edcd94cd0015dce06caefac1"},"breadcrumb":{"@id":"https:\/\/enlite.de\/entwicklungen-und-aussichten-fuer-den-energiespeichermarkt-bericht-von-der-konferenz-energy-storage-systems-2021\/#breadcrumb"},"inLanguage":"en-US","potentialAction":[{"@type":"ReadAction","target":["https:\/\/enlite.de\/entwicklungen-und-aussichten-fuer-den-energiespeichermarkt-bericht-von-der-konferenz-energy-storage-systems-2021\/"]}]},{"@type":"ImageObject","inLanguage":"en-US","@id":"https:\/\/enlite.de\/entwicklungen-und-aussichten-fuer-den-energiespeichermarkt-bericht-von-der-konferenz-energy-storage-systems-2021\/#primaryimage","url":"https:\/\/enlite.de\/wp-content\/uploads\/sites\/6\/2024\/07\/Post_2.png","contentUrl":"https:\/\/enlite.de\/wp-content\/uploads\/sites\/6\/2024\/07\/Post_2.png","width":1248,"height":298,"caption":"Logo der \"Energy Storage Systems 2021\" Konferenz"},{"@type":"BreadcrumbList","@id":"https:\/\/enlite.de\/entwicklungen-und-aussichten-fuer-den-energiespeichermarkt-bericht-von-der-konferenz-energy-storage-systems-2021\/#breadcrumb","itemListElement":[{"@type":"ListItem","position":1,"name":"Startseite","item":"https:\/\/enlite.de\/"},{"@type":"ListItem","position":2,"name":"Bericht von der Konferenz \u201eEnergy Storage Systems 2021\u201c"}]},{"@type":"WebSite","@id":"https:\/\/enlite.de\/#website","url":"https:\/\/enlite.de\/","name":"ENLITE Management and Engineering","description":"","potentialAction":[{"@type":"SearchAction","target":{"@type":"EntryPoint","urlTemplate":"https:\/\/enlite.de\/?s={search_term_string}"},"query-input":{"@type":"PropertyValueSpecification","valueRequired":true,"valueName":"search_term_string"}}],"inLanguage":"en-US"},{"@type":"Person","@id":"https:\/\/enlite.de\/#\/schema\/person\/52a79322edcd94cd0015dce06caefac1","name":"Redaktion","image":{"@type":"ImageObject","inLanguage":"en-US","@id":"https:\/\/secure.gravatar.com\/avatar\/114afc5f9a8d6580738c5a81ff48185fbfb3142f7bbe3fc62429ffeb8b816b6a?s=96&d=mm&r=g","url":"https:\/\/secure.gravatar.com\/avatar\/114afc5f9a8d6580738c5a81ff48185fbfb3142f7bbe3fc62429ffeb8b816b6a?s=96&d=mm&r=g","contentUrl":"https:\/\/secure.gravatar.com\/avatar\/114afc5f9a8d6580738c5a81ff48185fbfb3142f7bbe3fc62429ffeb8b816b6a?s=96&d=mm&r=g","caption":"Redaktion"},"url":"https:\/\/enlite.de\/en\/author\/redaktion\/"}]}},"_links":{"self":[{"href":"https:\/\/enlite.de\/en\/wp-json\/wp\/v2\/posts\/2397","targetHints":{"allow":["GET"]}}],"collection":[{"href":"https:\/\/enlite.de\/en\/wp-json\/wp\/v2\/posts"}],"about":[{"href":"https:\/\/enlite.de\/en\/wp-json\/wp\/v2\/types\/post"}],"author":[{"embeddable":true,"href":"https:\/\/enlite.de\/en\/wp-json\/wp\/v2\/users\/3"}],"replies":[{"embeddable":true,"href":"https:\/\/enlite.de\/en\/wp-json\/wp\/v2\/comments?post=2397"}],"version-history":[{"count":2,"href":"https:\/\/enlite.de\/en\/wp-json\/wp\/v2\/posts\/2397\/revisions"}],"predecessor-version":[{"id":4805,"href":"https:\/\/enlite.de\/en\/wp-json\/wp\/v2\/posts\/2397\/revisions\/4805"}],"wp:featuredmedia":[{"embeddable":true,"href":"https:\/\/enlite.de\/en\/wp-json\/wp\/v2\/media\/4803"}],"wp:attachment":[{"href":"https:\/\/enlite.de\/en\/wp-json\/wp\/v2\/media?parent=2397"}],"wp:term":[{"taxonomy":"category","embeddable":true,"href":"https:\/\/enlite.de\/en\/wp-json\/wp\/v2\/categories?post=2397"},{"taxonomy":"post_tag","embeddable":true,"href":"https:\/\/enlite.de\/en\/wp-json\/wp\/v2\/tags?post=2397"}],"curies":[{"name":"wp","href":"https:\/\/api.w.org\/{rel}","templated":true}]}}