{"id":2242,"date":"2020-09-07T16:33:06","date_gmt":"2020-09-07T14:33:06","guid":{"rendered":"https:\/\/www.enlite.de\/?p=2242"},"modified":"2024-07-30T10:52:47","modified_gmt":"2024-07-30T08:52:47","slug":"enlite-eroffnet-neuen-standort-in-nrw","status":"publish","type":"post","link":"https:\/\/enlite.de\/en\/enlite-eroffnet-neuen-standort-in-nrw\/","title":{"rendered":"ENLITE er\u00f6ffnet Standort NRW mit Michael Bl\u00e4sen als Standortleiter"},"content":{"rendered":"<div class=\"fusion-fullwidth fullwidth-box fusion-builder-row-1 fusion-flex-container nonhundred-percent-fullwidth non-hundred-percent-height-scrolling\" style=\"--awb-border-radius-top-left:0px;--awb-border-radius-top-right:0px;--awb-border-radius-bottom-right:0px;--awb-border-radius-bottom-left:0px;--awb-flex-wrap:wrap;\" ><div class=\"fusion-builder-row fusion-row fusion-flex-align-items-flex-start fusion-flex-content-wrap\" style=\"max-width:1331.2px;margin-left: calc(-4% \/ 2 );margin-right: calc(-4% \/ 2 );\"><div class=\"fusion-layout-column fusion_builder_column fusion-builder-column-0 fusion_builder_column_1_1 1_1 fusion-flex-column\" style=\"--awb-bg-size:cover;--awb-width-large:100%;--awb-margin-top-large:0px;--awb-spacing-right-large:1.92%;--awb-margin-bottom-large:0px;--awb-spacing-left-large:1.92%;--awb-width-medium:100%;--awb-spacing-right-medium:1.92%;--awb-spacing-left-medium:1.92%;--awb-width-small:100%;--awb-spacing-right-small:1.92%;--awb-spacing-left-small:1.92%;\"><div class=\"fusion-column-wrapper fusion-flex-justify-content-flex-start fusion-content-layout-column\"><div class=\"fusion-text fusion-text-1\"><h3>ENLITE er\u00f6ffnet Standort NRW mit Michael Bl\u00e4sen als Standortleiter <\/h3>\n<p style=\"color: #000000;font-style: normal;text-align: start;font-size: 0px\">Berlin:<em> Die ENLITE Management &amp; Engineering GmbH hat ihren Website-Auftritt fundamental erneuert. Die neue Website vereint Informationen \u00fcber die Beratung und die Arbeit bei ENLITE &#8211; und enth\u00e4lt einen Blog mit den neuesten Informationen \u00fcber das Unternehmen, Projekte und die Energiewirtschaft.  <\/em><\/p>\n<p><i>Berlin: Am 1.9.2020 hat die ENLITE\u00ae Management &amp; Engineering GmbH aus Berlin im nordrhein-westf\u00e4lischen Essen ihren dritten Standort er\u00f6ffnet. \u201eDer Auf- und Ausbau des Leistungsportfolios von ENLITE<sup>\u00ae<\/sup> in Nordrhein-Westfalen folgt der Unternehmensstrategie nach \u00fcberregionaler Diversifizierung und dem Ausbau bew\u00e4hrter Leistungsbereiche. <\/i><\/p>\n<p>\u201eDies ist unsere Antwort auf Anfragen von Kunden, die wir gerne lokal bedienen\u201c, so Mischka Stollner, Gesch\u00e4ftsf\u00fchrer von ENLITE<sup>\u00ae<\/sup>. ENLITE\u00ae hat f\u00fcr den Aufbau des neuen Standorts NRW ein B\u00fcro in zentraler Lage in Essen bezogen. Erst vor wenigen Jahren hat ENLITE\u00ae den Standort Hamburg er\u00f6ffnet, der seither von Standortleiter Dr. Thorsten J. Granzow weiter auf- und ausgebaut wird.<\/p>\n<p>Michael Bl\u00e4sen (42) \u00fcbernimmt zum 1.9.2020 die Standortleitung NRW. Bl\u00e4sen hat Europ\u00e4isches Baumanagement im In- und Ausland studiert und ist seit \u00fcber f\u00fcnfzehn Jahren im Organisations- und Prozessmanagement t\u00e4tig. Viele Jahre davon war er als Leiter und Gesch\u00e4ftsf\u00fchrer f\u00fcr verschiedene Unternehmensbereiche und -einheiten verantwortlich. \u201eIch bringe meine Kenntnisse und F\u00e4higkeiten gerne in Kundenprojekte und insbesondere in die Schaffung von zielf\u00fchrenden, ordnungsgem\u00e4\u00dfen und verl\u00e4sslichen Gesch\u00e4ftsprozessen ein. Dies funktioniert seit Jahren hervorragend \u00fcber verteilte interdisziplin\u00e4re Teams, und ich freue mich auf die neuen Aufgaben bei ENLITE<sup>\u00ae<\/sup>.\u201c<\/p>\n<p>Dr. Robert van de Sandt, Gesch\u00e4ftsf\u00fchrer von ENLITE<sup>\u00ae<\/sup>, sagt: \u201eMit Michael Bl\u00e4sen gewinnen wir einen erfahrenen und versierten Prozessmanager. Er versteht die an ihn gestellten Anliegen und Anforderungen, strukturiert diese und f\u00fchrt sie zu einer f\u00fcr den Kunden mehrwertbringenden L\u00f6sung. Insbesondere seine Erfahrungen aus der Energieerzeugung und dem Beratungsgesch\u00e4ft lassen ihn auch vor komplexen und langwierigen Aufgaben nicht zur\u00fcckschrecken. Wir freuen uns auf die Zusammenarbeit.\u201c<\/p>\n<p>About ENLITE<sup>\u00ae<\/sup>:<\/p>\n<p>ENLITE<sup>\u00ae<\/sup> ist als etablierte Management- und Technologieberatung mit Fokus auf die Energiewirtschaft seit \u00fcber 15 Jahren erfolgreich am Markt vertreten. ENLITE<sup>\u00ae<\/sup> begleitet mit \u00fcber 60 Beraterinnen und Beratern F\u00fchrungskr\u00e4fte bei der Gestaltung und Umsetzung ihrer Projekte. Dabei liegen die St\u00e4rken in den Beratungsfeldern Projektmanagement und Projektsteuerung f\u00fcr Infrastrukturprojekte, Organisations- und Prozessberatung, Managementsysteme und Zertifizierungsvorbereitungen sowie IT- und Digitalisierungsberatung.<\/p>\n<p>ENLITE\u00ae Management &amp; Engineering GmbH<\/p>\n<p><strong>Standort NRW:<\/strong><\/p>\n<p>Bredeneyer Str. 2b, 41533 Essen<\/p>\n<p><strong>Standort Hamburg: <\/strong><\/p>\n<p>Kurze M\u00fchren 6, 20095 Hamburg<\/p>\n<p><strong>Hauptsitz Berlin: <\/strong><\/p>\n<p>Keithstra\u00dfe 10, 10787 Berlin<\/p>\n<p style=\"color: #000000;font-style: normal;text-align: start\">\n<\/div><\/div><\/div><\/div><\/div>","protected":false},"excerpt":{"rendered":"<p>Berlin: Am 1.9.2020 hat die ENLITE\u00ae Management &amp; Engineering GmbH aus Berlin im nordrhein-westf\u00e4lischen Essen ihren dritten Standort er\u00f6ffnet. \u201eDer Auf- und Ausbau des Leistungsportfolios von ENLITE\u00ae in Nordrhein-Westfalen folgt der Unternehmensstrategie nach \u00fcberregionaler Diversifizierung und dem Ausbau bew\u00e4hrter Leistungsbereiche. <\/p>","protected":false},"author":3,"featured_media":4812,"comment_status":"closed","ping_status":"open","sticky":false,"template":"","format":"standard","meta":{"footnotes":""},"categories":[1],"tags":[],"class_list":["post-2242","post","type-post","status-publish","format-standard","has-post-thumbnail","hentry","category-allgemein"],"yoast_head":"<!-- This site is optimized with the Yoast SEO plugin v27.5 - https:\/\/yoast.com\/product\/yoast-seo-wordpress\/ -->\n<title>ENLITE er\u00f6ffnet Standort NRW mit Michael Bl\u00e4sen als Standortleiter - ENLITE Management and Engineering<\/title>\n<meta name=\"robots\" content=\"index, follow, max-snippet:-1, max-image-preview:large, max-video-preview:-1\" \/>\n<link rel=\"canonical\" href=\"https:\/\/enlite.de\/en\/enlite-eroffnet-neuen-standort-in-nrw\/\" \/>\n<meta property=\"og:locale\" content=\"en_US\" \/>\n<meta property=\"og:type\" content=\"article\" \/>\n<meta property=\"og:title\" content=\"ENLITE er\u00f6ffnet Standort NRW mit Michael Bl\u00e4sen als Standortleiter - ENLITE Management and Engineering\" \/>\n<meta property=\"og:description\" content=\"Berlin: Am 1.9.2020 hat die ENLITE\u00ae Management &amp; Engineering GmbH aus Berlin im nordrhein-westf\u00e4lischen Essen ihren dritten Standort er\u00f6ffnet. \u201eDer Auf- und Ausbau des Leistungsportfolios von ENLITE\u00ae in Nordrhein-Westfalen folgt der Unternehmensstrategie nach \u00fcberregionaler Diversifizierung und dem Ausbau bew\u00e4hrter Leistungsbereiche.\" \/>\n<meta property=\"og:url\" content=\"https:\/\/enlite.de\/en\/enlite-eroffnet-neuen-standort-in-nrw\/\" \/>\n<meta property=\"og:site_name\" content=\"ENLITE Management and Engineering\" \/>\n<meta property=\"article:published_time\" content=\"2020-09-07T14:33:06+00:00\" \/>\n<meta property=\"article:modified_time\" content=\"2024-07-30T08:52:47+00:00\" \/>\n<meta property=\"og:image\" content=\"https:\/\/enlite.de\/wp-content\/uploads\/sites\/6\/2024\/07\/Pressefoto.png\" \/>\n\t<meta property=\"og:image:width\" content=\"1865\" \/>\n\t<meta property=\"og:image:height\" content=\"462\" \/>\n\t<meta property=\"og:image:type\" content=\"image\/png\" \/>\n<meta name=\"author\" content=\"Redaktion\" \/>\n<meta name=\"twitter:card\" content=\"summary_large_image\" \/>\n<meta name=\"twitter:label1\" content=\"Written by\" \/>\n\t<meta name=\"twitter:data1\" content=\"Redaktion\" \/>\n\t<meta name=\"twitter:label2\" content=\"Est. reading time\" \/>\n\t<meta name=\"twitter:data2\" content=\"3 minutes\" \/>\n<script type=\"application\/ld+json\" class=\"yoast-schema-graph\">{\"@context\":\"https:\\\/\\\/schema.org\",\"@graph\":[{\"@type\":\"Article\",\"@id\":\"https:\\\/\\\/enlite.de\\\/enlite-eroffnet-neuen-standort-in-nrw\\\/#article\",\"isPartOf\":{\"@id\":\"https:\\\/\\\/enlite.de\\\/enlite-eroffnet-neuen-standort-in-nrw\\\/\"},\"author\":{\"name\":\"Redaktion\",\"@id\":\"https:\\\/\\\/enlite.de\\\/#\\\/schema\\\/person\\\/52a79322edcd94cd0015dce06caefac1\"},\"headline\":\"ENLITE er\u00f6ffnet Standort NRW mit Michael Bl\u00e4sen als Standortleiter\",\"datePublished\":\"2020-09-07T14:33:06+00:00\",\"dateModified\":\"2024-07-30T08:52:47+00:00\",\"mainEntityOfPage\":{\"@id\":\"https:\\\/\\\/enlite.de\\\/enlite-eroffnet-neuen-standort-in-nrw\\\/\"},\"wordCount\":531,\"image\":{\"@id\":\"https:\\\/\\\/enlite.de\\\/enlite-eroffnet-neuen-standort-in-nrw\\\/#primaryimage\"},\"thumbnailUrl\":\"https:\\\/\\\/enlite.de\\\/wp-content\\\/uploads\\\/sites\\\/6\\\/2024\\\/07\\\/Pressefoto.png\",\"articleSection\":[\"Allgemein\"],\"inLanguage\":\"en-US\"},{\"@type\":\"WebPage\",\"@id\":\"https:\\\/\\\/enlite.de\\\/enlite-eroffnet-neuen-standort-in-nrw\\\/\",\"url\":\"https:\\\/\\\/enlite.de\\\/enlite-eroffnet-neuen-standort-in-nrw\\\/\",\"name\":\"ENLITE er\u00f6ffnet Standort NRW mit Michael Bl\u00e4sen als Standortleiter - ENLITE Management and Engineering\",\"isPartOf\":{\"@id\":\"https:\\\/\\\/enlite.de\\\/#website\"},\"primaryImageOfPage\":{\"@id\":\"https:\\\/\\\/enlite.de\\\/enlite-eroffnet-neuen-standort-in-nrw\\\/#primaryimage\"},\"image\":{\"@id\":\"https:\\\/\\\/enlite.de\\\/enlite-eroffnet-neuen-standort-in-nrw\\\/#primaryimage\"},\"thumbnailUrl\":\"https:\\\/\\\/enlite.de\\\/wp-content\\\/uploads\\\/sites\\\/6\\\/2024\\\/07\\\/Pressefoto.png\",\"datePublished\":\"2020-09-07T14:33:06+00:00\",\"dateModified\":\"2024-07-30T08:52:47+00:00\",\"author\":{\"@id\":\"https:\\\/\\\/enlite.de\\\/#\\\/schema\\\/person\\\/52a79322edcd94cd0015dce06caefac1\"},\"breadcrumb\":{\"@id\":\"https:\\\/\\\/enlite.de\\\/enlite-eroffnet-neuen-standort-in-nrw\\\/#breadcrumb\"},\"inLanguage\":\"en-US\",\"potentialAction\":[{\"@type\":\"ReadAction\",\"target\":[\"https:\\\/\\\/enlite.de\\\/enlite-eroffnet-neuen-standort-in-nrw\\\/\"]}]},{\"@type\":\"ImageObject\",\"inLanguage\":\"en-US\",\"@id\":\"https:\\\/\\\/enlite.de\\\/enlite-eroffnet-neuen-standort-in-nrw\\\/#primaryimage\",\"url\":\"https:\\\/\\\/enlite.de\\\/wp-content\\\/uploads\\\/sites\\\/6\\\/2024\\\/07\\\/Pressefoto.png\",\"contentUrl\":\"https:\\\/\\\/enlite.de\\\/wp-content\\\/uploads\\\/sites\\\/6\\\/2024\\\/07\\\/Pressefoto.png\",\"width\":1865,\"height\":462,\"caption\":\"4 ENLITE Mitarbeiter mit einer Windkraftanlage im Hintergrund\"},{\"@type\":\"BreadcrumbList\",\"@id\":\"https:\\\/\\\/enlite.de\\\/enlite-eroffnet-neuen-standort-in-nrw\\\/#breadcrumb\",\"itemListElement\":[{\"@type\":\"ListItem\",\"position\":1,\"name\":\"Startseite\",\"item\":\"https:\\\/\\\/enlite.de\\\/\"},{\"@type\":\"ListItem\",\"position\":2,\"name\":\"ENLITE er\u00f6ffnet Standort NRW mit Michael Bl\u00e4sen als Standortleiter\"}]},{\"@type\":\"WebSite\",\"@id\":\"https:\\\/\\\/enlite.de\\\/#website\",\"url\":\"https:\\\/\\\/enlite.de\\\/\",\"name\":\"ENLITE Management and Engineering\",\"description\":\"\",\"potentialAction\":[{\"@type\":\"SearchAction\",\"target\":{\"@type\":\"EntryPoint\",\"urlTemplate\":\"https:\\\/\\\/enlite.de\\\/?s={search_term_string}\"},\"query-input\":{\"@type\":\"PropertyValueSpecification\",\"valueRequired\":true,\"valueName\":\"search_term_string\"}}],\"inLanguage\":\"en-US\"},{\"@type\":\"Person\",\"@id\":\"https:\\\/\\\/enlite.de\\\/#\\\/schema\\\/person\\\/52a79322edcd94cd0015dce06caefac1\",\"name\":\"Redaktion\",\"image\":{\"@type\":\"ImageObject\",\"inLanguage\":\"en-US\",\"@id\":\"https:\\\/\\\/secure.gravatar.com\\\/avatar\\\/114afc5f9a8d6580738c5a81ff48185fbfb3142f7bbe3fc62429ffeb8b816b6a?s=96&d=mm&r=g\",\"url\":\"https:\\\/\\\/secure.gravatar.com\\\/avatar\\\/114afc5f9a8d6580738c5a81ff48185fbfb3142f7bbe3fc62429ffeb8b816b6a?s=96&d=mm&r=g\",\"contentUrl\":\"https:\\\/\\\/secure.gravatar.com\\\/avatar\\\/114afc5f9a8d6580738c5a81ff48185fbfb3142f7bbe3fc62429ffeb8b816b6a?s=96&d=mm&r=g\",\"caption\":\"Redaktion\"},\"url\":\"https:\\\/\\\/enlite.de\\\/en\\\/author\\\/redaktion\\\/\"}]}<\/script>\n<!-- \/ Yoast SEO plugin. -->","yoast_head_json":{"title":"ENLITE er\u00f6ffnet Standort NRW mit Michael Bl\u00e4sen als Standortleiter - ENLITE Management and Engineering","robots":{"index":"index","follow":"follow","max-snippet":"max-snippet:-1","max-image-preview":"max-image-preview:large","max-video-preview":"max-video-preview:-1"},"canonical":"https:\/\/enlite.de\/en\/enlite-eroffnet-neuen-standort-in-nrw\/","og_locale":"en_US","og_type":"article","og_title":"ENLITE er\u00f6ffnet Standort NRW mit Michael Bl\u00e4sen als Standortleiter - ENLITE Management and Engineering","og_description":"Berlin: Am 1.9.2020 hat die ENLITE\u00ae Management &amp; Engineering GmbH aus Berlin im nordrhein-westf\u00e4lischen Essen ihren dritten Standort er\u00f6ffnet. \u201eDer Auf- und Ausbau des Leistungsportfolios von ENLITE\u00ae in Nordrhein-Westfalen folgt der Unternehmensstrategie nach \u00fcberregionaler Diversifizierung und dem Ausbau bew\u00e4hrter Leistungsbereiche.","og_url":"https:\/\/enlite.de\/en\/enlite-eroffnet-neuen-standort-in-nrw\/","og_site_name":"ENLITE Management and Engineering","article_published_time":"2020-09-07T14:33:06+00:00","article_modified_time":"2024-07-30T08:52:47+00:00","og_image":[{"width":1865,"height":462,"url":"https:\/\/enlite.de\/wp-content\/uploads\/sites\/6\/2024\/07\/Pressefoto.png","type":"image\/png"}],"author":"Redaktion","twitter_card":"summary_large_image","twitter_misc":{"Written by":"Redaktion","Est. reading time":"3 minutes"},"schema":{"@context":"https:\/\/schema.org","@graph":[{"@type":"Article","@id":"https:\/\/enlite.de\/enlite-eroffnet-neuen-standort-in-nrw\/#article","isPartOf":{"@id":"https:\/\/enlite.de\/enlite-eroffnet-neuen-standort-in-nrw\/"},"author":{"name":"Redaktion","@id":"https:\/\/enlite.de\/#\/schema\/person\/52a79322edcd94cd0015dce06caefac1"},"headline":"ENLITE er\u00f6ffnet Standort NRW mit Michael Bl\u00e4sen als Standortleiter","datePublished":"2020-09-07T14:33:06+00:00","dateModified":"2024-07-30T08:52:47+00:00","mainEntityOfPage":{"@id":"https:\/\/enlite.de\/enlite-eroffnet-neuen-standort-in-nrw\/"},"wordCount":531,"image":{"@id":"https:\/\/enlite.de\/enlite-eroffnet-neuen-standort-in-nrw\/#primaryimage"},"thumbnailUrl":"https:\/\/enlite.de\/wp-content\/uploads\/sites\/6\/2024\/07\/Pressefoto.png","articleSection":["Allgemein"],"inLanguage":"en-US"},{"@type":"WebPage","@id":"https:\/\/enlite.de\/enlite-eroffnet-neuen-standort-in-nrw\/","url":"https:\/\/enlite.de\/enlite-eroffnet-neuen-standort-in-nrw\/","name":"ENLITE er\u00f6ffnet Standort NRW mit Michael Bl\u00e4sen als Standortleiter - ENLITE Management and Engineering","isPartOf":{"@id":"https:\/\/enlite.de\/#website"},"primaryImageOfPage":{"@id":"https:\/\/enlite.de\/enlite-eroffnet-neuen-standort-in-nrw\/#primaryimage"},"image":{"@id":"https:\/\/enlite.de\/enlite-eroffnet-neuen-standort-in-nrw\/#primaryimage"},"thumbnailUrl":"https:\/\/enlite.de\/wp-content\/uploads\/sites\/6\/2024\/07\/Pressefoto.png","datePublished":"2020-09-07T14:33:06+00:00","dateModified":"2024-07-30T08:52:47+00:00","author":{"@id":"https:\/\/enlite.de\/#\/schema\/person\/52a79322edcd94cd0015dce06caefac1"},"breadcrumb":{"@id":"https:\/\/enlite.de\/enlite-eroffnet-neuen-standort-in-nrw\/#breadcrumb"},"inLanguage":"en-US","potentialAction":[{"@type":"ReadAction","target":["https:\/\/enlite.de\/enlite-eroffnet-neuen-standort-in-nrw\/"]}]},{"@type":"ImageObject","inLanguage":"en-US","@id":"https:\/\/enlite.de\/enlite-eroffnet-neuen-standort-in-nrw\/#primaryimage","url":"https:\/\/enlite.de\/wp-content\/uploads\/sites\/6\/2024\/07\/Pressefoto.png","contentUrl":"https:\/\/enlite.de\/wp-content\/uploads\/sites\/6\/2024\/07\/Pressefoto.png","width":1865,"height":462,"caption":"4 ENLITE Mitarbeiter mit einer Windkraftanlage im Hintergrund"},{"@type":"BreadcrumbList","@id":"https:\/\/enlite.de\/enlite-eroffnet-neuen-standort-in-nrw\/#breadcrumb","itemListElement":[{"@type":"ListItem","position":1,"name":"Startseite","item":"https:\/\/enlite.de\/"},{"@type":"ListItem","position":2,"name":"ENLITE er\u00f6ffnet Standort NRW mit Michael Bl\u00e4sen als Standortleiter"}]},{"@type":"WebSite","@id":"https:\/\/enlite.de\/#website","url":"https:\/\/enlite.de\/","name":"ENLITE Management and Engineering","description":"","potentialAction":[{"@type":"SearchAction","target":{"@type":"EntryPoint","urlTemplate":"https:\/\/enlite.de\/?s={search_term_string}"},"query-input":{"@type":"PropertyValueSpecification","valueRequired":true,"valueName":"search_term_string"}}],"inLanguage":"en-US"},{"@type":"Person","@id":"https:\/\/enlite.de\/#\/schema\/person\/52a79322edcd94cd0015dce06caefac1","name":"Redaktion","image":{"@type":"ImageObject","inLanguage":"en-US","@id":"https:\/\/secure.gravatar.com\/avatar\/114afc5f9a8d6580738c5a81ff48185fbfb3142f7bbe3fc62429ffeb8b816b6a?s=96&d=mm&r=g","url":"https:\/\/secure.gravatar.com\/avatar\/114afc5f9a8d6580738c5a81ff48185fbfb3142f7bbe3fc62429ffeb8b816b6a?s=96&d=mm&r=g","contentUrl":"https:\/\/secure.gravatar.com\/avatar\/114afc5f9a8d6580738c5a81ff48185fbfb3142f7bbe3fc62429ffeb8b816b6a?s=96&d=mm&r=g","caption":"Redaktion"},"url":"https:\/\/enlite.de\/en\/author\/redaktion\/"}]}},"_links":{"self":[{"href":"https:\/\/enlite.de\/en\/wp-json\/wp\/v2\/posts\/2242","targetHints":{"allow":["GET"]}}],"collection":[{"href":"https:\/\/enlite.de\/en\/wp-json\/wp\/v2\/posts"}],"about":[{"href":"https:\/\/enlite.de\/en\/wp-json\/wp\/v2\/types\/post"}],"author":[{"embeddable":true,"href":"https:\/\/enlite.de\/en\/wp-json\/wp\/v2\/users\/3"}],"replies":[{"embeddable":true,"href":"https:\/\/enlite.de\/en\/wp-json\/wp\/v2\/comments?post=2242"}],"version-history":[{"count":2,"href":"https:\/\/enlite.de\/en\/wp-json\/wp\/v2\/posts\/2242\/revisions"}],"predecessor-version":[{"id":4814,"href":"https:\/\/enlite.de\/en\/wp-json\/wp\/v2\/posts\/2242\/revisions\/4814"}],"wp:featuredmedia":[{"embeddable":true,"href":"https:\/\/enlite.de\/en\/wp-json\/wp\/v2\/media\/4812"}],"wp:attachment":[{"href":"https:\/\/enlite.de\/en\/wp-json\/wp\/v2\/media?parent=2242"}],"wp:term":[{"taxonomy":"category","embeddable":true,"href":"https:\/\/enlite.de\/en\/wp-json\/wp\/v2\/categories?post=2242"},{"taxonomy":"post_tag","embeddable":true,"href":"https:\/\/enlite.de\/en\/wp-json\/wp\/v2\/tags?post=2242"}],"curies":[{"name":"wp","href":"https:\/\/api.w.org\/{rel}","templated":true}]}}